{"id":91984,"date":"2026-01-01T19:37:17","date_gmt":"2026-01-01T19:37:17","guid":{"rendered":"https:\/\/www.europesays.com\/lv\/91984\/"},"modified":"2026-01-01T19:37:17","modified_gmt":"2026-01-01T19:37:17","slug":"video-%e2%9f%a9-ugunsgreks-sveices-sleposanas-kurorta-apmeram-40-bojagajuso","status":"publish","type":"post","link":"https:\/\/www.europesays.com\/lv\/91984\/","title":{"rendered":"VIDEO \u27e9 Ugunsgr\u0113ks \u0160veices sl\u0113po\u0161anas k\u016brort\u0101: apm\u0113ram 40 boj\u0101g\u0101ju\u0161o"},"content":{"rendered":"<p>Iepriek\u0161 policija pazi\u0146oja, ka g\u0101ju\u0161i boj\u0101 vair\u0101ki desmiti un ievainoti aptuveni 100 cilv\u0113ku, k\u0101 ar\u012b nor\u0101d\u012bja, ka nav skaidr\u012bbas par prec\u012bz\u0101ku skaitu, piebilstot, ka notiek boj\u0101g\u0101ju\u0161o identific\u0113\u0161ana.<\/p>\n<p>Daudzi ievainotie, kas nog\u0101d\u0101ti da\u017e\u0101d\u0101s \u0160veices slimn\u012bc\u0101s, ir smag\u0101 st\u0101vokl\u012b. B\u0101r\u0101 biju\u0161i daudzi gados jauni cilv\u0113ki, t\u0101, piem\u0113ram, slimn\u012bc\u0101 Lozann\u0101 nog\u0101d\u0101ti 22 ievainotie 16 l\u012bdz 26 gadu vecum\u0101.<\/p>\n<p><a href=\"https:\/\/www.apollo.lv\/term\/555502\/ugunsgreks\" class=\"topicLink\" target=\"_blank\" rel=\"nofollow noopener\">Ugunsgr\u0113ks<\/a> izc\u0113lies ap pulksten 1.30 (2.30 p\u0113c Latvijas laika) b\u0101r\u0101 &#8220;Le Constellation&#8221;.<\/p>\n<blockquote class=\"quote ck-widget\" contenteditable=\"false\">\n<p>Notiek izmekl\u0113\u0161ana, lai noskaidrotu ugunsgr\u0113ka c\u0113loni, nor\u0101d\u012bja policija, piebilstot, ka nekas neliecina par to, ka b\u016btu noticis uzbrukums.<\/p>\n<\/blockquote>\n<p>Divas sievietes, kas biju\u0161as b\u0101r\u0101, past\u0101st\u012bja Francijas raidorganiz\u0101cijai BFMTV, ka vi\u0146as redz\u0113ju\u0161as b\u0101rmeni, kas uz pleciem nesis b\u0101ra darbinieci, kurai rok\u0101s bijusi pudel\u0113 iesprausta dego\u0161a svece, kas aizdedzin\u0101jusi koka griestus. Liesmas izplat\u012bju\u0161\u0101s un griesti iebruku\u0161i.<\/p>\n<blockquote class=\"quote ck-widget\" contenteditable=\"false\">\n<p>\u0160veices mediji pirms tam v\u0113st\u012bja, ka ugunsgr\u0113ku var\u0113tu b\u016bt izrais\u012bjusi b\u0101r\u0101 notiku\u0161\u0101 koncerta laik\u0101 izmantot\u0101 pirotehnika.<\/p>\n<\/blockquote>\n","protected":false},"excerpt":{"rendered":"Iepriek\u0161 policija pazi\u0146oja, ka g\u0101ju\u0161i boj\u0101 vair\u0101ki desmiti un ievainoti aptuveni 100 cilv\u0113ku, k\u0101 ar\u012b nor\u0101d\u012bja, ka nav&hellip;\n","protected":false},"author":2,"featured_media":91985,"comment_status":"","ping_status":"","sticky":false,"template":"","format":"standard","meta":{"footnotes":""},"categories":[5],"tags":[23,28,29,32,33,22,30,31,35,39,38,36,37,34,40,20,26,27,7239,24,25,377,21],"class_list":{"0":"post-91984","1":"post","2":"type-post","3":"status-publish","4":"format-standard","5":"has-post-thumbnail","7":"category-aktualitates","8":"tag-aktualitates","9":"tag-breaking-news","10":"tag-breakingnews","11":"tag-featured-news","12":"tag-featurednews","13":"tag-headlines","14":"tag-latest-news","15":"tag-latestnews","16":"tag-latvia","17":"tag-latvian","18":"tag-latviesu","19":"tag-latviesu-valoda","20":"tag-latviesuvaloda","21":"tag-latvija","22":"tag-lv","23":"tag-news","24":"tag-popularakas-zinas","25":"tag-popularakaszinas","26":"tag-sveice","27":"tag-top-stories","28":"tag-topstories","29":"tag-ugunsgreks","30":"tag-zinas"},"share_on_mastodon":{"url":"https:\/\/pubeurope.com\/@lv\/115821533115201758","error":""},"_links":{"self":[{"href":"https:\/\/www.europesays.com\/lv\/wp-json\/wp\/v2\/posts\/91984","targetHints":{"allow":["GET"]}}],"collection":[{"href":"https:\/\/www.europesays.com\/lv\/wp-json\/wp\/v2\/posts"}],"about":[{"href":"https:\/\/www.europesays.com\/lv\/wp-json\/wp\/v2\/types\/post"}],"author":[{"embeddable":true,"href":"https:\/\/www.europesays.com\/lv\/wp-json\/wp\/v2\/users\/2"}],"replies":[{"embeddable":true,"href":"https:\/\/www.europesays.com\/lv\/wp-json\/wp\/v2\/comments?post=91984"}],"version-history":[{"count":0,"href":"https:\/\/www.europesays.com\/lv\/wp-json\/wp\/v2\/posts\/91984\/revisions"}],"wp:featuredmedia":[{"embeddable":true,"href":"https:\/\/www.europesays.com\/lv\/wp-json\/wp\/v2\/media\/91985"}],"wp:attachment":[{"href":"https:\/\/www.europesays.com\/lv\/wp-json\/wp\/v2\/media?parent=91984"}],"wp:term":[{"taxonomy":"category","embeddable":true,"href":"https:\/\/www.europesays.com\/lv\/wp-json\/wp\/v2\/categories?post=91984"},{"taxonomy":"post_tag","embeddable":true,"href":"https:\/\/www.europesays.com\/lv\/wp-json\/wp\/v2\/tags?post=91984"}],"curies":[{"name":"wp","href":"https:\/\/api.w.org\/{rel}","templated":true}]}}