{"id":91994,"date":"2026-01-01T20:00:03","date_gmt":"2026-01-01T20:00:03","guid":{"rendered":"https:\/\/www.europesays.com\/lv\/91994\/"},"modified":"2026-01-01T20:00:03","modified_gmt":"2026-01-01T20:00:03","slug":"valsts-prezidents-izsaka-lidzjutibu-vairai-vikei-freibergai-un-gimenei-imantu-freibergu-muziba-pavadot","status":"publish","type":"post","link":"https:\/\/www.europesays.com\/lv\/91994\/","title":{"rendered":"Valsts prezidents izsaka l\u012bdzj\u016bt\u012bbu Vairai V\u012b\u0137ei-Freibergai un \u0123imenei, Imantu Freibergu m\u016b\u017e\u012bb\u0101 pavadot"},"content":{"rendered":"<p>1. janv\u0101r\u012b Valsts prezidents Edgars Rink\u0113vi\u010ds izteicis visdzi\u013c\u0101ko l\u012bdzj\u016bt\u012bbu Vairai V\u012b\u0137ei-Freibergai un \u0123imenei, dz\u012bvesbiedru Imantu Freibergu (1934\u20132026) m\u016b\u017e\u012bb\u0101 pavadot. <\/p>\n<p>&#8220;Imanta Freiberga zin\u0101tniskais un sabiedriskais veikums visa m\u016b\u017ea garum\u0101 kalpojis Latvijai un nesis t\u0101s v\u0101rdu pasaul\u0113. Imanta Freiberga intelektu\u0101lais devums latvie\u0161u tautasdziesmu digitaliz\u0101cij\u0101 ir palieko\u0161a v\u0113rt\u012bba latvie\u0161u folkloras saglab\u0101\u0161an\u0101 n\u0101kamaj\u0101m paaudz\u0113m. Izsaku visdzi\u013c\u0101ko l\u012bdzj\u016bt\u012bbu Vairai V\u012b\u0137ei-Freibergai un \u0123imenei, dz\u012bvesbiedru un stipro balstu Imantu Freibergu m\u016b\u017e\u012bb\u0101 pavadot,&#8221; rakst\u012bts Valsts prezidenta l\u012bdzj\u016bt\u012bb\u0101.<\/p>\n<p>          <img decoding=\"async\" src=\"https:\/\/www.europesays.com\/lv\/wp-content\/uploads\/2025\/12\/1765959310_789_logo-lv.png\" alt=\"\"\/><\/p>\n<p>                  \u0160\u012b inform\u0101cija ir publisks pazi\u0146ojums un neatspogu\u013co LV port\u0101la viedokli. Par t\u0101s saturu atbild ies\u016bt\u012bt\u0101js. <a data-popup=\"rules\">Public\u0113\u0161anas noteikumi<\/a><\/p>\n","protected":false},"excerpt":{"rendered":"1. janv\u0101r\u012b Valsts prezidents Edgars Rink\u0113vi\u010ds izteicis visdzi\u013c\u0101ko l\u012bdzj\u016bt\u012bbu Vairai V\u012b\u0137ei-Freibergai un \u0123imenei, dz\u012bvesbiedru Imantu Freibergu (1934\u20132026) m\u016b\u017e\u012bb\u0101&hellip;\n","protected":false},"author":2,"featured_media":79472,"comment_status":"","ping_status":"","sticky":false,"template":"","format":"standard","meta":{"footnotes":""},"categories":[12],"tags":[23,28,29,32,33,22,30,31,35,39,38,36,37,34,40,20,26,27,24,25,21],"class_list":{"0":"post-91994","1":"post","2":"type-post","3":"status-publish","4":"format-standard","5":"has-post-thumbnail","7":"category-latvija","8":"tag-aktualitates","9":"tag-breaking-news","10":"tag-breakingnews","11":"tag-featured-news","12":"tag-featurednews","13":"tag-headlines","14":"tag-latest-news","15":"tag-latestnews","16":"tag-latvia","17":"tag-latvian","18":"tag-latviesu","19":"tag-latviesu-valoda","20":"tag-latviesuvaloda","21":"tag-latvija","22":"tag-lv","23":"tag-news","24":"tag-popularakas-zinas","25":"tag-popularakaszinas","26":"tag-top-stories","27":"tag-topstories","28":"tag-zinas"},"share_on_mastodon":{"url":"https:\/\/pubeurope.com\/@lv\/115821623519645281","error":""},"_links":{"self":[{"href":"https:\/\/www.europesays.com\/lv\/wp-json\/wp\/v2\/posts\/91994","targetHints":{"allow":["GET"]}}],"collection":[{"href":"https:\/\/www.europesays.com\/lv\/wp-json\/wp\/v2\/posts"}],"about":[{"href":"https:\/\/www.europesays.com\/lv\/wp-json\/wp\/v2\/types\/post"}],"author":[{"embeddable":true,"href":"https:\/\/www.europesays.com\/lv\/wp-json\/wp\/v2\/users\/2"}],"replies":[{"embeddable":true,"href":"https:\/\/www.europesays.com\/lv\/wp-json\/wp\/v2\/comments?post=91994"}],"version-history":[{"count":0,"href":"https:\/\/www.europesays.com\/lv\/wp-json\/wp\/v2\/posts\/91994\/revisions"}],"wp:featuredmedia":[{"embeddable":true,"href":"https:\/\/www.europesays.com\/lv\/wp-json\/wp\/v2\/media\/79472"}],"wp:attachment":[{"href":"https:\/\/www.europesays.com\/lv\/wp-json\/wp\/v2\/media?parent=91994"}],"wp:term":[{"taxonomy":"category","embeddable":true,"href":"https:\/\/www.europesays.com\/lv\/wp-json\/wp\/v2\/categories?post=91994"},{"taxonomy":"post_tag","embeddable":true,"href":"https:\/\/www.europesays.com\/lv\/wp-json\/wp\/v2\/tags?post=91994"}],"curies":[{"name":"wp","href":"https:\/\/api.w.org\/{rel}","templated":true}]}}