{"id":92023,"date":"2026-01-01T20:43:06","date_gmt":"2026-01-01T20:43:06","guid":{"rendered":"https:\/\/www.europesays.com\/lv\/92023\/"},"modified":"2026-01-01T20:43:06","modified_gmt":"2026-01-01T20:43:06","slug":"tesla-dibina-meitasuznemumus-latvija-un-igaunija-lente-lv-3","status":"publish","type":"post","link":"https:\/\/www.europesays.com\/lv\/92023\/","title":{"rendered":"Tesla dibina meitasuz\u0146\u0113mumus Latvij\u0101 un Igaunij\u0101\u00a0\u2014\u00a0Lente.lv"},"content":{"rendered":"<p>Tesla papla\u0161ina darb\u012bbu Baltij\u0101<\/p>\n<p>Vado\u0161ais elektroauto ra\u017eot\u0101js \u201cTesla\u201d ir re\u0123istr\u0113jis savu meitasuz\u0146\u0113mumu Igaunij\u0101. \u0160\u012b zi\u0146a seko p\u0113c tam, kad novembr\u012b l\u012bdz\u012bgs uz\u0146\u0113mums tika dibin\u0101ts ar\u012b Latvij\u0101. T\u0101d\u0113j\u0101di komp\u0101nija, kuru vada Ilons Masks, turpina savu strat\u0113\u0123isko izv\u0113r\u0161anos Baltijas valst\u012bs.<\/p>\n<p>Invest\u012bcijas un serviss Baltijas tirg\u016b<\/p>\n<p>\u0160is gads \u201cTesla\u201d ir bijis akt\u012bvs attiec\u012bb\u0101 uz Latvijas un Igaunijas tirgiem. Jau agr\u0101k tika atkl\u0101ta pirm\u0101 \u201cSuperCharger\u201d uzl\u0101des stacija P\u0113rnav\u0101, Igaunij\u0101. T\u0101pat Lietuv\u0101 tika atkl\u0101ts gan fizisks veikals, gan ar\u012b servisa centrs. Gada izska\u0146\u0101 komp\u0101nija stiprin\u0101ja savu kl\u0101tb\u016btni, re\u0123istr\u0113jot viet\u0113jos juridiskos uz\u0146\u0113mumus gan Latvij\u0101, gan Igaunij\u0101.<\/p>\n<p>Jaunas iesp\u0113jas Tesla \u012bpa\u0161niekiem<\/p>\n<p>L\u012bdz \u0161im Latvijas un Igaunijas iedz\u012bvot\u0101ji, kuri v\u0113l\u0113j\u0101s ieg\u0101d\u0101ties \u201cTesla\u201d automa\u0161\u012bnu, bie\u017ei vien bija spiesti to dar\u012bt caur starpniekiem. Savuk\u0101rt tehnisko apkopi vai remontu gad\u012bjum\u0101 bija j\u0101dodas uz Somiju vai Lietuvu, k\u0101 zi\u0146o port\u0101ls \u201cGeenius\u201d. Jauno meitasuz\u0146\u0113mumu dibin\u0101\u0161ana var\u0113tu vienk\u0101r\u0161ot \u0161os procesus un padar\u012bt \u201cTesla\u201d pieejam\u0101ku Baltijas tirg\u016b.<\/p>\n<p>Re\u0101listiskas prognozes<\/p>\n<p>Lai gan \u201cTesla\u201d aktivit\u0101tes Baltij\u0101 rada optimismu, port\u0101ls \u201cGeenius\u201d mudina \u201cTesla\u201d entuziastus saglab\u0101t re\u0101listisku skat\u012bjumu. Uz\u0146\u0113muma v\u0113stur\u0113 ir biju\u0161i gad\u012bjumi, kad jaunas uzl\u0101des stacijas vai viet\u0113jo juridisko personu dibin\u0101\u0161ana k\u0101d\u0101 valst\u012b v\u0113l nenoz\u012bm\u0113 t\u016bl\u012bt\u0113ju salonu vai servisa centra atkl\u0101\u0161anu.<\/p>\n","protected":false},"excerpt":{"rendered":"Tesla papla\u0161ina darb\u012bbu Baltij\u0101 Vado\u0161ais elektroauto ra\u017eot\u0101js \u201cTesla\u201d ir re\u0123istr\u0113jis savu meitasuz\u0146\u0113mumu Igaunij\u0101. \u0160\u012b zi\u0146a seko p\u0113c tam,&hellip;\n","protected":false},"author":2,"featured_media":90152,"comment_status":"","ping_status":"","sticky":false,"template":"","format":"standard","meta":{"footnotes":""},"categories":[16],"tags":[77,76,2558,73,35,39,38,36,37,34,40,15793,81],"class_list":{"0":"post-92023","1":"post","2":"type-post","3":"status-publish","4":"format-standard","5":"has-post-thumbnail","7":"category-bizness","8":"tag-bizness","9":"tag-business","10":"tag-elektroauto","11":"tag-igaunija","12":"tag-latvia","13":"tag-latvian","14":"tag-latviesu","15":"tag-latviesu-valoda","16":"tag-latviesuvaloda","17":"tag-latvija","18":"tag-lv","19":"tag-meitasuznemums","20":"tag-tesla"},"share_on_mastodon":{"url":"https:\/\/pubeurope.com\/@lv\/115821792609677355","error":""},"_links":{"self":[{"href":"https:\/\/www.europesays.com\/lv\/wp-json\/wp\/v2\/posts\/92023","targetHints":{"allow":["GET"]}}],"collection":[{"href":"https:\/\/www.europesays.com\/lv\/wp-json\/wp\/v2\/posts"}],"about":[{"href":"https:\/\/www.europesays.com\/lv\/wp-json\/wp\/v2\/types\/post"}],"author":[{"embeddable":true,"href":"https:\/\/www.europesays.com\/lv\/wp-json\/wp\/v2\/users\/2"}],"replies":[{"embeddable":true,"href":"https:\/\/www.europesays.com\/lv\/wp-json\/wp\/v2\/comments?post=92023"}],"version-history":[{"count":0,"href":"https:\/\/www.europesays.com\/lv\/wp-json\/wp\/v2\/posts\/92023\/revisions"}],"wp:featuredmedia":[{"embeddable":true,"href":"https:\/\/www.europesays.com\/lv\/wp-json\/wp\/v2\/media\/90152"}],"wp:attachment":[{"href":"https:\/\/www.europesays.com\/lv\/wp-json\/wp\/v2\/media?parent=92023"}],"wp:term":[{"taxonomy":"category","embeddable":true,"href":"https:\/\/www.europesays.com\/lv\/wp-json\/wp\/v2\/categories?post=92023"},{"taxonomy":"post_tag","embeddable":true,"href":"https:\/\/www.europesays.com\/lv\/wp-json\/wp\/v2\/tags?post=92023"}],"curies":[{"name":"wp","href":"https:\/\/api.w.org\/{rel}","templated":true}]}}