{"id":92024,"date":"2026-01-01T20:45:17","date_gmt":"2026-01-01T20:45:17","guid":{"rendered":"https:\/\/www.europesays.com\/lv\/92024\/"},"modified":"2026-01-01T20:45:17","modified_gmt":"2026-01-01T20:45:17","slug":"video-sis-gads-mums-iemacijis-ka-jauzticas-pirmkart-pasiem-sev-rinkevica-uzruna-gadumija","status":"publish","type":"post","link":"https:\/\/www.europesays.com\/lv\/92024\/","title":{"rendered":"VIDEO. \u201c\u0160is gads mums iem\u0101c\u012bjis, ka j\u0101uzticas, pirmk\u0101rt, pa\u0161iem sev!\u201d Rink\u0113vi\u010da uzruna gadumij\u0101"},"content":{"rendered":"<p>    <img decoding=\"async\" src=\"https:\/\/www.europesays.com\/lv\/wp-content\/uploads\/2026\/01\/606450172_25720483830919587_3115034574928770632_n-1024x683.jpg\" alt=\"&#10;\"\/><\/p>\n<p>Foto: Rink\u0113vi\u010ds\/Facebook\n<\/p>\n<p>Latvijas dro\u0161\u012bbas pamats ir sabiedr\u012bbas savstarp\u0113ja uztic\u0113\u0161an\u0101s, atbild\u012bba un pa\u0161u cilv\u0113ku r\u012bc\u012bba ikdien\u0101, sav\u0101 gadumijas uzrun\u0101 uzsv\u0113ra Valsts prezidents Edgars Rink\u0113vi\u010ds.<\/p>\n<p>        Las\u012bt\u0101kie<br \/>\n        <a data-imagesrc=\"{&quot;300&quot;:&quot;https:\\\/\\\/lastatic.ams3.cdn.digitaloceanspaces.com\\\/2026\\\/01\\\/shutterstock_2685252749-300x172.jpg&quot;,&quot;1024&quot;:&quot;https:\\\/\\\/lastatic.ams3.cdn.digitaloceanspaces.com\\\/2026\\\/01\\\/shutterstock_2685252749-1024x589.jpg&quot;,&quot;1536&quot;:&quot;https:\\\/\\\/lastatic.ams3.cdn.digitaloceanspaces.com\\\/2026\\\/01\\\/shutterstock_2685252749-1536x883.jpg&quot;,&quot;500&quot;:&quot;https:\\\/\\\/lastatic.ams3.cdn.digitaloceanspaces.com\\\/2026\\\/01\\\/shutterstock_2685252749-500x287.jpg&quot;,&quot;800&quot;:&quot;https:\\\/\\\/lastatic.ams3.cdn.digitaloceanspaces.com\\\/2026\\\/01\\\/shutterstock_2685252749-800x460.jpg&quot;,&quot;2560&quot;:&quot;https:\\\/\\\/lastatic.ams3.cdn.digitaloceanspaces.com\\\/2026\\\/01\\\/shutterstock_2685252749-scaled.jpg&quot;}\" data-focuspoint=\"&quot;&quot;\" data-p=\"2485210\" href=\"https:\/\/www.la.lv\/lielais-2026-gada-horoskops-visam-zodiaka-zimem-kas-gaidams-attiecibas-finansu-joma-un-kada-bus-veseliba\" class=\"content-item lazy-load\" wp_automatic_readability=\"27\" rel=\"nofollow noopener\" target=\"_blank\"><\/p>\n<p>                                <img decoding=\"async\" src=\"\" alt=\"\" style=\"\" data-imageid=\"\"\/><\/p>\n<p>                                Kokteilis<\/p>\n<p>\n                                                Lielais 2026. gada horoskops vis\u0101m zodiaka z\u012bm\u0113m \u2013 kas gaid\u0101ms attiec\u012bb\u0101s, finan\u0161u jom\u0101 un k\u0101da b\u016bs vesel\u012bba?\n                            <\/p>\n<p><\/a><a data-imagesrc=\"{&quot;300&quot;:&quot;https:\\\/\\\/lastatic.ams3.cdn.digitaloceanspaces.com\\\/2022\\\/06\\\/kallasa_Hollie_Adams_AFP_Scanpix_6-300x200.jpg&quot;,&quot;768&quot;:&quot;https:\\\/\\\/lastatic.ams3.cdn.digitaloceanspaces.com\\\/2022\\\/06\\\/kallasa_Hollie_Adams_AFP_Scanpix_6-768x512.jpg&quot;,&quot;200&quot;:&quot;https:\\\/\\\/lastatic.ams3.cdn.digitaloceanspaces.com\\\/2022\\\/06\\\/kallasa_Hollie_Adams_AFP_Scanpix_6-200x133.jpg&quot;,&quot;400&quot;:&quot;https:\\\/\\\/lastatic.ams3.cdn.digitaloceanspaces.com\\\/2022\\\/06\\\/kallasa_Hollie_Adams_AFP_Scanpix_6-400x267.jpg&quot;,&quot;500&quot;:&quot;https:\\\/\\\/lastatic.ams3.cdn.digitaloceanspaces.com\\\/2022\\\/06\\\/kallasa_Hollie_Adams_AFP_Scanpix_6-500x334.jpg&quot;,&quot;800&quot;:&quot;https:\\\/\\\/lastatic.ams3.cdn.digitaloceanspaces.com\\\/2022\\\/06\\\/kallasa_Hollie_Adams_AFP_Scanpix_6-800x534.jpg&quot;,&quot;1000&quot;:&quot;https:\\\/\\\/lastatic.ams3.cdn.digitaloceanspaces.com\\\/2022\\\/06\\\/kallasa_Hollie_Adams_AFP_Scanpix_6.jpg&quot;}\" data-focuspoint=\"&quot;&quot;\" data-p=\"2487129\" href=\"https:\/\/www.la.lv\/uzbrukums-putina-rezidencei-vecgada-vakara-kallasa-komente-savu-versiju-par-notikuso\" class=\"content-item lazy-load\" wp_automatic_readability=\"26\" rel=\"nofollow noopener\" target=\"_blank\"><\/p>\n<p>                                <img decoding=\"async\" src=\"\" alt=\"\" style=\"\" data-imageid=\"\"\/><\/p>\n<p>\n                                                Uzbrukums Putina rezidencei Vecgada vakar\u0101: Kallasa koment\u0113 savu versiju par notiku\u0161o\n                            <\/p>\n<p><\/a><a data-imagesrc=\"{&quot;300&quot;:&quot;https:\\\/\\\/lastatic.ams3.cdn.digitaloceanspaces.com\\\/2024\\\/10\\\/2016-11-09t120000z_329873471_d1beulvkydaa_rtrmadp_3_russia-politics-1-300x223.jpg&quot;,&quot;768&quot;:&quot;https:\\\/\\\/lastatic.ams3.cdn.digitaloceanspaces.com\\\/2024\\\/10\\\/2016-11-09t120000z_329873471_d1beulvkydaa_rtrmadp_3_russia-politics-1-768x571.jpg&quot;,&quot;200&quot;:&quot;https:\\\/\\\/lastatic.ams3.cdn.digitaloceanspaces.com\\\/2024\\\/10\\\/2016-11-09t120000z_329873471_d1beulvkydaa_rtrmadp_3_russia-politics-1-200x149.jpg&quot;,&quot;400&quot;:&quot;https:\\\/\\\/lastatic.ams3.cdn.digitaloceanspaces.com\\\/2024\\\/10\\\/2016-11-09t120000z_329873471_d1beulvkydaa_rtrmadp_3_russia-politics-1-400x298.jpg&quot;,&quot;500&quot;:&quot;https:\\\/\\\/lastatic.ams3.cdn.digitaloceanspaces.com\\\/2024\\\/10\\\/2016-11-09t120000z_329873471_d1beulvkydaa_rtrmadp_3_russia-politics-1-500x372.jpg&quot;,&quot;800&quot;:&quot;https:\\\/\\\/lastatic.ams3.cdn.digitaloceanspaces.com\\\/2024\\\/10\\\/2016-11-09t120000z_329873471_d1beulvkydaa_rtrmadp_3_russia-politics-1-800x595.jpg&quot;,&quot;1000&quot;:&quot;https:\\\/\\\/lastatic.ams3.cdn.digitaloceanspaces.com\\\/2024\\\/10\\\/2016-11-09t120000z_329873471_d1beulvkydaa_rtrmadp_3_russia-politics-1.jpg&quot;}\" data-focuspoint=\"{&quot;x&quot;:&quot;36.06487714219448&quot;,&quot;y&quot;:&quot;30.288710782373172&quot;}\" data-p=\"2487127\" href=\"https:\/\/www.la.lv\/putins-sava-jaungada-uzruna-izsaka-negaiditu-frazi\" class=\"content-item lazy-load\" wp_automatic_readability=\"26\" rel=\"nofollow noopener\" target=\"_blank\"><\/p>\n<p>                                <img decoding=\"async\" src=\"\" alt=\"\" style=\"object-position: 36.06487714219448% 30.288710782373172%\" data-imageid=\"\"\/><\/p>\n<p>\n                                                Putins sav\u0101 Jaungada uzrun\u0101 izsaka negaid\u012btu fr\u0101zi\n                            <\/p>\n<p><\/a><br \/>\n        <a class=\"read-more\" href=\"https:\/\/www.la.lv\/top\" rel=\"nofollow noopener\" target=\"_blank\">Las\u012bt citas zi\u0146as<\/a><\/p>\n<p>Vi\u0146\u0161 nor\u0101d\u012bja, ka 2025. gads bijis gan cer\u012bbu, gan ba\u017eu pilns, tom\u0113r tiem, kas tic\u0113ju\u0161i un str\u0101d\u0101ju\u0161i kop\u0101, izdevies sasniegt iecer\u0113to.<\/p>\n<p>Valsts prezidents pauda lepnumu par \u0161\u012b gada sasniegumiem, tostarp par \u201cstraumi, kas aizvedusi t\u0101l\u0101k, nek\u0101 cer\u0113ts\u201d, Dziesmu un deju sv\u0113tku dal\u012bbniekiem, jaunie\u0161iem un Latvijas sportistu pan\u0101kumiem.<\/p>\n<p>    CITI \u0160OBR\u012aD LASA<\/p>\n<p>Rink\u0113vi\u010ds uzsv\u0113ra, ka kop\u012bgs darbs un savstarp\u0113js atbalsts \u013cauj sasniegt vair\u0101k, savuk\u0101rt naid\u012bgums sabiedr\u012bbu v\u0101jina.<\/p>\n<p>Vi\u0146\u0161 nor\u0101d\u012bja, ka valsts dro\u0161\u012bba s\u0101kas ar attieksmi pret sevi un l\u012bdzcilv\u0113kiem, k\u0101 ar\u012b ar ikdienas izv\u0113l\u0113m, tostarp r\u016bp\u0113m par savu un apk\u0101rt\u0113jo dro\u0161\u012bbu.<\/p>\n<p>Valsts prezidents aicin\u0101ja sabiedr\u012bbu b\u016bt atbild\u012bgai, nepalikt vienaldz\u012bgai un ar maziem so\u013ciem veidot savstarp\u0113ju uztic\u0113\u0161anos vis\u0101 Latvij\u0101 un \u0101rpus t\u0101s.<\/p>\n<p>Uzrunas nosl\u0113gum\u0101 Rink\u0113vi\u010ds pauda p\u0101rliec\u012bbu, ka Jaunais gads b\u016bs labs, ja sabiedr\u012bba b\u016bs godpr\u0101t\u012bga, atbild\u012bga un izpal\u012bdz\u012bga, un nov\u0113l\u0113ja savstarp\u0113jas uztic\u012bbas un m\u012blest\u012bbas pilnu 2026. gadu.<\/p>\n<p>\u201cLabvakar, d\u0101mas un kungi!<br \/>Labvakar, meitenes un z\u0113ni!<br \/>Labvakar, om\u012btes un op\u012b\u0161i!<br \/>Nu jau aizejo\u0161o 2025. gadu m\u0113s gaid\u012bj\u0101m ar cer\u012bb\u0101m, ar prieku, ar\u012b trauksmi un ba\u017e\u0101m. Ar \u0161aub\u0101m \u2013 vai san\u0101ks?  San\u0101ca! Tiem, kas tic\u0113ja un m\u0113\u0123in\u0101ja, ir san\u0101cis. Ja nesan\u0101ca, tad n\u0101kamgad \u2013 noteikti!<br \/>\u0160ogad esam daudz priec\u0101ju\u0161ies un lepoju\u0161ies.<br \/>Par straumi, kas m\u016bs aizveda t\u0101l\u0101k, nek\u0101 cer\u0113ts.<br \/>Par lieliskajiem b\u0113rniem un jaunie\u0161iem Dziesmu un deju sv\u0113tkos.<br \/>Par m\u016bsu sportistu pan\u0101kumiem.<br \/>M\u016bs\u0113jiem izdodas, ja str\u0101d\u0101 kop\u0101. Ja l\u016bkojamies p\u0113c kop\u012bg\u0101, m\u0113s to atrodam. Un paliekam tuk\u0161\u0101m rok\u0101m, ja mekl\u0113jam viens otr\u0101 naidnieku.<br \/>\u0160is gads mums iem\u0101c\u012bjis, ka j\u0101uzticas, pirmk\u0101rt, pa\u0161iem sev. Ka neviens cits, bet pa\u0161i nosak\u0101m savu un m\u016bsu valsts dz\u012bvi. Ka m\u016bsu dro\u0161\u012bbas pamats esam m\u0113s pa\u0161i.<br \/>Dro\u0161\u012bba s\u0101kas ar attieksmi pret sevi, saviem tuviniekiem un l\u012bdzcilv\u0113kiem.<br \/>M\u016bsu izv\u0113les ikdien\u0101 un ar\u012b \u0161ajos sv\u0113tkos ir svar\u012bgas.<br \/>M\u0113s varam izv\u0113l\u0113ties nepeld\u0113t reibum\u0101. M\u016bsu zi\u0146\u0101 ir neb\u016bt vienaldz\u012bgam. Ja uz ielas redzam apjuku\u0161u b\u0113rnu, pal\u012bdz\u0113sim, nevis steigsimies t\u0101l\u0101k. M\u016bsu un ar\u012b apk\u0101rt\u0113jo dro\u0161\u012bbu var uzlabot t\u0101ds nieks k\u0101 atstarot\u0101js pie ap\u0123\u0113rba. Un pa\u0161i vien izv\u0113lamies \u2013 vai atbalst\u012bt vai tom\u0113r uzbrukt saviem l\u012bdzcilv\u0113kiem. Iet kop\u0101 vai iet prom. T\u0101 ir m\u016bsu izv\u0113le.<br \/>Ar maziem so\u013ciem viens otram pret\u012b m\u0113s s\u0101kam kop\u012bgu ce\u013cu. Kop\u0101 uz sasniegumiem. \u0160ie so\u013ci rada p\u0101rliec\u012bbu, kur t\u0101s tr\u016bcis. Tos ejot, vairs nav tram\u012bgi j\u0101p\u0101rliecin\u0101s, vai pareizi. Jo ir. M\u0113s visi to varam. Varam gan Latgal\u0113, gan Kurzem\u0113. M\u0113s esam stipri Vidzem\u0113, Zemgal\u0113 un S\u0113lij\u0101. M\u016bsu sp\u0113ks ir k\u0101 R\u012bg\u0101, t\u0101 visur pasaul\u0113, kur m\u012bl Latviju.<br \/>M\u012b\u013cie draugi!<br \/>Jaun\u0101 gada tuvums vienm\u0113r ir cer\u012bbu un satraukuma laiks. M\u0113s v\u0113lamies iel\u016bkoties n\u0101kotn\u0113, vai b\u016bs labi. B\u016bs! Ja b\u016bsim godpr\u0101t\u012bgi, atbild\u012bgi un izpal\u012bdz\u012bgi. Ja b\u016bsim viens otram. Tad m\u0113s esam liels sp\u0113ks. Ikviens no mums. T\u0101d\u0113\u013c s\u0101ksim un dar\u012bsim savu darbu jau t\u016bli\u0146. Lai non\u0101kam t\u0101d\u0101 straum\u0113, kas mums pa\u0161iem apliecin\u0101s, ka sp\u0113jam lab\u0101k, nek\u0101 mums \u0161\u0137ita. Un aicin\u0101sim l\u012bdzi ar\u012b draugus, kol\u0113\u0123us un klasesbiedrus. Un ar\u012b tos, kas vismaz\u0101k to gaida. Kam \u0161ovakar un ikdien\u0101 ir vientu\u013ci. Jo m\u0113s viens otram esam vislab\u0101kie.<br \/>Lai mums visiem savstarp\u0113jas uztic\u012bbas un m\u012blest\u012bbas pilns Jaunais gads!<br \/>Laim\u012bgu 2026. gadu!\u201d<\/p>\n<p>T\u0113mas<\/p>\n<p>    SAIST\u012aTIE RAKSTI<\/p>\n","protected":false},"excerpt":{"rendered":"Foto: Rink\u0113vi\u010ds\/Facebook Latvijas dro\u0161\u012bbas pamats ir sabiedr\u012bbas savstarp\u0113ja uztic\u0113\u0161an\u0101s, atbild\u012bba un pa\u0161u cilv\u0113ku r\u012bc\u012bba ikdien\u0101, sav\u0101 gadumijas uzrun\u0101&hellip;\n","protected":false},"author":2,"featured_media":92025,"comment_status":"","ping_status":"","sticky":false,"template":"","format":"standard","meta":{"footnotes":""},"categories":[12],"tags":[23,28,29,32,33,22,30,31,35,39,38,36,37,34,40,20,26,27,24,25,21],"class_list":{"0":"post-92024","1":"post","2":"type-post","3":"status-publish","4":"format-standard","5":"has-post-thumbnail","7":"category-latvija","8":"tag-aktualitates","9":"tag-breaking-news","10":"tag-breakingnews","11":"tag-featured-news","12":"tag-featurednews","13":"tag-headlines","14":"tag-latest-news","15":"tag-latestnews","16":"tag-latvia","17":"tag-latvian","18":"tag-latviesu","19":"tag-latviesu-valoda","20":"tag-latviesuvaloda","21":"tag-latvija","22":"tag-lv","23":"tag-news","24":"tag-popularakas-zinas","25":"tag-popularakaszinas","26":"tag-top-stories","27":"tag-topstories","28":"tag-zinas"},"share_on_mastodon":{"url":"https:\/\/pubeurope.com\/@lv\/115821800675882646","error":""},"_links":{"self":[{"href":"https:\/\/www.europesays.com\/lv\/wp-json\/wp\/v2\/posts\/92024","targetHints":{"allow":["GET"]}}],"collection":[{"href":"https:\/\/www.europesays.com\/lv\/wp-json\/wp\/v2\/posts"}],"about":[{"href":"https:\/\/www.europesays.com\/lv\/wp-json\/wp\/v2\/types\/post"}],"author":[{"embeddable":true,"href":"https:\/\/www.europesays.com\/lv\/wp-json\/wp\/v2\/users\/2"}],"replies":[{"embeddable":true,"href":"https:\/\/www.europesays.com\/lv\/wp-json\/wp\/v2\/comments?post=92024"}],"version-history":[{"count":0,"href":"https:\/\/www.europesays.com\/lv\/wp-json\/wp\/v2\/posts\/92024\/revisions"}],"wp:featuredmedia":[{"embeddable":true,"href":"https:\/\/www.europesays.com\/lv\/wp-json\/wp\/v2\/media\/92025"}],"wp:attachment":[{"href":"https:\/\/www.europesays.com\/lv\/wp-json\/wp\/v2\/media?parent=92024"}],"wp:term":[{"taxonomy":"category","embeddable":true,"href":"https:\/\/www.europesays.com\/lv\/wp-json\/wp\/v2\/categories?post=92024"},{"taxonomy":"post_tag","embeddable":true,"href":"https:\/\/www.europesays.com\/lv\/wp-json\/wp\/v2\/tags?post=92024"}],"curies":[{"name":"wp","href":"https:\/\/api.w.org\/{rel}","templated":true}]}}