{"id":92028,"date":"2026-01-01T20:47:08","date_gmt":"2026-01-01T20:47:08","guid":{"rendered":"https:\/\/www.europesays.com\/lv\/92028\/"},"modified":"2026-01-01T20:47:08","modified_gmt":"2026-01-01T20:47:08","slug":"video-adriana-miglane-pec-divu-gadu-pauzes-atgriezas-muzika-ar-jaunu-dziesmu-1188-lv","status":"publish","type":"post","link":"https:\/\/www.europesays.com\/lv\/92028\/","title":{"rendered":"VIDEO: Adri\u0101na Migl\u0101ne p\u0113c divu gadu pauzes atgrie\u017eas m\u016bzik\u0101 ar jaunu dziesmu &#8211; 1188.lv"},"content":{"rendered":"<ol>\n<li><a href=\"https:\/\/news.google.com\/rss\/articles\/CBMirAFBVV95cUxOWnlSam1MWGt5UGxsWUNvVkRTRGlGY2o0NFZzVU94djZpanV1elFFTnlTVFdNWldKWmpaaHEyWEE5aUhsTlZjdXQ1ZGk2dkZGYzFrQ3hMOGc5Zllhdkw5ZkhLQ1ZlektxOG9pSzFINlVIVGdybnVBMTB5ZVlWeTVlam1Td1VJUkh6VS1wVzQybDhJcnctRTdmcG1ZT2hRanpvcHpfSERZYUVPRU9N?oc=5\" target=\"_blank\" rel=\"nofollow noopener\">VIDEO: Adri\u0101na Migl\u0101ne p\u0113c divu gadu pauzes atgrie\u017eas m\u016bzik\u0101 ar jaunu dziesmu<\/a>&nbsp;&nbsp;1188.lv<\/li>\n<li><a href=\"https:\/\/news.google.com\/rss\/articles\/CBMitwFBVV95cUxNODJ5QVBlUGFYNEl0bGpWSlM1NU9ZVUJRaFdIU0R5UXc2ZkdZYWwxUDByX1FkS1dVZlZPZE5UaWZuN2o3ZmtLaXp5QjNUalgtd1lQclFsSTlmUlBsRW9uNmJjYzBrZkJCa1VOMmpoemZCRkhlSUpHQVNFSXFVdWxFUmRkQWVBWnJYSjkyanBaeTN5eTRLSHB3QUlBd3FxRXN6RGVkODFyaWRJUkFPNG9WTjMwZUtZcm8?oc=5\" target=\"_blank\" rel=\"nofollow noopener\">P\u0113c \u0161\u0137ir\u0161an\u0101s Adriana Migl\u0101ne atkl\u0101j: \u201cEs biju bedr\u0113, no kuras \u0161\u0137ita &#8211; nav izejas\u201d<\/a>&nbsp;&nbsp;Jauns.lv<\/li>\n<li><a href=\"https:\/\/news.google.com\/rss\/articles\/CBMi8AFBVV95cUxPQmcwM21XNGVEVmhtbjljVUQ0ZXZWXzg0Y0VHS0tTVGx5dXc4aHFjVmpSbUJjMGVzUmhmdS1pVXh6cld4NlBhT3ZKY2VyRml5SkNQWXJLOWxfYXZsOTNiaGhfX3psNGs0a2UwWEtJOUplNk1rMDFmcW5QTl83ajk0eC04Y0l1WWpYaU00aGY1bVoxOFBhd2RCWVZ6aENhU213U0hZVWJNOGF6Z2Y1VEU2dU1XWmp1Sm9MbThZRGdxVS0zYnJWVkFpMTNXekUyVkVLQWJEMV9KamVtUFU1OHNiR1FtZm45MEp5SmRiV01UWnI?oc=5\" target=\"_blank\" rel=\"nofollow noopener\">\u201dNekad nevienam v\u012brietim ne\u013caujiet salauzt j\u016bsu dz\u012bvi!\u201d Adriana Migl\u0101ne beidzot atkl\u0101ti run\u0101 par p\u0101rdz\u012bvoto<\/a>&nbsp;&nbsp;tv3.lv<\/li>\n<li><a href=\"https:\/\/news.google.com\/rss\/articles\/CBMisAFBVV95cUxORnhTa0xSQmJ1b2tFOXlkR01OQ043d3E3bmRuemhCVGd5V3kwLWdlQmZFRW9iN2ZLamllb2JGdjVvdEptSDdjVXVROU5pWG1JNVpsQTA3SGp3ek8yY1I3b1VjWGdoalY0MUdHeXNOLTdPMk9QUDg4QWF4YWdyYndhZm5XaFkxaVB5THNzeHZ1eFNhN2R4STQwNW02aWMtNEJnSVpOdzNnREtBOGlNT21DbA?oc=5\" target=\"_blank\" rel=\"nofollow noopener\">\u201cEs biju t\u0101d\u0101 bedr\u0113, k\u0101 v\u0113l nekad dz\u012bv\u0113\u201d \u2013 Adriana Migl\u0101ne atkl\u0101j, cik liel\u0101s gr\u016bt\u012bb\u0101s p\u0113d\u0113j\u0101 laik\u0101 bija non\u0101kusi<\/a>&nbsp;&nbsp;LA.LV<\/li>\n<li><a href=\"https:\/\/news.google.com\/rss\/articles\/CBMi0wFBVV95cUxQZk82T1BLVUxvMXJLZkpUaEMxUzk2Q3lCQ2JkOGUxVGJlSmNYMFRXN3Z6bnhkSElYWHZPSDNveUdhZlo1Y1BRSFRoX19NSGhneWJ6M1VucHZsN2dteXhuSlFERTRsdFd6Q1ZwcjVkX3g5WWswcWgzQjktUGlZZ1U2dDN6VHdwYlQ5OFphTl9uMFE5SC1FbVpGbTdCSjk0aXJhV2drMWQtMl9MT2lDZ0Q4MTZWSjBfSE1VZ1AtWTdSbFR5akFWdU5NTk1MeTFzU0ZrZ0JN?oc=5\" target=\"_blank\" rel=\"nofollow noopener\">Adriana Migl\u0101ne izlai\u017e jaunu dziesmu &#8220;Par sp\u012bti manis pa\u0161as meliem&#8221; Vecgada vakar\u0101<\/a>&nbsp;&nbsp;Lente.lv<\/li>\n<\/ol>\n","protected":false},"excerpt":{"rendered":"VIDEO: Adri\u0101na Migl\u0101ne p\u0113c divu gadu pauzes atgrie\u017eas m\u016bzik\u0101 ar jaunu dziesmu&nbsp;&nbsp;1188.lv P\u0113c \u0161\u0137ir\u0161an\u0101s Adriana Migl\u0101ne atkl\u0101j: \u201cEs&hellip;\n","protected":false},"author":2,"featured_media":92029,"comment_status":"","ping_status":"","sticky":false,"template":"","format":"standard","meta":{"footnotes":""},"categories":[19],"tags":[129,1773,2422,2239,89,90,35,39,38,36,37,34,40,2423,7059,1774,2424,7060,1775],"class_list":{"0":"post-92028","1":"post","2":"type-post","3":"status-publish","4":"format-standard","5":"has-post-thumbnail","7":"category-izklaide","8":"tag-__typenameadvicekeyword","9":"tag-id1061","10":"tag-id177","11":"tag-id93","12":"tag-entertainment","13":"tag-izklaide","14":"tag-latvia","15":"tag-latvian","16":"tag-latviesu","17":"tag-latviesu-valoda","18":"tag-latviesuvaloda","19":"tag-latvija","20":"tag-lv","21":"tag-slugadriana-miglane","22":"tag-slugmuzika","23":"tag-slugslavenibas","24":"tag-titleadriana-miglane","25":"tag-titlemuzika","26":"tag-titleslavenibas"},"share_on_mastodon":{"url":"https:\/\/pubeurope.com\/@lv\/115821808430892475","error":""},"_links":{"self":[{"href":"https:\/\/www.europesays.com\/lv\/wp-json\/wp\/v2\/posts\/92028","targetHints":{"allow":["GET"]}}],"collection":[{"href":"https:\/\/www.europesays.com\/lv\/wp-json\/wp\/v2\/posts"}],"about":[{"href":"https:\/\/www.europesays.com\/lv\/wp-json\/wp\/v2\/types\/post"}],"author":[{"embeddable":true,"href":"https:\/\/www.europesays.com\/lv\/wp-json\/wp\/v2\/users\/2"}],"replies":[{"embeddable":true,"href":"https:\/\/www.europesays.com\/lv\/wp-json\/wp\/v2\/comments?post=92028"}],"version-history":[{"count":0,"href":"https:\/\/www.europesays.com\/lv\/wp-json\/wp\/v2\/posts\/92028\/revisions"}],"wp:featuredmedia":[{"embeddable":true,"href":"https:\/\/www.europesays.com\/lv\/wp-json\/wp\/v2\/media\/92029"}],"wp:attachment":[{"href":"https:\/\/www.europesays.com\/lv\/wp-json\/wp\/v2\/media?parent=92028"}],"wp:term":[{"taxonomy":"category","embeddable":true,"href":"https:\/\/www.europesays.com\/lv\/wp-json\/wp\/v2\/categories?post=92028"},{"taxonomy":"post_tag","embeddable":true,"href":"https:\/\/www.europesays.com\/lv\/wp-json\/wp\/v2\/tags?post=92028"}],"curies":[{"name":"wp","href":"https:\/\/api.w.org\/{rel}","templated":true}]}}