{"id":92030,"date":"2026-01-01T20:51:18","date_gmt":"2026-01-01T20:51:18","guid":{"rendered":"https:\/\/www.europesays.com\/lv\/92030\/"},"modified":"2026-01-01T20:51:18","modified_gmt":"2026-01-01T20:51:18","slug":"smaga-avarija-uz-liepajas-sosejas-vecgada-vakara-satiksme-bloketa-lente-lv","status":"publish","type":"post","link":"https:\/\/www.europesays.com\/lv\/92030\/","title":{"rendered":"Smaga av\u0101rija uz Liep\u0101jas \u0161osejas Vecgada vakar\u0101, satiksme blo\u0137\u0113ta\u00a0\u2014\u00a0Lente.lv"},"content":{"rendered":"<p>Satiksmes negad\u012bjums Valgundes pagast\u0101<\/p>\n<p>\u0160ovakar, 31. decembr\u012b, Vecgada vakar\u0101, uz autoce\u013ca A9 jeb Liep\u0101jas \u0161osejas Valgundes pagast\u0101, net\u0101lu no T\u012bre\u013ciem, noticis nopietns ce\u013cu satiksmes negad\u012bjums, kura d\u0113\u013c satiksme ir blo\u0137\u0113ta. K\u0101 zi\u0146o telekan\u0101ls TV3, par negad\u012bjumu inform\u0113jis VAS \u201cLatvijas valsts ce\u013ci\u201d. Negad\u012bjums noticis uz autoce\u013ca 28. un 29. kilometr\u0101. Valsts policija \u0161obr\u012bd skaidro notiku\u0161\u0101 apst\u0101k\u013cus.<\/p>\n<p>Iesaist\u012bt\u0101s puses un cietu\u0161ie<\/p>\n<p>S\u0101kotn\u0113j\u0101 inform\u0101cija liecina, ka ce\u013cu satiksmes negad\u012bjum\u0101 iesaist\u012btas divas automa\u0161\u012bnas. Negad\u012bjum\u0101 cietu\u0161as tr\u012bs personas, kuras nodotas medic\u012bnisk\u0101s apr\u016bpes iest\u0101d\u0113. Prec\u012bzs negad\u012bjuma c\u0113lonis un cietu\u0161o personu st\u0101voklis v\u0113l tiek skaidrots.<\/p>\n<p>Satiksmes ierobe\u017eojumi un apbrauk\u0161anas iesp\u0113jas<\/p>\n<p>Negad\u012bjuma d\u0113\u013c satiksme uz Liep\u0101jas \u0161osejas ir da\u013c\u0113ji blo\u0137\u0113ta. Autovad\u012bt\u0101jiem tiek pied\u0101v\u0101tas apbrauk\u0161anas iesp\u0113jas. Satiksmi iesp\u0113jams apiet, izmantojot autoce\u013cus Kalnciems-Kai\u0123i (V1091), Kalnciems-L\u012bvb\u0113rze (V1064) un Jelgava (Tu\u0161\u0137i)-Tukums (P98). Autovad\u012bt\u0101ji tiek aicin\u0101ti b\u016bt \u012bpa\u0161i uzman\u012bgiem un r\u0113\u0137in\u0101ties ar iesp\u0113jamiem aizkav\u0113\u0161an\u0101s.<\/p>\n<p>Brauk\u0161anas apst\u0101k\u013ci un laikapst\u0101k\u013ci<\/p>\n<p>\u0160aj\u0101 posm\u0101, k\u0101 ar\u012b citviet Latvij\u0101, brauk\u0161anas apst\u0101k\u013ci ir apgr\u016btin\u0101ti. VAS \u201cLatvijas valsts ce\u013ci\u201d inform\u0113, ka daudzviet ce\u013ci ir slideni, un ce\u013cu uztur\u0113t\u0101ji nep\u0101rtraukti str\u0101d\u0101, apstr\u0101d\u0101jot tos ar pretsl\u012bdes materi\u0101liem. Meteorologi prognoz\u0113, ka Vecgada vakar\u0101 un nakt\u012b Latvij\u0101 gaid\u0101ms sniegs, viet\u0101m stipr\u0101ks, \u012bpa\u0161i piekrast\u0113. Tiek prognoz\u0113ts ar\u012b sniegputenis un apledojums, kas v\u0113l vair\u0101k apgr\u016btin\u0101s brauk\u0161anas apst\u0101k\u013cus. Jaungada nakts prognoz\u0113ta k\u0101 aukst\u0101k\u0101 \u0161oziem, ar temperat\u016bru daudzviet zem -10 gr\u0101diem, aicinot autovad\u012bt\u0101jus izv\u0113l\u0113ties dro\u0161u brauk\u0161anas \u0101trumu un paredz\u0113t papildu laiku ce\u013cam.<\/p>\n","protected":false},"excerpt":{"rendered":"Satiksmes negad\u012bjums Valgundes pagast\u0101 \u0160ovakar, 31. decembr\u012b, Vecgada vakar\u0101, uz autoce\u013ca A9 jeb Liep\u0101jas \u0161osejas Valgundes pagast\u0101, net\u0101lu&hellip;\n","protected":false},"author":2,"featured_media":92031,"comment_status":"","ping_status":"","sticky":false,"template":"","format":"standard","meta":{"footnotes":""},"categories":[12],"tags":[23,2849,28,29,32,33,22,30,31,35,39,38,36,37,34,10297,40,20,26,27,15401,24,25,23129,15960,21],"class_list":{"0":"post-92030","1":"post","2":"type-post","3":"status-publish","4":"format-standard","5":"has-post-thumbnail","7":"category-latvija","8":"tag-aktualitates","9":"tag-avarija","10":"tag-breaking-news","11":"tag-breakingnews","12":"tag-featured-news","13":"tag-featurednews","14":"tag-headlines","15":"tag-latest-news","16":"tag-latestnews","17":"tag-latvia","18":"tag-latvian","19":"tag-latviesu","20":"tag-latviesu-valoda","21":"tag-latviesuvaloda","22":"tag-latvija","23":"tag-liepajas-soseja","24":"tag-lv","25":"tag-news","26":"tag-popularakas-zinas","27":"tag-popularakaszinas","28":"tag-satiksmes-negadijums","29":"tag-top-stories","30":"tag-topstories","31":"tag-valgundes-pagasts","32":"tag-vecgada-vakars","33":"tag-zinas"},"share_on_mastodon":{"url":"https:\/\/pubeurope.com\/@lv\/115821824205182746","error":""},"_links":{"self":[{"href":"https:\/\/www.europesays.com\/lv\/wp-json\/wp\/v2\/posts\/92030","targetHints":{"allow":["GET"]}}],"collection":[{"href":"https:\/\/www.europesays.com\/lv\/wp-json\/wp\/v2\/posts"}],"about":[{"href":"https:\/\/www.europesays.com\/lv\/wp-json\/wp\/v2\/types\/post"}],"author":[{"embeddable":true,"href":"https:\/\/www.europesays.com\/lv\/wp-json\/wp\/v2\/users\/2"}],"replies":[{"embeddable":true,"href":"https:\/\/www.europesays.com\/lv\/wp-json\/wp\/v2\/comments?post=92030"}],"version-history":[{"count":0,"href":"https:\/\/www.europesays.com\/lv\/wp-json\/wp\/v2\/posts\/92030\/revisions"}],"wp:featuredmedia":[{"embeddable":true,"href":"https:\/\/www.europesays.com\/lv\/wp-json\/wp\/v2\/media\/92031"}],"wp:attachment":[{"href":"https:\/\/www.europesays.com\/lv\/wp-json\/wp\/v2\/media?parent=92030"}],"wp:term":[{"taxonomy":"category","embeddable":true,"href":"https:\/\/www.europesays.com\/lv\/wp-json\/wp\/v2\/categories?post=92030"},{"taxonomy":"post_tag","embeddable":true,"href":"https:\/\/www.europesays.com\/lv\/wp-json\/wp\/v2\/tags?post=92030"}],"curies":[{"name":"wp","href":"https:\/\/api.w.org\/{rel}","templated":true}]}}