{"id":92032,"date":"2026-01-01T20:52:11","date_gmt":"2026-01-01T20:52:11","guid":{"rendered":"https:\/\/www.europesays.com\/lv\/92032\/"},"modified":"2026-01-01T20:52:11","modified_gmt":"2026-01-01T20:52:11","slug":"hur-krievu-brivpratigo-korpusa-vaditajs-deniss-kapustins-ir-dzivs-jauns-lv","status":"publish","type":"post","link":"https:\/\/www.europesays.com\/lv\/92032\/","title":{"rendered":"HUR: &quot;Krievu Br\u012bvpr\u0101t\u012bgo korpusa&quot; vad\u012bt\u0101js Deniss Kapustins ir dz\u012bvs &#8211; Jauns.lv"},"content":{"rendered":"<ol>\n<li><a href=\"https:\/\/news.google.com\/rss\/articles\/CBMipwFBVV95cUxOVXRYdHlFWTBUcW5sNW0xUU1FZFREYTkyeDZkZkd0YVV1X3NKNUtGN01hcFBmQ0VvTzNlcHV3X2dxWlRpVTJvYVF6dE9hQ3pQVW44Mmk2eG9OdmdPdGdiNWlCbXg2OWdMMWNveFRVQ2lvdk1hZGxPWTlHNFA0NWh6QlRDM21WV21jdE9rNUctazdGU1pmeUt1M0ZIQkx4VUJLRGJpUTluNA?oc=5\" target=\"_blank\" rel=\"nofollow noopener\">HUR: &#8220;Krievu Br\u012bvpr\u0101t\u012bgo korpusa&#8221; vad\u012bt\u0101js Deniss Kapustins ir dz\u012bvs<\/a>&nbsp;&nbsp;Jauns.lv<\/li>\n<li><a href=\"https:\/\/news.google.com\/rss\/articles\/CBMiywFBVV95cUxPc3lud2Z3b3VJSnBzV0xMS0pXdmZGRU8zZ2lKYnJaLUJ2cFF6WlZpVDVXU0RobnBsVFQ0cXVZRlJGZ2FXem1iWGN6b19PaFd1NFI4bnFJNUVNSE1kam9fa1pybmtSOTRzT0RhX0h1d2txb3R6UDJ3RjhjeGNSZDNlUlo4NWNTZ1lGR1g2YzNvWGlLMUJBaVQwVHktbmhnWmVTQ2VudS1uZ0VSMGJVUUNBb3VhUFBxb0dKNktWZURyWlZmd29KZkN1ellGbw?oc=5\" target=\"_blank\" rel=\"nofollow noopener\">&#8220;Laipni l\u016bgts atpaka\u013c dz\u012bv\u0113&#8221; \u2013 komandiera Kapustina n\u0101ve tikusi falsific\u0113ta, zi\u0146o medijs<\/a>&nbsp;&nbsp;Delfi<\/li>\n<li><a href=\"https:\/\/news.google.com\/rss\/articles\/CBMiqAFBVV95cUxQanhCaC1rZnJPb1JYV3FCZUI0cVRBYk9pUHVtNXE4RG52MEhPTFZYLVd5RFVFc1ZQbWhCX1lqVm04LVZxREpLT3U4MUplaXlvTGJ5cnpKdTdxMkYyZDVITnBkQkJnWjRGX1R0OWNXdmk0N3VZLWhfYkwwaXNISGl4WTR4d0RUTFd6am5Hcmx1cWtmM2RFcVNSZVJPSEdleEJpR2xyaUNlaGU?oc=5\" target=\"_blank\" rel=\"nofollow noopener\">&#8220;Krievijas specdienestiem neveiksme.&#8221; RDK komandieris Kapustins tom\u0113r ir dz\u012bvs<\/a>&nbsp;&nbsp;Apollo.lv<\/li>\n<li><a href=\"https:\/\/news.google.com\/rss\/articles\/CBMivAFBVV95cUxNanNoZngzMWk3TmhhU05WUTdRa2dscDZYNFFuRkJpY3VfQTg5RWN2UGR4QkxUdnhTTXQzTEMtcmxnTHpMcnlaWEZTc2pYbG9xMGgwQmRFZXc4bHhGVU5lNjlKQkNyTmNyM1hRa3p1cUdyR1pfaktHUERVOFVUdHEydUFZNWJBbEZDMFdmeE5pakwzMlJWRVI0c09icDFiMUIzMUNzSnF2R3pWTUpENmNmcnJoVFN3ZkNQOEVDRA?oc=5\" target=\"_blank\" rel=\"nofollow noopener\">Kapustins tom\u0113r dz\u012bvs: ukrai\u0146iem veiksm\u012bgi izdevies apm\u0101n\u012bt krievus un izgl\u0101bt komandieri<\/a>&nbsp;&nbsp;tv3.lv<\/li>\n<li><a href=\"https:\/\/news.google.com\/rss\/articles\/CBMi3wFBVV95cUxQSFpZUFZwZHd0SGJJMmxNYmtmYTRsU3lOUmhwLTctc2s5OVJxVWlrcXJFdlI1U2MwcW51OS1SSlE4OFdraGxockljYm5laXlxSU1acF9EWUZRdnl4RzdMdjRWYWRkaUF2VFE2Y0puUDE1Z0ozM0Z0Wko5X09OVVpsQWZrRlBBSG9TOGdJdzhXbERheUMxM0ZEWGx4cnlrNWhQZHpZckVrRHZZSUJsQVZRRkhmcDdFa3Bpb1UxVkR2R1NJbjdDdTFjWnEwRV9ZcGw3M3Y3cm94VHNTcVlTcVRR?oc=5\" target=\"_blank\" rel=\"nofollow noopener\">Ukrainas pus\u0113 karojo\u0161\u0101 Krievu br\u012bvpr\u0101t\u012bgo korpusa komandieris Deniss Kapustins kritis kauj\u0101<\/a>&nbsp;&nbsp;Lente.lv<\/li>\n<\/ol>\n","protected":false},"excerpt":{"rendered":"HUR: &#8220;Krievu Br\u012bvpr\u0101t\u012bgo korpusa&#8221; vad\u012bt\u0101js Deniss Kapustins ir dz\u012bvs&nbsp;&nbsp;Jauns.lv &#8220;Laipni l\u016bgts atpaka\u013c dz\u012bv\u0113&#8221; \u2013 komandiera Kapustina n\u0101ve tikusi&hellip;\n","protected":false},"author":2,"featured_media":92033,"comment_status":"","ping_status":"","sticky":false,"template":"","format":"standard","meta":{"footnotes":""},"categories":[5],"tags":[23,28,29,32,33,22,30,31,35,39,38,36,37,34,40,20,26,27,24,25,21],"class_list":{"0":"post-92032","1":"post","2":"type-post","3":"status-publish","4":"format-standard","5":"has-post-thumbnail","7":"category-aktualitates","8":"tag-aktualitates","9":"tag-breaking-news","10":"tag-breakingnews","11":"tag-featured-news","12":"tag-featurednews","13":"tag-headlines","14":"tag-latest-news","15":"tag-latestnews","16":"tag-latvia","17":"tag-latvian","18":"tag-latviesu","19":"tag-latviesu-valoda","20":"tag-latviesuvaloda","21":"tag-latvija","22":"tag-lv","23":"tag-news","24":"tag-popularakas-zinas","25":"tag-popularakaszinas","26":"tag-top-stories","27":"tag-topstories","28":"tag-zinas"},"share_on_mastodon":{"url":"https:\/\/pubeurope.com\/@lv\/115821828576175660","error":""},"_links":{"self":[{"href":"https:\/\/www.europesays.com\/lv\/wp-json\/wp\/v2\/posts\/92032","targetHints":{"allow":["GET"]}}],"collection":[{"href":"https:\/\/www.europesays.com\/lv\/wp-json\/wp\/v2\/posts"}],"about":[{"href":"https:\/\/www.europesays.com\/lv\/wp-json\/wp\/v2\/types\/post"}],"author":[{"embeddable":true,"href":"https:\/\/www.europesays.com\/lv\/wp-json\/wp\/v2\/users\/2"}],"replies":[{"embeddable":true,"href":"https:\/\/www.europesays.com\/lv\/wp-json\/wp\/v2\/comments?post=92032"}],"version-history":[{"count":0,"href":"https:\/\/www.europesays.com\/lv\/wp-json\/wp\/v2\/posts\/92032\/revisions"}],"wp:featuredmedia":[{"embeddable":true,"href":"https:\/\/www.europesays.com\/lv\/wp-json\/wp\/v2\/media\/92033"}],"wp:attachment":[{"href":"https:\/\/www.europesays.com\/lv\/wp-json\/wp\/v2\/media?parent=92032"}],"wp:term":[{"taxonomy":"category","embeddable":true,"href":"https:\/\/www.europesays.com\/lv\/wp-json\/wp\/v2\/categories?post=92032"},{"taxonomy":"post_tag","embeddable":true,"href":"https:\/\/www.europesays.com\/lv\/wp-json\/wp\/v2\/tags?post=92032"}],"curies":[{"name":"wp","href":"https:\/\/api.w.org\/{rel}","templated":true}]}}