{"id":92036,"date":"2026-01-01T21:04:14","date_gmt":"2026-01-01T21:04:14","guid":{"rendered":"https:\/\/www.europesays.com\/lv\/92036\/"},"modified":"2026-01-01T21:04:14","modified_gmt":"2026-01-01T21:04:14","slug":"tramps-jauno-gadu-sak-ar-skalu-atzisanos-tagad-pasaule-zina-to-par-ko-spekuleja-gadiem-ilgi","status":"publish","type":"post","link":"https:\/\/www.europesays.com\/lv\/92036\/","title":{"rendered":"Tramps jauno gadu s\u0101k ar ska\u013cu atz\u012b\u0161anos: tagad pasaule zina to, par ko spekul\u0113ja gadiem ilgi"},"content":{"rendered":"<p>    <img decoding=\"async\" src=\"https:\/\/www.europesays.com\/lv\/wp-content\/uploads\/2025\/09\/cap-genmpirs250923-005-1024x684.jpg\" alt=\"&#10;\"\/><\/p>\n<p>Foto: Scanpix\/RS\/MPI\/Capital Pictures\/LETA\n<\/p>\n<p>ASV prezidents Donalds Tramps atzinis, ka regul\u0101ri lieto liel\u0101kas aspir\u012bna devas, nek\u0101 iesaka \u0101rsti, lai gan tas rada vesel\u012bbas riskus. Intervij\u0101 The Wall Street Journal Tramps sac\u012bja, ka dien\u0101 lieto 325 miligramus aspir\u012bna jau aptuveni 25 gadus, jo esot \u201cnedaudz m\u0101\u0146tic\u012bgs\u201d un v\u0113loties, lai asinis b\u016btu \u201c\u0161\u0137idr\u0101kas\u201d, raksta CNN. <\/p>\n<p>        Las\u012bt\u0101kie<br \/>\n        <a data-imagesrc=\"{&quot;300&quot;:&quot;https:\\\/\\\/lastatic.ams3.cdn.digitaloceanspaces.com\\\/2026\\\/01\\\/shutterstock_2685252749-300x172.jpg&quot;,&quot;1024&quot;:&quot;https:\\\/\\\/lastatic.ams3.cdn.digitaloceanspaces.com\\\/2026\\\/01\\\/shutterstock_2685252749-1024x589.jpg&quot;,&quot;1536&quot;:&quot;https:\\\/\\\/lastatic.ams3.cdn.digitaloceanspaces.com\\\/2026\\\/01\\\/shutterstock_2685252749-1536x883.jpg&quot;,&quot;500&quot;:&quot;https:\\\/\\\/lastatic.ams3.cdn.digitaloceanspaces.com\\\/2026\\\/01\\\/shutterstock_2685252749-500x287.jpg&quot;,&quot;800&quot;:&quot;https:\\\/\\\/lastatic.ams3.cdn.digitaloceanspaces.com\\\/2026\\\/01\\\/shutterstock_2685252749-800x460.jpg&quot;,&quot;2560&quot;:&quot;https:\\\/\\\/lastatic.ams3.cdn.digitaloceanspaces.com\\\/2026\\\/01\\\/shutterstock_2685252749-scaled.jpg&quot;}\" data-focuspoint=\"&quot;&quot;\" data-p=\"2485210\" href=\"https:\/\/www.la.lv\/lielais-2026-gada-horoskops-visam-zodiaka-zimem-kas-gaidams-attiecibas-finansu-joma-un-kada-bus-veseliba\" class=\"content-item lazy-load\" wp_automatic_readability=\"27\" rel=\"nofollow noopener\" target=\"_blank\"><\/p>\n<p>                                <img decoding=\"async\" src=\"\" alt=\"\" style=\"\" data-imageid=\"\"\/><\/p>\n<p>                                Kokteilis<\/p>\n<p>\n                                                Lielais 2026. gada horoskops vis\u0101m zodiaka z\u012bm\u0113m \u2013 kas gaid\u0101ms attiec\u012bb\u0101s, finan\u0161u jom\u0101 un k\u0101da b\u016bs vesel\u012bba?\n                            <\/p>\n<p><\/a><a data-imagesrc=\"{&quot;300&quot;:&quot;https:\\\/\\\/lastatic.ams3.cdn.digitaloceanspaces.com\\\/2023\\\/01\\\/LET_5454536-1-300x200.jpg&quot;,&quot;768&quot;:&quot;https:\\\/\\\/lastatic.ams3.cdn.digitaloceanspaces.com\\\/2023\\\/01\\\/LET_5454536-1-768x511.jpg&quot;,&quot;200&quot;:&quot;https:\\\/\\\/lastatic.ams3.cdn.digitaloceanspaces.com\\\/2023\\\/01\\\/LET_5454536-1-200x133.jpg&quot;,&quot;400&quot;:&quot;https:\\\/\\\/lastatic.ams3.cdn.digitaloceanspaces.com\\\/2023\\\/01\\\/LET_5454536-1-400x266.jpg&quot;,&quot;500&quot;:&quot;https:\\\/\\\/lastatic.ams3.cdn.digitaloceanspaces.com\\\/2023\\\/01\\\/LET_5454536-1-500x333.jpg&quot;,&quot;800&quot;:&quot;https:\\\/\\\/lastatic.ams3.cdn.digitaloceanspaces.com\\\/2023\\\/01\\\/LET_5454536-1.jpg&quot;}\" data-focuspoint=\"&quot;&quot;\" data-p=\"2487239\" href=\"https:\/\/www.la.lv\/valsts-atbalsts-beidzies-tagad-par-elektribu-maksasim-vairak-kas-mus-sagaida\" class=\"content-item lazy-load\" wp_automatic_readability=\"26.5\" rel=\"nofollow noopener\" target=\"_blank\"><\/p>\n<p>                                <img decoding=\"async\" src=\"\" alt=\"\" style=\"\" data-imageid=\"\"\/><\/p>\n<p>\n                                                Valsts atbalsts beidzies, tagad par elektr\u012bbu maks\u0101sim vair\u0101k: kas m\u016bs sagaida?\n                            <\/p>\n<p><\/a><a data-imagesrc=\"{&quot;300&quot;:&quot;https:\\\/\\\/lastatic.ams3.cdn.digitaloceanspaces.com\\\/2025\\\/12\\\/jarvik-joshi-EH_K0GWC4o0-unsplash-300x200.jpg&quot;,&quot;1024&quot;:&quot;https:\\\/\\\/lastatic.ams3.cdn.digitaloceanspaces.com\\\/2025\\\/12\\\/jarvik-joshi-EH_K0GWC4o0-unsplash-1024x684.jpg&quot;,&quot;1536&quot;:&quot;https:\\\/\\\/lastatic.ams3.cdn.digitaloceanspaces.com\\\/2025\\\/12\\\/jarvik-joshi-EH_K0GWC4o0-unsplash-1536x1025.jpg&quot;,&quot;500&quot;:&quot;https:\\\/\\\/lastatic.ams3.cdn.digitaloceanspaces.com\\\/2025\\\/12\\\/jarvik-joshi-EH_K0GWC4o0-unsplash-500x334.jpg&quot;,&quot;800&quot;:&quot;https:\\\/\\\/lastatic.ams3.cdn.digitaloceanspaces.com\\\/2025\\\/12\\\/jarvik-joshi-EH_K0GWC4o0-unsplash-800x534.jpg&quot;,&quot;2560&quot;:&quot;https:\\\/\\\/lastatic.ams3.cdn.digitaloceanspaces.com\\\/2025\\\/12\\\/jarvik-joshi-EH_K0GWC4o0-unsplash-scaled.jpg&quot;}\" data-focuspoint=\"&quot;&quot;\" data-p=\"2478260\" href=\"https:\/\/www.la.lv\/vini-nav-ka-citi-sajos-3-datumos-dzimuso-dveseles-pieder-citam-laikmetam\" class=\"content-item lazy-load\" wp_automatic_readability=\"26\" rel=\"nofollow noopener\" target=\"_blank\"><\/p>\n<p>                                <img decoding=\"async\" src=\"\" alt=\"\" style=\"\" data-imageid=\"\"\/><\/p>\n<p>                                Kokteilis<\/p>\n<p>\n                                                Vi\u0146i nav k\u0101 citi: \u0161ajos 3 datumos dzimu\u0161o dv\u0113seles pieder citam laikmetam\n                            <\/p>\n<p><\/a><br \/>\n        <a class=\"read-more\" href=\"https:\/\/www.la.lv\/top\" rel=\"nofollow noopener\" target=\"_blank\">Las\u012bt citas zi\u0146as<\/a><\/p>\n<p>\u0100rsti prezidentam ieteiku\u0161i samazin\u0101t devu l\u012bdz ierastajiem 81 miligramam, jo liel\u0101kas aspir\u012bna devas palielina iek\u0161\u0113jas asi\u0146o\u0161anas risku, \u012bpa\u0161i gados vec\u0101kiem cilv\u0113kiem. Tramps gan nor\u0101d\u012bjis, ka pa\u013caujas uz saviem \u201clabajiem g\u0113niem\u201d un \u0101rstu ieteikumus neiev\u0113ro.<\/p>\n<p>Prezidenta rokas bie\u017ei redzamas ar kosm\u0113tiku, kas, p\u0113c Balt\u0101 nama preses sekret\u0101res teikt\u0101, tiek izmantota, lai nosl\u0113ptu zilumus. Tie it k\u0101 rodas no bie\u017eas roku spie\u0161anas, tom\u0113r medijos izskan\u0113ju\u0161as ar\u012b spekul\u0101cijas par Trampa vesel\u012bbas st\u0101vokli, tostarp dzirdes un redzes pasliktin\u0101\u0161anos.<\/p>\n<p>    CITI \u0160OBR\u012aD LASA<\/p>\n<p>Tramps atzinis, ka no\u017e\u0113lo padzi\u013cin\u0101tu medic\u012bnisko izmekl\u0113jumu veik\u0161anu 2025. gad\u0101, jo tas, vi\u0146apr\u0101t, devis kriti\u0137iem papildu iemeslus ap\u0161aub\u012bt vi\u0146a vesel\u012bbu. \u201cNekas man nekait,\u201d uzsv\u0113ris prezidents.<\/p>\n<p>Donalds Tramps, kur\u0161, nosl\u0113dzot otro prezident\u016bras termi\u0146u, b\u016bs vec\u0101kais ASV prezidents v\u0113stur\u0113, jau iepriek\u0161 centies mazin\u0101t sabiedr\u012bbas uzman\u012bbu savai vesel\u012bbai, ta\u010du redzam\u0101s paz\u012bmes arvien bie\u017e\u0101k raisa diskusijas par vi\u0146a fizisko st\u0101vokli.<\/p>\n<p>T\u0113mas<\/p>\n<p>    SAIST\u012aTIE RAKSTI<\/p>\n","protected":false},"excerpt":{"rendered":"Foto: Scanpix\/RS\/MPI\/Capital Pictures\/LETA ASV prezidents Donalds Tramps atzinis, ka regul\u0101ri lieto liel\u0101kas aspir\u012bna devas, nek\u0101 iesaka \u0101rsti, lai&hellip;\n","protected":false},"author":2,"featured_media":92037,"comment_status":"","ping_status":"","sticky":false,"template":"","format":"standard","meta":{"footnotes":""},"categories":[5],"tags":[23,28,29,32,33,22,30,31,35,39,38,36,37,34,40,20,26,27,24,25,21],"class_list":{"0":"post-92036","1":"post","2":"type-post","3":"status-publish","4":"format-standard","5":"has-post-thumbnail","7":"category-aktualitates","8":"tag-aktualitates","9":"tag-breaking-news","10":"tag-breakingnews","11":"tag-featured-news","12":"tag-featurednews","13":"tag-headlines","14":"tag-latest-news","15":"tag-latestnews","16":"tag-latvia","17":"tag-latvian","18":"tag-latviesu","19":"tag-latviesu-valoda","20":"tag-latviesuvaloda","21":"tag-latvija","22":"tag-lv","23":"tag-news","24":"tag-popularakas-zinas","25":"tag-popularakaszinas","26":"tag-top-stories","27":"tag-topstories","28":"tag-zinas"},"share_on_mastodon":{"url":"https:\/\/pubeurope.com\/@lv\/115821875197515900","error":""},"_links":{"self":[{"href":"https:\/\/www.europesays.com\/lv\/wp-json\/wp\/v2\/posts\/92036","targetHints":{"allow":["GET"]}}],"collection":[{"href":"https:\/\/www.europesays.com\/lv\/wp-json\/wp\/v2\/posts"}],"about":[{"href":"https:\/\/www.europesays.com\/lv\/wp-json\/wp\/v2\/types\/post"}],"author":[{"embeddable":true,"href":"https:\/\/www.europesays.com\/lv\/wp-json\/wp\/v2\/users\/2"}],"replies":[{"embeddable":true,"href":"https:\/\/www.europesays.com\/lv\/wp-json\/wp\/v2\/comments?post=92036"}],"version-history":[{"count":0,"href":"https:\/\/www.europesays.com\/lv\/wp-json\/wp\/v2\/posts\/92036\/revisions"}],"wp:featuredmedia":[{"embeddable":true,"href":"https:\/\/www.europesays.com\/lv\/wp-json\/wp\/v2\/media\/92037"}],"wp:attachment":[{"href":"https:\/\/www.europesays.com\/lv\/wp-json\/wp\/v2\/media?parent=92036"}],"wp:term":[{"taxonomy":"category","embeddable":true,"href":"https:\/\/www.europesays.com\/lv\/wp-json\/wp\/v2\/categories?post=92036"},{"taxonomy":"post_tag","embeddable":true,"href":"https:\/\/www.europesays.com\/lv\/wp-json\/wp\/v2\/tags?post=92036"}],"curies":[{"name":"wp","href":"https:\/\/api.w.org\/{rel}","templated":true}]}}