{"id":92038,"date":"2026-01-01T21:06:03","date_gmt":"2026-01-01T21:06:03","guid":{"rendered":"https:\/\/www.europesays.com\/lv\/92038\/"},"modified":"2026-01-01T21:06:03","modified_gmt":"2026-01-01T21:06:03","slug":"paula-strautmane-izcina-pirmo-trofeju-2026-gada-basketbols-sportacentrs-com","status":"publish","type":"post","link":"https:\/\/www.europesays.com\/lv\/92038\/","title":{"rendered":"Paula Strautmane izc\u012bna pirmo trofeju 2026. gad\u0101 \u2013 Basketbols \u2013 Sportacentrs.com"},"content":{"rendered":"<p>Izra\u0113las virsl\u012bgas klubi c\u012bn\u0101s par tr\u012bs trofej\u0101m \u2013 \u201cAthena Winner\u201d kausu, nacion\u0101l\u0101 \u010dempiona titulu un Izra\u0113las kausu. Pirmaj\u0101 no \u0161iem turn\u012briem fin\u0101l\u0101 tik\u0101s \u201cMaccabi Ramat Gan\u201d un \u201cHapoel Rishon le Zion\u201d.<\/p>\n<p>Sp\u0113le notika neitr\u0101l\u0101 laukum\u0101, Magenas kibuc\u0101, kas izvietojies Negevas tuksnes\u012b, apm\u0113ram 20 kilometrus no \u0112\u0123iptes robe\u017eas. Tik\u0161an\u0101s tika transl\u0113ta viet\u0113j\u0101 telev\u012bzij\u0101, ta\u010du tai netika nodro\u0161in\u0101ta l\u012bgas sp\u0113l\u0113s pied\u0101v\u0101t\u0101 statistika.<\/p>\n<p>\u201cHapoel Rishon le Zion\u201d c\u012b\u0146as priek\u0161vakar\u0101 sa\u0146\u0113ma pastiprin\u0101jumu. Komandai pievienoj\u0101s amerik\u0101\u0146u uzbruc\u0113ja Morgana B\u012btija, kura sezonu s\u0101ka Francijas otraj\u0101 l\u012bg\u0101. V\u0113l pretinie\u010du vien\u012bb\u0101 sp\u0113l\u0113ja Izra\u0113las valstsvien\u012bbas kapteine \u012adena Cipela.<\/p>\n<p>Paula Strautmane un \u201cMaccabi Ramat Gan\u201d izc\u012bn\u012bja uzvaru ar 66:62, komandai nopelnot pirmo trofeju viet\u0113jos turn\u012bros kop\u0161 2021. gada.<\/p>\n<p>\u201cHamas\u201d teroristi 2023. gada 7. oktobr\u012b <a href=\"https:\/\/www.ynetnews.com\/article\/byknnnyixl\" rel=\"nofollow noopener\" target=\"_blank\">uzbruka Magenas kibucam<\/a>. Pa\u0161aizsardz\u012bbas vien\u012bba atvair\u012bja apm\u0113ram 30 teroristu uzbrukumu. Divi aizst\u0101vji zaud\u0113ja dz\u012bv\u012bbas \u2013 Avi Flei\u0161ers un Ofirs Mordehajs Jarons. Izra\u0113las un \u201cHamas\u201d kar\u0161 turpin\u0101j\u0101s l\u012bdz 2025. gada oktobrim.<\/p>\n","protected":false},"excerpt":{"rendered":"Izra\u0113las virsl\u012bgas klubi c\u012bn\u0101s par tr\u012bs trofej\u0101m \u2013 \u201cAthena Winner\u201d kausu, nacion\u0101l\u0101 \u010dempiona titulu un Izra\u0113las kausu. Pirmaj\u0101&hellip;\n","protected":false},"author":2,"featured_media":92039,"comment_status":"","ping_status":"","sticky":false,"template":"","format":"standard","meta":{"footnotes":""},"categories":[17],"tags":[145,35,39,38,36,37,34,40,67],"class_list":{"0":"post-92038","1":"post","2":"type-post","3":"status-publish","4":"format-standard","5":"has-post-thumbnail","7":"category-sports","8":"tag-basketbols","9":"tag-latvia","10":"tag-latvian","11":"tag-latviesu","12":"tag-latviesu-valoda","13":"tag-latviesuvaloda","14":"tag-latvija","15":"tag-lv","16":"tag-sports"},"share_on_mastodon":{"url":"https:\/\/pubeurope.com\/@lv\/115821883139000511","error":""},"_links":{"self":[{"href":"https:\/\/www.europesays.com\/lv\/wp-json\/wp\/v2\/posts\/92038","targetHints":{"allow":["GET"]}}],"collection":[{"href":"https:\/\/www.europesays.com\/lv\/wp-json\/wp\/v2\/posts"}],"about":[{"href":"https:\/\/www.europesays.com\/lv\/wp-json\/wp\/v2\/types\/post"}],"author":[{"embeddable":true,"href":"https:\/\/www.europesays.com\/lv\/wp-json\/wp\/v2\/users\/2"}],"replies":[{"embeddable":true,"href":"https:\/\/www.europesays.com\/lv\/wp-json\/wp\/v2\/comments?post=92038"}],"version-history":[{"count":0,"href":"https:\/\/www.europesays.com\/lv\/wp-json\/wp\/v2\/posts\/92038\/revisions"}],"wp:featuredmedia":[{"embeddable":true,"href":"https:\/\/www.europesays.com\/lv\/wp-json\/wp\/v2\/media\/92039"}],"wp:attachment":[{"href":"https:\/\/www.europesays.com\/lv\/wp-json\/wp\/v2\/media?parent=92038"}],"wp:term":[{"taxonomy":"category","embeddable":true,"href":"https:\/\/www.europesays.com\/lv\/wp-json\/wp\/v2\/categories?post=92038"},{"taxonomy":"post_tag","embeddable":true,"href":"https:\/\/www.europesays.com\/lv\/wp-json\/wp\/v2\/tags?post=92038"}],"curies":[{"name":"wp","href":"https:\/\/api.w.org\/{rel}","templated":true}]}}