{"id":92043,"date":"2026-01-01T21:10:17","date_gmt":"2026-01-01T21:10:17","guid":{"rendered":"https:\/\/www.europesays.com\/lv\/92043\/"},"modified":"2026-01-01T21:10:17","modified_gmt":"2026-01-01T21:10:17","slug":"jaungada-svinibu-laika-izcelies-ugunsgreks-vairaki-desmiti-cilveku-mirusi","status":"publish","type":"post","link":"https:\/\/www.europesays.com\/lv\/92043\/","title":{"rendered":"Jaungada svin\u012bbu laik\u0101 izc\u0113lies ugunsgr\u0113ks; vair\u0101ki desmiti cilv\u0113ku miru\u0161i"},"content":{"rendered":"<p>Iepriek\u0161 policija pazi\u0146oja, ka g\u0101ju\u0161i boj\u0101 vair\u0101ki desmiti un ievainoti aptuveni 100 cilv\u0113ku, k\u0101 ar\u012b nor\u0101d\u012bja, ka nav skaidr\u012bbas par prec\u012bz\u0101ku skaitu, piebilstot, ka notiek boj\u0101g\u0101ju\u0161o identific\u0113\u0161ana.<\/p>\n<p>Daudzi ievainotie, kas nog\u0101d\u0101ti da\u017e\u0101d\u0101s \u0160veices slimn\u012bc\u0101s, ir smag\u0101 st\u0101vokl\u012b. B\u0101r\u0101 biju\u0161i daudzi gados jauni cilv\u0113ki, t\u0101, piem\u0113ram, slimn\u012bc\u0101 Lozann\u0101 nog\u0101d\u0101ti 22 ievainotie 16 l\u012bdz 26 gadu vecum\u0101.<\/p>\n<p>Ugunsgr\u0113ks izc\u0113lies ap pulksten 1.30 (2.30 p\u0113c Latvijas laika) b\u0101r\u0101 &#8220;Le Constellation&#8221;.<\/p>\n<p>Notiek izmekl\u0113\u0161ana, lai noskaidrotu ugunsgr\u0113ka c\u0113loni, nor\u0101d\u012bja policija, piebilstot, ka nekas neliecina par to, ka b\u016btu noticis uzbrukums.<\/p>\n<p>Divas sievietes, kas biju\u0161as b\u0101r\u0101, past\u0101st\u012bja Francijas raidorganiz\u0101cijai BFMTV, ka vi\u0146as redz\u0113ju\u0161as b\u0101rmeni, kas uz pleciem nesis b\u0101ra darbinieci, kurai rok\u0101s bijusi pudel\u0113 iesprausta dego\u0161a svece, kas aizdedzin\u0101jusi koka griestus. Liesmas izplat\u012bju\u0161\u0101s un griesti iebruku\u0161i.<\/p>\n<p>\u0160veices mediji pirms tam v\u0113st\u012bja, ka ugunsgr\u0113ku var\u0113tu b\u016bt izrais\u012bjusi b\u0101r\u0101 notiku\u0161\u0101 koncerta laik\u0101 izmantot\u0101 pirotehnika.<\/p>\n<p>Policija nav koment\u0113jusi mediju v\u0113st\u012bto.<\/p>\n<p>Liecinieki ar\u012b st\u0101st\u012bju\u0161i, ka bijis dzirdams <a href=\"https:\/\/www.tvnet.lv\/term\/567141\/spradziens\" class=\"topicLink\" target=\"_blank\" rel=\"nofollow noopener\">spr\u0101dziens<\/a>, bet policija nor\u0101d\u012bjusi, ka tas noticis jau k\u0101du laiku p\u0113c tam, kad ugunsgr\u0113ks bija s\u0101cies, t\u0101tad nav izrais\u012bjis ugunsgr\u0113ku.<\/p>\n<p>Kranmontana ir starptautiski paz\u012bstams sl\u0113po\u0161anas k\u016brorts, kuru apmekl\u0113 daudzi \u0101rzemju t\u016bristi.<\/p>\n<p>\u0160veices amatpersonas v\u0113l nav inform\u0113ju\u0161as par boj\u0101g\u0101ju\u0161o un ievainoto pilson\u012bbu, bet Francijas \u0100rlietu ministrija pav\u0113st\u012bjusi, ka starp ievainotajiem ir divi Francijas pilso\u0146i. Savuk\u0101rt It\u0101lijas \u0100rlietu ministrijas r\u012bc\u012bb\u0101 ir zi\u0146as par 15 ievainotiem It\u0101lijas pilso\u0146iem.<\/p>\n","protected":false},"excerpt":{"rendered":"Iepriek\u0161 policija pazi\u0146oja, ka g\u0101ju\u0161i boj\u0101 vair\u0101ki desmiti un ievainoti aptuveni 100 cilv\u0113ku, k\u0101 ar\u012b nor\u0101d\u012bja, ka nav&hellip;\n","protected":false},"author":2,"featured_media":92044,"comment_status":"","ping_status":"","sticky":false,"template":"","format":"standard","meta":{"footnotes":""},"categories":[5],"tags":[23,28,29,32,33,22,30,31,35,39,38,36,37,34,40,20,26,27,5981,7239,24,25,21],"class_list":{"0":"post-92043","1":"post","2":"type-post","3":"status-publish","4":"format-standard","5":"has-post-thumbnail","7":"category-aktualitates","8":"tag-aktualitates","9":"tag-breaking-news","10":"tag-breakingnews","11":"tag-featured-news","12":"tag-featurednews","13":"tag-headlines","14":"tag-latest-news","15":"tag-latestnews","16":"tag-latvia","17":"tag-latvian","18":"tag-latviesu","19":"tag-latviesu-valoda","20":"tag-latviesuvaloda","21":"tag-latvija","22":"tag-lv","23":"tag-news","24":"tag-popularakas-zinas","25":"tag-popularakaszinas","26":"tag-spradziens","27":"tag-sveice","28":"tag-top-stories","29":"tag-topstories","30":"tag-zinas"},"share_on_mastodon":{"url":"https:\/\/pubeurope.com\/@lv\/115821898832590120","error":""},"_links":{"self":[{"href":"https:\/\/www.europesays.com\/lv\/wp-json\/wp\/v2\/posts\/92043","targetHints":{"allow":["GET"]}}],"collection":[{"href":"https:\/\/www.europesays.com\/lv\/wp-json\/wp\/v2\/posts"}],"about":[{"href":"https:\/\/www.europesays.com\/lv\/wp-json\/wp\/v2\/types\/post"}],"author":[{"embeddable":true,"href":"https:\/\/www.europesays.com\/lv\/wp-json\/wp\/v2\/users\/2"}],"replies":[{"embeddable":true,"href":"https:\/\/www.europesays.com\/lv\/wp-json\/wp\/v2\/comments?post=92043"}],"version-history":[{"count":0,"href":"https:\/\/www.europesays.com\/lv\/wp-json\/wp\/v2\/posts\/92043\/revisions"}],"wp:featuredmedia":[{"embeddable":true,"href":"https:\/\/www.europesays.com\/lv\/wp-json\/wp\/v2\/media\/92044"}],"wp:attachment":[{"href":"https:\/\/www.europesays.com\/lv\/wp-json\/wp\/v2\/media?parent=92043"}],"wp:term":[{"taxonomy":"category","embeddable":true,"href":"https:\/\/www.europesays.com\/lv\/wp-json\/wp\/v2\/categories?post=92043"},{"taxonomy":"post_tag","embeddable":true,"href":"https:\/\/www.europesays.com\/lv\/wp-json\/wp\/v2\/tags?post=92043"}],"curies":[{"name":"wp","href":"https:\/\/api.w.org\/{rel}","templated":true}]}}