{"id":92045,"date":"2026-01-01T21:14:24","date_gmt":"2026-01-01T21:14:24","guid":{"rendered":"https:\/\/www.europesays.com\/lv\/92045\/"},"modified":"2026-01-01T21:14:24","modified_gmt":"2026-01-01T21:14:24","slug":"protesti-irana-versas-plasuma-tris-bojagajusie-un-17-ievainotie","status":"publish","type":"post","link":"https:\/\/www.europesays.com\/lv\/92045\/","title":{"rendered":"Protesti Ir\u0101n\u0101 v\u0113r\u0161as pla\u0161um\u0101 \u2013 tr\u012bs boj\u0101g\u0101ju\u0161ie un 17 ievainotie"},"content":{"rendered":"<p>Protestos pret dz\u012bves d\u0101rz\u012bbu, kas Ir\u0101n\u0101 s\u0101k\u0101s sv\u0113tdien, kad cilv\u0113ki dev\u0101s iel\u0101s var\u0101k\u0101s valsts provinc\u0113s, dz\u012bv\u012bbu zaud\u0113ju\u0161i tr\u012bs cilv\u0113ki un 17 ievainoti, kad protest\u0113t\u0101ji iebruka policijas iecirkn\u012b Aznas pils\u0113t\u0101, raksta CNN. <\/p>\n<p class=\"m-0\">Seko &#8220;Delfi&#8221; ar\u012b  <a target=\"_blank\" href=\"https:\/\/www.instagram.com\/delfi.lv\/\" rel=\"nofollow noopener\">Instagram<\/a>  un <a target=\"_blank\" href=\"https:\/\/www.youtube.com\/channel\/UCw5foWtcJvAbUm64rv7jwUQ\" rel=\"nofollow noopener\">YouTube<\/a>  profil\u0101 \u2013 pievienojies, lai uzzin\u0101tu svar\u012bg\u0101ko un interesant\u0101ko pirmais!<\/p>\n<p>Publik\u0101cijas saturs vai t\u0101s jebk\u0101da apjoma da\u013ca ir aizsarg\u0101ts autorties\u012bbu objekts Autorties\u012bbu likuma izpratn\u0113, un t\u0101 izmanto\u0161ana bez izdev\u0113ja at\u013caujas ir aizliegta. Vair\u0101k lasi  <a target=\"_blank\" href=\"https:\/\/www.delfi.lv\/noteikumi#autortiesibas\" rel=\"nofollow noopener\">\u0161eit<\/a><script async src=\"\/\/www.instagram.com\/embed.js\"><\/script><\/p>\n","protected":false},"excerpt":{"rendered":"Protestos pret dz\u012bves d\u0101rz\u012bbu, kas Ir\u0101n\u0101 s\u0101k\u0101s sv\u0113tdien, kad cilv\u0113ki dev\u0101s iel\u0101s var\u0101k\u0101s valsts provinc\u0113s, dz\u012bv\u012bbu zaud\u0113ju\u0161i tr\u012bs&hellip;\n","protected":false},"author":2,"featured_media":92046,"comment_status":"","ping_status":"","sticky":false,"template":"","format":"standard","meta":{"footnotes":""},"categories":[14],"tags":[23,57,28,29,32,33,22,2562,30,31,35,39,38,36,37,34,40,20,26,27,4204,24,25,54,55,56,21,58],"class_list":{"0":"post-92045","1":"post","2":"type-post","3":"status-publish","4":"format-standard","5":"has-post-thumbnail","7":"category-zinas-no-arvalstim","8":"tag-aktualitates","9":"tag-arvalstim","10":"tag-breaking-news","11":"tag-breakingnews","12":"tag-featured-news","13":"tag-featurednews","14":"tag-headlines","15":"tag-irana","16":"tag-latest-news","17":"tag-latestnews","18":"tag-latvia","19":"tag-latvian","20":"tag-latviesu","21":"tag-latviesu-valoda","22":"tag-latviesuvaloda","23":"tag-latvija","24":"tag-lv","25":"tag-news","26":"tag-popularakas-zinas","27":"tag-popularakaszinas","28":"tag-protesti","29":"tag-top-stories","30":"tag-topstories","31":"tag-world","32":"tag-world-news","33":"tag-worldnews","34":"tag-zinas","35":"tag-zinas-no-arvalstim"},"share_on_mastodon":{"url":"https:\/\/pubeurope.com\/@lv\/115821914546355660","error":""},"_links":{"self":[{"href":"https:\/\/www.europesays.com\/lv\/wp-json\/wp\/v2\/posts\/92045","targetHints":{"allow":["GET"]}}],"collection":[{"href":"https:\/\/www.europesays.com\/lv\/wp-json\/wp\/v2\/posts"}],"about":[{"href":"https:\/\/www.europesays.com\/lv\/wp-json\/wp\/v2\/types\/post"}],"author":[{"embeddable":true,"href":"https:\/\/www.europesays.com\/lv\/wp-json\/wp\/v2\/users\/2"}],"replies":[{"embeddable":true,"href":"https:\/\/www.europesays.com\/lv\/wp-json\/wp\/v2\/comments?post=92045"}],"version-history":[{"count":0,"href":"https:\/\/www.europesays.com\/lv\/wp-json\/wp\/v2\/posts\/92045\/revisions"}],"wp:featuredmedia":[{"embeddable":true,"href":"https:\/\/www.europesays.com\/lv\/wp-json\/wp\/v2\/media\/92046"}],"wp:attachment":[{"href":"https:\/\/www.europesays.com\/lv\/wp-json\/wp\/v2\/media?parent=92045"}],"wp:term":[{"taxonomy":"category","embeddable":true,"href":"https:\/\/www.europesays.com\/lv\/wp-json\/wp\/v2\/categories?post=92045"},{"taxonomy":"post_tag","embeddable":true,"href":"https:\/\/www.europesays.com\/lv\/wp-json\/wp\/v2\/tags?post=92045"}],"curies":[{"name":"wp","href":"https:\/\/api.w.org\/{rel}","templated":true}]}}