{"id":92051,"date":"2026-01-01T21:22:18","date_gmt":"2026-01-01T21:22:18","guid":{"rendered":"https:\/\/www.europesays.com\/lv\/92051\/"},"modified":"2026-01-01T21:22:18","modified_gmt":"2026-01-01T21:22:18","slug":"svetku-nakti-daudzdzivoklu-majas-balkona-ielidojusi-petarde-dega-egle-vugd-strada-lente-lv","status":"publish","type":"post","link":"https:\/\/www.europesays.com\/lv\/92051\/","title":{"rendered":"Sv\u0113tku nakt\u012b daudzdz\u012bvok\u013cu m\u0101jas balkon\u0101 ielidojusi petarde, dega egle; VUGD str\u0101d\u0101\u00a0\u2014\u00a0Lente.lv"},"content":{"rendered":"<p>Ugunsgr\u0113ks uz balkona un dego\u0161a egle<\/p>\n<p>Aizvad\u012btaj\u0101 sv\u0113tku nakt\u012b Valsts ugunsdz\u0113s\u012bbas un gl\u0101b\u0161anas dienesta (VUGD) darbinieki rea\u0123\u0113ju\u0161i uz vair\u0101kiem izsaukumiem, tostarp uz gad\u012bjumu, kad daudzdz\u012bvok\u013cu m\u0101jas balkon\u0101 ielidojusi petarde, k\u0101 rezult\u0101t\u0101 aizdedzies ar\u012b sv\u0113tku egl\u012bte. Lai gan \u0161aj\u0101 gad\u012bjum\u0101 cilv\u0113ki nav cietu\u0161i, VUGD uzsver, ka pirotehnikas lieto\u0161ana prasa \u012bpa\u0161u uzman\u012bbu. K\u0101 inform\u0113 port\u0101ls jauns.lv, aizvad\u012btaj\u0101 diennakt\u012b kopum\u0101 ugunsgr\u0113kos nav g\u0101ju\u0161i boj\u0101, cietu\u0161i vai izgl\u0101bti cilv\u0113ki, ta\u010du re\u0123istr\u0113ti vair\u0101ki ugunsgr\u0113ki, kuros no m\u0101jok\u013ciem evaku\u0113ju\u0161ies 50 cilv\u0113ki.<\/p>\n<p>Pirotehnikas risks sv\u0113tku laik\u0101<\/p>\n<p>VUGD statistika liecina, ka sv\u0113tku periodi bie\u017ei vien saist\u012bti ar palielin\u0101tu ugunsgr\u0113ku risku, ko rada neapdom\u012bga r\u012bc\u012bba ar pirotehniku. Lai gan ofici\u0101lie sal\u016bti k\u013cuvu\u0161i ret\u0101ki, daudzviet iedz\u012bvot\u0101ji joproj\u0101m izmanto da\u017e\u0101dus ugu\u0146o\u0161anas l\u012bdzek\u013cus. \u0160\u0101di gad\u012bjumi, k\u0101 petardes nok\u013c\u016b\u0161ana uz balkona, ir \u012bpa\u0161i b\u012bstami, jo uguns var \u0101tri izplat\u012bties uz dz\u012bvojamo \u0113ku. VUGD atg\u0101dina, ka pirotehnika j\u0101lieto tikai tam paredz\u0113t\u0101s viet\u0101s un dro\u0161\u0101 att\u0101lum\u0101 no \u0113k\u0101m un cilv\u0113kiem.<\/p>\n<p>Vair\u0101ki ugunsgr\u0113ki un evaku\u0101cijas<\/p>\n<p>Lai gan prec\u012bzi dati par konkr\u0113to sv\u0113tku nakti v\u0113l tiek apkopoti, VUGD sniedz visp\u0101r\u0113ju ieskatu par aizvad\u012bto diennak\u0161u situ\u0101ciju. Inform\u0101cija liecina, ka ir biju\u0161i vair\u0101ki ugunsgr\u0113ki, no kuriem kopum\u0101 evaku\u0113ti 50 cilv\u0113ki. \u0160\u0101di gad\u012bjumi, kad nepiecie\u0161ama cilv\u0113ku evaku\u0101cija, uzsver VUGD gatav\u012bbu rea\u0123\u0113t uz da\u017e\u0101d\u0101m kr\u012bzes situ\u0101cij\u0101m un operat\u012bvi nodro\u0161in\u0101t iedz\u012bvot\u0101ju dro\u0161\u012bbu.<\/p>\n<p>Dro\u0161\u012bbas pas\u0101kumi un prevent\u012bv\u0101 inform\u0101cija<\/p>\n<p>VUGD nep\u0101rtraukti str\u0101d\u0101 pie sabiedr\u012bbas inform\u0113\u0161anas par dro\u0161\u012bbas jaut\u0101jumiem, \u012bpa\u0161i sv\u0113tku laik\u0101. Tiek sniegti padomi par dro\u0161u sv\u0113tku eg\u013cu kop\u0161anu, pirotehnikas lieto\u0161anu un cit\u0101m potenci\u0101l\u0101m b\u012bstam\u012bbas situ\u0101cij\u0101m. Dienests aicina iedz\u012bvot\u0101jus b\u016bt atbild\u012bgiem un r\u016bp\u0113ties ne tikai par savu, bet ar\u012b par l\u012bdzcilv\u0113ku dro\u0161\u012bbu, nov\u0113r\u0161ot iesp\u0113jamus negad\u012bjumus.<\/p>\n<p>Pirotehnikas rad\u012bt\u0101s sekas un riski<\/p>\n<p>Bailes no ska\u013ciem trok\u0161\u0146iem, ko rada pirotehnika, var rad\u012bt ne tikai cilv\u0113kiem, bet ar\u012b dz\u012bvniekiem, k\u0101 liecina nesenais gad\u012bjums, kad R\u012bg\u0101 pazudis suns, nobijies no sal\u016bta. Lai gan \u0161is nav saist\u012bts tie\u0161i ar ugunsgr\u0113ku, tas ilustr\u0113 pirotehnikas pla\u0161\u0101k\u0101s sekas. Agr\u0101k\u0101s Jaungada nakt\u012bs ir biju\u0161i ar\u012b tra\u0123iski gad\u012bjumi, kad cilv\u0113ki guvu\u0161i traumas vai boj\u0101ju\u0161ies pirotehnikas lieto\u0161anas rezult\u0101t\u0101, piem\u0113ram, viens gad\u012bjums tika re\u0123istr\u0113ts \u0136ekavas novad\u0101, kur v\u012brietis ie\u0161\u0101vis sev sej\u0101 ar sal\u016btu. T\u0101pat R\u012bg\u0101 ir gad\u012bjies, ka deg daudzdz\u012bvok\u013cu nams. Lai gan ofici\u0101lie sal\u016bti ir ret\u0101ki, VUGD atg\u0101dina, ka svar\u012bgi ir apzin\u0101ties pirotehnikas rad\u012bto risku un lietot to atbild\u012bgi.<\/p>\n","protected":false},"excerpt":{"rendered":"Ugunsgr\u0113ks uz balkona un dego\u0161a egle Aizvad\u012btaj\u0101 sv\u0113tku nakt\u012b Valsts ugunsdz\u0113s\u012bbas un gl\u0101b\u0161anas dienesta (VUGD) darbinieki rea\u0123\u0113ju\u0161i uz&hellip;\n","protected":false},"author":2,"featured_media":92052,"comment_status":"","ping_status":"","sticky":false,"template":"","format":"standard","meta":{"footnotes":""},"categories":[5],"tags":[23,28,29,334,32,33,22,30,31,35,39,38,36,37,34,40,20,23130,26,27,12491,24,25,377,4908,21],"class_list":{"0":"post-92051","1":"post","2":"type-post","3":"status-publish","4":"format-standard","5":"has-post-thumbnail","7":"category-aktualitates","8":"tag-aktualitates","9":"tag-breaking-news","10":"tag-breakingnews","11":"tag-drosiba","12":"tag-featured-news","13":"tag-featurednews","14":"tag-headlines","15":"tag-latest-news","16":"tag-latestnews","17":"tag-latvia","18":"tag-latvian","19":"tag-latviesu","20":"tag-latviesu-valoda","21":"tag-latviesuvaloda","22":"tag-latvija","23":"tag-lv","24":"tag-news","25":"tag-petarde","26":"tag-popularakas-zinas","27":"tag-popularakaszinas","28":"tag-svetki","29":"tag-top-stories","30":"tag-topstories","31":"tag-ugunsgreks","32":"tag-vugd","33":"tag-zinas"},"share_on_mastodon":{"url":"https:\/\/pubeurope.com\/@lv\/115821945989196518","error":""},"_links":{"self":[{"href":"https:\/\/www.europesays.com\/lv\/wp-json\/wp\/v2\/posts\/92051","targetHints":{"allow":["GET"]}}],"collection":[{"href":"https:\/\/www.europesays.com\/lv\/wp-json\/wp\/v2\/posts"}],"about":[{"href":"https:\/\/www.europesays.com\/lv\/wp-json\/wp\/v2\/types\/post"}],"author":[{"embeddable":true,"href":"https:\/\/www.europesays.com\/lv\/wp-json\/wp\/v2\/users\/2"}],"replies":[{"embeddable":true,"href":"https:\/\/www.europesays.com\/lv\/wp-json\/wp\/v2\/comments?post=92051"}],"version-history":[{"count":0,"href":"https:\/\/www.europesays.com\/lv\/wp-json\/wp\/v2\/posts\/92051\/revisions"}],"wp:featuredmedia":[{"embeddable":true,"href":"https:\/\/www.europesays.com\/lv\/wp-json\/wp\/v2\/media\/92052"}],"wp:attachment":[{"href":"https:\/\/www.europesays.com\/lv\/wp-json\/wp\/v2\/media?parent=92051"}],"wp:term":[{"taxonomy":"category","embeddable":true,"href":"https:\/\/www.europesays.com\/lv\/wp-json\/wp\/v2\/categories?post=92051"},{"taxonomy":"post_tag","embeddable":true,"href":"https:\/\/www.europesays.com\/lv\/wp-json\/wp\/v2\/tags?post=92051"}],"curies":[{"name":"wp","href":"https:\/\/api.w.org\/{rel}","templated":true}]}}