{"id":92053,"date":"2026-01-01T21:28:17","date_gmt":"2026-01-01T21:28:17","guid":{"rendered":"https:\/\/www.europesays.com\/lv\/92053\/"},"modified":"2026-01-01T21:28:17","modified_gmt":"2026-01-01T21:28:17","slug":"citadas-svinibas-uguniga-zirga-gadu-marupe-sagaida-stalli-raksts","status":"publish","type":"post","link":"https:\/\/www.europesays.com\/lv\/92053\/","title":{"rendered":"Cit\u0101das svin\u012bbas \u2013 Ugun\u012bg\u0101 zirga gadu M\u0101rup\u0113 sagaida stall\u012b \/ Raksts"},"content":{"rendered":"<p>Kam\u0113r daudzi Jauno gadu sagaida pie televizora ekr\u0101niem vai pils\u0113tas centr\u0101 v\u0113rojot sv\u0113tku ugu\u0146o\u0161anu, \u0161aj\u0101 gadu mij\u0101 M\u0101rup\u0113 bija k\u0101da vieta, kur sv\u0113tki norit\u0113ja pavisam cit\u0101d\u0101k. San\u0101ku\u0161ie viesi Ugun\u012bg\u0101 zirga gadu svin\u0113ja stall\u012b. Taj\u0101 tika uzkl\u0101ts sv\u0113tku galds, bet aiz viesu mugur\u0101m to visu v\u0113roja sta\u013c\u013ca iem\u012btnieki \u2013\u00a0zirgi.<\/p>\n<p>\u0160\u0101du iesp\u0113ju zirgu stall\u012b saviem radiem, draugiem un zirgu m\u012b\u013cot\u0101jiem \u0161ogad bija sar\u016bp\u0113jusi Sandra Zaiceva. Stall\u012b ir kl\u0101ts sv\u0113tku galds, bet aiz viesu mugur\u0101m\u00a0galvenie nov\u0113rot\u0101ji ir zirgi. Klusi, zi\u0146k\u0101r\u012bgi un uzman\u012bgi \u2013 k\u0101 jau \u012bsti saimnieki.\u00a0<\/p>\n<p>&#8220;Viens mandar\u012bns jau ir ap\u0113sts. Prec\u012bz\u0101k, iekosts, jo zirgiem mandar\u012bni negar\u0161o. Burk\u0101ni k\u0101 cienasts zirgiem nevienam viesim netika pieteikti, bet visi viesi zina, ka uz stalli j\u0101n\u0101k ir ar k\u0101rumiem. Zirgiem ir pilns ar burk\u0101niem, un \u0161odien vi\u0146i ir diezgan labi \u0113du\u0161i,&#8221; st\u0101sta\u00a0atp\u016btas vietas &#8220;Zirgzandales&#8221; saimniece\u00a0Zaiceva.\u00a0<\/p>\n<p><img decoding=\"async\" src=\"https:\/\/www.europesays.com\/lv\/wp-content\/uploads\/2026\/01\/sdri.jpg\" alt=\"Jaungada sagaid\u012b\u0161ana atp\u016btas viet\u0101 &quot;Zirgzandales&quot;\"\/>Jaungada sagaid\u012b\u0161ana atp\u016btas viet\u0101 &#8220;Zirgzandales&#8221;<\/p>\n<p>Foto: Uldis Birzi\u0146\u0161 \/ Latvijas Telev\u012bzija<\/p>\n<\/p>\n<p>31. decembris ir ne vien diena, kad tiek aizvad\u012bts vecais gads, bet ar\u012b svin\u0113ta saimnieces Sandras Zaiceves dzim\u0161anas diena. San\u0101ku\u0161ie viesi ir saj\u016bsm\u0101 par sv\u0113tkiem zirgu stall\u012b.<\/p>\n<blockquote>\n<p>&#8220;N\u0101kamais ir Ugun\u012bg\u0101 zirga gads. Kur lab\u0101k sagaid\u012bt jauno gadu, ja ne pie zirgiem. Izstaig\u0101j\u0101m jau labu, skaistu apl\u012bti ar zirgiem. Pavad\u012bj\u0101m veco gadu un sagaid\u012bsim jauno gadu,&#8221; st\u0101sta viesi Ren\u0101rs, Art\u016brs un Krist\u012bne.<\/p>\n<\/blockquote>\n<p>&#8220;\u013boti jautri. Es esmu te daudz bijusi. Mana mamma \u0161eit ir str\u0101d\u0101jusi,&#8221; pau\u017e\u00a0Klinta.<\/p>\n<p>Pie galda neviens gan ilgi nes\u0113\u017e. T\u0101 viet\u0101 ir pastaigas me\u017e\u0101 ar zirgiem, dzied\u0101\u0161ana un da\u017e\u0101das sp\u0113les. Viss, kas notiek, ir saist\u012bts par un ap zirgiem.<\/p>\n<p>&#8220;Zirgi ir br\u012bv\u012bbu m\u012blo\u0161i. Kaut ar\u012b vi\u0146\u0161 sadarbojas ar cilv\u0113ku, vi\u0146\u0161 vienalga m\u012bl br\u012bv\u012bbu. Zirgs vienm\u0113r b\u016bs br\u012bv\u012bbas, neatkar\u012bbas, sp\u0113ka simbols, rado\u0161uma simbols. Vi\u0146i ar\u012b ir \u013coti jut\u012bgi dz\u012bvnieki. Vi\u0146iem ir \u0101rk\u0101rt\u012bgi sp\u0113c\u012bgs biolauks, un vi\u0146i taj\u0101 ietver cilv\u0113ku. Vi\u0146i cilv\u0113ku aij\u0101, \u0161\u016bpo un atbr\u012bvo no visa slikt\u0101,&#8221; st\u0101sta\u00a0&#8220;Zirgzandales&#8221; saimniece.\u00a0<\/p>\n<p>Zirgu raksturi ir da\u017e\u0101di. Vieni ir mier\u012bgi k\u0101 ziemas vakars, bet citi \u2013 ar \u012bstu uguni ac\u012bs.\u00a0<\/p>\n<p>&#8220;Kur\u0161 no m\u016bs\u0113jiem zirgiem ir visugun\u012bg\u0101kais? Par kuru zirgu j\u016bs balsotu? \u010cita. J\u0101 \u010cita. Bet \u010citai nepat\u012bk film\u0113ties, vi\u0146a tur ir aizgriezusies un skat\u0101s pa logu. Ringo mums var\u0113tu b\u016bt diezgan ugun\u012bgs zirgs. Redz, kur vi\u0146\u0161 \u0161obr\u012bd \u013coti piedal\u0101s. Ir mier\u012bgs, bet paties\u012bb\u0101 vi\u0146am ir t\u0101da rikt\u012bga uguns iek\u0161\u0101,&#8221; v\u0113rt\u0113 Zaiceva.<\/p>\n<p><img decoding=\"async\" src=\"https:\/\/www.europesays.com\/lv\/wp-content\/uploads\/2026\/01\/sdrj.jpg\" alt=\"Jaungada sagaid\u012b\u0161ana atp\u016btas viet\u0101 &quot;Zirgzandales&quot;\"\/>Jaungada sagaid\u012b\u0161ana atp\u016btas viet\u0101 &#8220;Zirgzandales&#8221;<\/p>\n<p>Foto: Uldis Birzi\u0146\u0161 \/ Latvijas Telev\u012bzija<\/p>\n<\/p>\n<blockquote>\n<p>Gadu mij\u0101 viesi ir izn\u0101ku\u0161i \u0101r\u0101 no sta\u013c\u013ca pie sniegot\u0101m egl\u0113m. Rok\u0101s br\u012bnumsvec\u012btes, bet t\u0101lum\u0101 fon\u0101 \u2013 sv\u0113tku ugu\u0146o\u0161ana.<\/p>\n<\/blockquote>\n<p>&#8220;Es esmu person\u012bgi Ugun\u012bgais zirgs. Ugun\u012bg\u0101 zirga gad\u0101 esmu dzimis. Tas gads b\u016bs man\u0113jais,&#8221; saka\u00a0Kaspars. &#8220;\u013boti grib\u0113tos, lai beidzot iest\u0101tos miers. Lai mums visiem b\u016btu mier\u012bga sirds.&#8221;\u00a0<\/p>\n<p>&#8220;Galvenais tom\u0113r ir st\u0101ja, pa\u0161cie\u0146a, lepnums. K\u0101 visus kop\u0101 apvienot? Te ir ar\u012b poniji. Bet katr\u0101 zi\u0146\u0101 \u2013 galvu aug\u0161\u0101,&#8221; savuk\u0101rt pau\u017e Ilze.\u00a0<\/p>\n<p>&#8220;Noteikti j\u0101b\u016bt \u013coti jestram gadam, vesel\u012bgam gadam. J\u0101b\u016bt ir pilnam ar laimi, t\u0101p\u0113c ka laimes pakavi visi \u010detri zirdzi\u0146am ir. Dz\u012bvesprieku un galvenais \u2013 bag\u0101t\u012bgu p\u0101rsteigumu pilnu\u00a0gadu,&#8221; piebilst Ren\u0101rs, Art\u016brs un Krist\u012bne.\u00a0<\/p>\n<p>Run\u0101, ka zirgi nakt\u012b m\u0113dz run\u0101t. Ko tie\u0161i vi\u0146i sac\u012bja nakt\u012b uz 2026. gadu \u2013 tas paliek tikai \u0161\u012b sta\u013c\u013ca sien\u0101sm. Bet viesi m\u0101j\u0101s dev\u0101s ar saj\u016btu, ka jaunais gads ir s\u0101cies mier\u012bgi, silti un ar zirga sp\u0113ku.<\/p>\n<p><img decoding=\"async\" src=\"https:\/\/www.europesays.com\/lv\/wp-content\/uploads\/2026\/01\/sdrk.jpg\" alt=\"Jaungada sagaid\u012b\u0161ana atp\u016btas viet\u0101 &quot;Zirgzandales&quot;\"\/>Jaungada sagaid\u012b\u0161ana atp\u016btas viet\u0101 &#8220;Zirgzandales&#8221;<\/p>\n<p>Foto: Uldis Birzi\u0146\u0161 \/ Latvijas Telev\u012bzija<\/p>\n<\/p>\n<p>                    Valodas k\u013c\u016bda rakst\u0101?<\/p>\n<p class=\"d-none d-md-block\">Iez\u012bm\u0113jiet tekstu un spiediet Ctrl+Enter, lai nos\u016bt\u012btu labojamo teksta fragmentu redaktoram! Par faktu k\u013c\u016bd\u0101m l\u016bdzam zi\u0146ot e-past\u0101 <a href=\"https:\/\/www.lsm.lv\/cdn-cgi\/l\/email-protection\" class=\"__cf_email__\" data-cfemail=\"d5a7b0b1b4beb6bcbfb495b9a6b8fbb9a3\" rel=\"nofollow noopener\" target=\"_blank\">[email\u00a0protected]<\/a>.<\/p>\n<p class=\"d-md-none\">Iez\u012bm\u0113jiet tekstu un spiediet uz Zi\u0146ot par k\u013c\u016bdu pogas, lai nos\u016bt\u012btu labojamo teksta fragmentu redaktoram!<\/p>\n<p>\n                    Zi\u0146ot par k\u013c\u016bdu\n                <\/p>\n","protected":false},"excerpt":{"rendered":"Kam\u0113r daudzi Jauno gadu sagaida pie televizora ekr\u0101niem vai pils\u0113tas centr\u0101 v\u0113rojot sv\u0113tku ugu\u0146o\u0161anu, \u0161aj\u0101 gadu mij\u0101 M\u0101rup\u0113&hellip;\n","protected":false},"author":2,"featured_media":92054,"comment_status":"","ping_status":"","sticky":false,"template":"","format":"standard","meta":{"footnotes":""},"categories":[5],"tags":[23,28,29,32,33,22,30,31,35,39,38,36,37,34,40,20,26,27,24,25,21],"class_list":{"0":"post-92053","1":"post","2":"type-post","3":"status-publish","4":"format-standard","5":"has-post-thumbnail","7":"category-aktualitates","8":"tag-aktualitates","9":"tag-breaking-news","10":"tag-breakingnews","11":"tag-featured-news","12":"tag-featurednews","13":"tag-headlines","14":"tag-latest-news","15":"tag-latestnews","16":"tag-latvia","17":"tag-latvian","18":"tag-latviesu","19":"tag-latviesu-valoda","20":"tag-latviesuvaloda","21":"tag-latvija","22":"tag-lv","23":"tag-news","24":"tag-popularakas-zinas","25":"tag-popularakaszinas","26":"tag-top-stories","27":"tag-topstories","28":"tag-zinas"},"share_on_mastodon":{"url":"https:\/\/pubeurope.com\/@lv\/115821969665588950","error":""},"_links":{"self":[{"href":"https:\/\/www.europesays.com\/lv\/wp-json\/wp\/v2\/posts\/92053","targetHints":{"allow":["GET"]}}],"collection":[{"href":"https:\/\/www.europesays.com\/lv\/wp-json\/wp\/v2\/posts"}],"about":[{"href":"https:\/\/www.europesays.com\/lv\/wp-json\/wp\/v2\/types\/post"}],"author":[{"embeddable":true,"href":"https:\/\/www.europesays.com\/lv\/wp-json\/wp\/v2\/users\/2"}],"replies":[{"embeddable":true,"href":"https:\/\/www.europesays.com\/lv\/wp-json\/wp\/v2\/comments?post=92053"}],"version-history":[{"count":0,"href":"https:\/\/www.europesays.com\/lv\/wp-json\/wp\/v2\/posts\/92053\/revisions"}],"wp:featuredmedia":[{"embeddable":true,"href":"https:\/\/www.europesays.com\/lv\/wp-json\/wp\/v2\/media\/92054"}],"wp:attachment":[{"href":"https:\/\/www.europesays.com\/lv\/wp-json\/wp\/v2\/media?parent=92053"}],"wp:term":[{"taxonomy":"category","embeddable":true,"href":"https:\/\/www.europesays.com\/lv\/wp-json\/wp\/v2\/categories?post=92053"},{"taxonomy":"post_tag","embeddable":true,"href":"https:\/\/www.europesays.com\/lv\/wp-json\/wp\/v2\/tags?post=92053"}],"curies":[{"name":"wp","href":"https:\/\/api.w.org\/{rel}","templated":true}]}}