{"id":92055,"date":"2026-01-01T21:34:18","date_gmt":"2026-01-01T21:34:18","guid":{"rendered":"https:\/\/www.europesays.com\/lv\/92055\/"},"modified":"2026-01-01T21:34:18","modified_gmt":"2026-01-01T21:34:18","slug":"konflikta-eskalacija-krievija-var-ceret-uz-vienu-bet-notiks-pilnigi-kaut-kas-cits-raksts","status":"publish","type":"post","link":"https:\/\/www.europesays.com\/lv\/92055\/","title":{"rendered":"Konflikta eskal\u0101cij\u0101 Krievija var cer\u0113t uz vienu, bet notiks piln\u012bgi kaut kas cits \/ Raksts"},"content":{"rendered":"<p>Lai izdar\u012btu gada politisko kopsavilkumu un prognoz\u0113tu n\u0101kotni, Rus.LSM.lv uz sarunu aicin\u0101ja\u00a0ukrai\u0146u ekspertu, diplom\u0101tu, biju\u0161o aizsardz\u012bbas ministra padomnieku Oleksandru Haru. Interesants ir vi\u0146a kompleksais, daudzdimensiju skat\u012bjums uz situ\u0101ciju, t\u0101d\u0113\u013c saruna ar vi\u0146u, tagad\u0113jo Aizsardz\u012bbas strat\u0113\u0123iju centra direktoru, galu gal\u0101 l\u012bdzin\u0101s k\u0101rtainam p\u012br\u0101gam, kur\u0101 mijas melnais un baltais. Tas ir \u2013 negat\u012bvu tenden\u010du un scen\u0101riju anal\u012bze ar argument\u0113tu, m\u0113renu optimismu.<\/p>\n<p style=\"text-align:right\">Saruna ukrai\u0146u valod\u0101 <a href=\"https:\/\/ukr.lsm.lv\/stattja\/analitika\/analitika\/28.12.2025-v-eskalaciyi-konfliktu-rf-moze-rozraxovuvati-na-odne-a-stanetsya-absolyutno-inse-politekspert-oleksandr-xara.a627887\/?_gl=1*c8wfll*_ga*Nzc5MTg5MDE0LjE3MzgwODQ0NDc.*_ga_E60Y6JHJ22*czE3NjcyODg5OTQkbzMkZzAkdDE3NjcyODg5OTQkajYwJGwwJGgw\" target=\"_blank\" class=\"lsm-link\" data-type=\"article\" data-id=\"627887\" rel=\"nofollow noopener\">\u0161eit<\/a>.<\/p>\n<p style=\"text-align:right\">Sarunas tulkojums krievu valod\u0101 las\u0101ms <a href=\"https:\/\/rus.lsm.lv\/statja\/novosti\/analitika\/28.12.2025-v-eskalacii-konflikta-rf-mozet-rasscityvat-na-odno-a-proizoidet-soversenno-drugoe-politekspert-aleksandr-xara.a627888\/\" target=\"_blank\" class=\"lsm-link\" data-type=\"article\" data-id=\"627888\" rel=\"nofollow noopener\">\u0161eit<\/a>.<\/p>\n<p><a id=\"1\" name=\"1\">Glob\u0101l\u0101s p\u0101rmai\u0146as ir ilgi kr\u0101ju\u0161\u0101s<\/a><\/p>\n<p style=\"margin-left:0cm; margin-right:0cm\">Olehs Kudrins: Ierosinu s\u0101kt &#8220;no kop\u0113j\u0101&#8221;. Defin\u0113jiet, l\u016bdzu, pasaules politikas galvenos vektorus, procesus, kas attiecas uz Ukrainu. K\u0101di tie ir gada beig\u0101s, un ko var gaid\u012bt tuv\u0101kaj\u0101 n\u0101kotn\u0113?\u00a0<\/p>\n<p style=\"margin-left:0cm; margin-right:0cm\">Oleksandrs Hara: T\u0101 izn\u0101cis, ka Ukraina nebija glob\u0101lo v\u0113sturisko p\u0101rmai\u0146u iemesls, bet ir to fokusa punkts. T\u0101s ir kr\u0101ju\u0161\u0101s p\u0113d\u0113jo desmitgadi vai pusotru, bet visspilgt\u0101k un \u0101tr\u0101k s\u0101ka notikt l\u012bdz ar [Krievijas] pilna m\u0113roga iebrukumu [Ukrain\u0101]. Pirm\u0101m k\u0101rt\u0101m t\u0101s ir sp\u0113ku l\u012bdzsvara izmai\u0146as pasaul\u0113, \u0136\u012bnas, \u0100zijas kopum\u0101 ietekmes pieaugums. L\u012bdz ar to Amerikas Savienot\u0101s Valstis (ASV) saskata \u0136\u012bn\u0101 strat\u0113\u0123isko pretinieku un m\u0113\u0123ina to savald\u012bt Indijas un Klus\u0101 oke\u0101na re\u0123ion\u0101. L\u016bk, k\u0101d\u0113\u013c \u0161ai administr\u0101cijai ir t\u0101da attieksme pret Eiropu, Ukrainu un t\u0101 m\u0113\u0123ina piesaist\u012bt sav\u0101 pus\u0113 Krieviju.\u00a0<\/p>\n<blockquote>\n<p style=\"margin-left:0cm; margin-right:0cm\">Gad\u012bjum\u0101, ja b\u016bs konflikts saist\u012bb\u0101 ar Taiv\u0101nu, pa\u0161reiz\u0113jais Baltas nams grib\u0113tu \u2013 ide\u0101l\u0101 gad\u012bjum\u0101 \u2013 redz\u0113t Krieviju sav\u0101 pus\u0113 vai vismaz, lai t\u0101 paliktu neitr\u0101la.\u00a0<\/p>\n<\/blockquote>\n<p style=\"margin-left:0cm; margin-right:0cm\">Notiek absol\u016btas izmai\u0146as ASV valdo\u0161\u0101s politisk\u0101s \u0161\u0137iras attieksm\u0113 pret Eiropu. Nesen publiskot\u0101 ASV nacion\u0101l\u0101s dro\u0161\u012bbas strat\u0113\u0123ija nedefin\u0113 Krieviju k\u0101 draudu un liecina par apvienot\u0101s Eiropas nepie\u0146em\u0161anu, jo vi\u0146iem nepat\u012bk Eiropas liber\u0101l\u0101s demokr\u0101tijas politiskie re\u017e\u012bmi. Tas ir pats galvenais. T\u0101d\u0113\u013c vi\u0146i nav gatavi turpin\u0101t amerik\u0101\u0146u kl\u0101tb\u016btni t\u0101d\u0101 apm\u0113r\u0101, k\u0101ds tas bija Aukst\u0101 kara laikos un p\u0113c PSRS sabrukuma.<\/p>\n<p style=\"margin-left:0cm; margin-right:0cm\">\u0160\u0101dos apst\u0101k\u013cos s\u0101k akt\u012bv\u0101k darboties citi sp\u0113l\u0113t\u0101ji. Piem\u0113ram, \u0137\u012bnie\u0161i, \u2013\u00a0pirm\u0101m k\u0101rt\u0101m Indijas un Klus\u0101 oke\u0101na re\u0123ion\u0101. Vi\u0146iem tur jau ir diezgan asa pretst\u0101ve ar Filip\u012bn\u0101m. Nesen vi\u0146i pazi\u0146oja savas pretenzijas \u2013 neofici\u0101li, ar kontrol\u0113to mediju starpniec\u012bbu \u2013 ar\u012b attiec\u012bb\u0101 uz Okinavu, Jap\u0101nas teritorij\u0101m. Eirop\u0101 \u0137\u012bnie\u0161i atbalsta Krieviju, jo negrib, lai b\u016btu precedents, ka maz\u0101ka valsts ar demokr\u0101tisk\u0101s pasaules pal\u012bdz\u012bbu uzvar\u0113tu kodolvalsti un \u0136\u012bnas jaun\u0101ko partneri. \u00a0\u00a0<\/p>\n<p style=\"margin-left:0cm; margin-right:0cm\">J\u016bs piemin\u0113j\u0101t &#8220;\u0100zijas kopum\u0101&#8221; ietekmes pieaugumu. Vai varat preciz\u0113t &#8220;Glob\u0101lo dienvidu&#8221; vietu pa\u0161reiz\u0113j\u0101 sp\u0113ku izk\u0101rtojum\u0101? <\/p>\n<p style=\"margin-left:0cm; margin-right:0cm\">\u0160o pasaules da\u013cu, ko d\u0113v\u0113 par &#8220;Glob\u0101lajiem dienvidiem&#8221;, pa\u0161reiz\u0113jie apst\u0101k\u013ci kopum\u0101 apmierina. Tiem \u0161\u0137iet \u2013 diezgan naivi \u2013 ka \u0161aj\u0101 pasaules situ\u0101cijas mai\u0146\u0101 var\u0113s dab\u016bt kaut ko sev. Jo k\u0101ds no vi\u0146u l\u012bderiem notic\u0113jis idejai, par kuru run\u0101 [\u0136\u012bnas l\u012bderis] Sji Dzji\u0146pins, [Krievijas vadonis Vladimirs] Putins, \u2013\u00a0par daudzpol\u0101ro pasauli. Vi\u0146i savas valstis tur redz lab\u0101k\u0101 poz\u012bcij\u0101 nek\u0101 tagad. Protams, vi\u0146i b\u016bs v\u012blu\u0161ies, jo vietu daudzpol\u0101r\u0101 pasaul\u0113 ir \u013coti maz. T\u0101s ir ASV, \u0136\u012bna \u2013 galven\u0101s, vissp\u0113c\u012bg\u0101k\u0101s. P\u0113c tam \u2013 Indija. Iesp\u0113jams, Krievija, atkar\u012bb\u0101 no \u0161\u012b kara rezult\u0101tiem. Un, iesp\u0113jams, v\u0113l viena vai divas valstis no \u0161iem &#8220;Glob\u0101lajiem dienvidiem&#8221;. P\u0101r\u0113j\u0101s valstis tiks vienk\u0101r\u0161i absorb\u0113tas lielo sp\u0113l\u0113t\u0101ju ietekmes sf\u0113r\u0101s. \u00a0\u00a0<\/p>\n<p><a name=\"2\">Tramps \u2013\u00a0amerik\u0101\u0146u slim\u012bbas simptoms, nevis pati slim\u012bba\u00a0<\/a><\/p>\n<p style=\"margin-left:0cm; margin-right:0cm\">Varens sp\u0113ks joproj\u0101m ir Eiropas Savien\u012bba. J\u016bs gar\u0101mejot iemin\u0113j\u0101ties par Va\u0161ingtonas attieksmes mai\u0146u pret Eiropu. Vai varat att\u012bst\u012bt \u0161o t\u0113zi?\u00a0<\/p>\n<p style=\"margin-left:0cm; margin-right:0cm\">Jaut\u0101jums ir par to, ka\u00a0<\/p>\n<blockquote>\n<p style=\"margin-left:0cm; margin-right:0cm\">eiropie\u0161i pagaid\u0101m dz\u012bvo kognit\u012bv\u0101s disonanses st\u0101vokl\u012b. J\u0101, vi\u0146i jau saprot, ka pasaule main\u012bjusies, saprot, ka j\u0101pal\u012bdz Ukrainai, lai nodro\u0161in\u0101tu pirm\u0101m k\u0101rt\u0101m savu n\u0101kotni un dro\u0161\u012bbu. Ta\u010du pagaid\u0101m vi\u0146i nav sp\u0113j\u012bgi uz tik iz\u0161\u0137iro\u0161u r\u012bc\u012bbu, lai t\u0101 novestu pie pozit\u012bviem rezult\u0101tiem Ukrain\u0101.\u00a0<\/p>\n<\/blockquote>\n<p style=\"margin-left:0cm; margin-right:0cm\">Tie\u0161i t\u0101d\u0113\u013c vi\u0146i, no vienas puses, run\u0101 par Ukrainas ilgsto\u0161u atbalstu un patie\u0161\u0101m to pl\u0101no. Bet no otras puses, neinvest\u0113 uzvar\u0101, atbalsta diplom\u0101tisko pas\u0101kumu sp\u0113li saist\u012bb\u0101 ar t\u0101 d\u0113v\u0113to konflikta noregul\u0113\u0161anu un t\u0101 d\u0113v\u0113to miera vieno\u0161anos.\u00a0<\/p>\n<p style=\"margin-left:0cm; margin-right:0cm\">Tas ir uz fona, kad Savienotaj\u0101s Valst\u012bs ir \u012bsts haoss, kas, protams, ir saist\u012bts ar Donalda Trampa n\u0101k\u0161anu pie varas, ta\u010du vi\u0146\u0161 ir tikai amerik\u0101\u0146u slim\u012bbas simptoms, bet ne pati slim\u012bba. Vi\u0146\u0161 faktiski \u012bsteno savu \u0101rpolitiku ar tarifiem, ar spiedienu uz cit\u0101m valst\u012bm. Zem sitiena var nok\u013c\u016bt jebkur\u0161, no liel\u0101m valst\u012bm l\u012bdz maz\u0101m, pat t\u0101m, kur\u0101m nav bijis amb\u012bciju. T\u0101d\u0113\u013c sadr\u016bp da\u017e\u0101di daudzpus\u0113jie meh\u0101nismi, ar\u012b tirdzniec\u012bbas, \u2013 neviens ta\u010du tagad nerun\u0101 par Pasaules Tirdzniec\u012bbas organiz\u0101ciju. L\u012bdz ar to b\u016bs maz\u0101k visp\u0101rpie\u0146emto ties\u012bbu normu.<\/p>\n<p style=\"margin-left:0cm; margin-right:0cm\">Tas attiecas ar\u012b uz t\u0101du glob\u0101lu jaut\u0101jumu k\u0101 ku\u0123niec\u012bbas br\u012bv\u012bba. Ja nedarbojas ties\u012bbu normas, kopum\u0101 \u2013 k\u0101 visp\u0101r\u0113js ietvars, ja nav &#8220;glob\u0101l\u0101 policista&#8221;, kas sp\u0113j likt da\u017e\u0101d\u0101m valst\u012bm iev\u0113rot zin\u0101mus noteikumus, ko tas noz\u012bm\u0113s? Kas var b\u016bt re\u0123ion\u0101lais l\u012bderis, kur\u0161 trakt\u0113 noteiktus segmentus, starptautiskos \u016bde\u0146us, k\u0101 telpu, kur\u0101 tam ir ietekme, un dara to netrauc\u0113ti. Tas, protams sit\u012bs pa pre\u010du cen\u0101m, pieg\u0101\u017eu \u0137\u0113\u017eu uzticam\u012bbu utt. \u00a0\u00a0<\/p>\n<blockquote>\n<p style=\"margin-left:0cm; margin-right:0cm\">V\u0113l viena negat\u012bva tendence \u2013 kodolbru\u0146o\u0161an\u0101s sacens\u012bba. T\u0101da noteikti b\u016bs tuv\u0101kos 10 l\u012bdz 15 gadus.\u00a0<\/p>\n<\/blockquote>\n<p style=\"margin-left:0cm; margin-right:0cm\">Redzam, k\u0101 audz\u0113 sp\u0113ku \u0136\u012bna, vi\u0146iem jau ir apm\u0113ram 500 kodolgalvi\u0146u, piecos l\u012bdz septi\u0146os gados vi\u0146i gatavojas to skaitu palielin\u0101t l\u012bdz 1000, lai sasniegtu ASV l\u012bmeni. Par kodoliero\u010diem s\u0101k dom\u0101t ar\u012b citas valstis \u2013 vienk\u0101r\u0161a iemesla d\u0113\u013c. Ukraina no tiem atteic\u0101s, sa\u0146\u0113musi sol\u012bjumus, kurus puses faktiski nepild\u012bja. Turkl\u0101t agresorvalsts p\u0101rk\u0101pa visu, ko var\u0113ja p\u0101rk\u0101pt. L\u012bdz ar to &#8220;labajiem pui\u0161iem&#8221; pasaul\u0113 tagad vajadz\u012bgi kodoliero\u010di, lai attur\u0113tu agres\u012bvus kaimi\u0146us. Bet &#8220;sliktie pui\u0161i&#8221; saprot \u2013 lai ko tu nedar\u012btu, ja tev ir kodoliero\u010di, tev nekas par to neb\u016bs, piln\u012bga nesod\u0101m\u012bba.\u00a0<\/p>\n<p><a id=\"3\" name=\"3\">Vai var jau run\u0101t par Tre\u0161o pasaules karu?\u00a0<\/a><\/p>\n<p style=\"margin-left:0cm; margin-right:0cm\">M\u0113s atkal atgrie\u017eamies pie j\u016bsu s\u0101kotn\u0113j\u0101s t\u0113zes par Ukrainu k\u0101 glob\u0101lo pasaules p\u0101rmai\u0146u krusto\u0161an\u0101s, fokusa punktu?<\/p>\n<p style=\"margin-left:0cm; margin-right:0cm\">No t\u0101, k\u0101 beigsies kar\u0161 Ukrain\u0101 (uguns p\u0101rtrauk\u0161ana vai miera vieno\u0161an\u0101s, kam es neticu), b\u016bs atkar\u012bgi glob\u0101l\u0101s sist\u0113mas parametri. Konfliktu k\u013c\u016bs vair\u0101k vai maz\u0101k, vai domin\u0113s k\u0101das citas negat\u012bvas tendences\u2026 Ja Krievija zaud\u0113s Ukrain\u0101, ja par t\u0101s agresiju netiks samaks\u0101ts ar teritorij\u0101m, m\u016bsu suverenit\u0101ti,\u00a0<\/p>\n<blockquote>\n<p style=\"margin-left:0cm; margin-right:0cm\">ja Ukraina k\u013c\u016bs par da\u013cu no kolekt\u012bvajiem Rietumiem gan ekonomisk\u0101, politisk\u0101, gan aizsardz\u012bbas zi\u0146\u0101, tad pasaule att\u012bst\u012bsies pa nedaudz labv\u0113l\u012bg\u0101ku trajektoriju, kur\u0101 b\u016bs maz\u0101k konfliktu.\u00a0<\/p>\n<\/blockquote>\n<p style=\"margin-left:0cm; margin-right:0cm\">Ta\u010du, ja mums uzspied\u012bs neizdev\u012bgus nosac\u012bjumus, tas palielin\u0101s uzbrukuma iesp\u0113jam\u012bbu Taiv\u0101nai. T\u0101tad \u2013 ar\u012b Jap\u0101nai, Dienvidkorejai, Filip\u012bn\u0101m, jo \u0161\u012bm valst\u012bm ir sabiedroto, partner\u012bbas attiec\u012bbas ar Savienotaj\u0101m Valst\u012bm. Konflikta gad\u012bjum\u0101 ar\u012b t\u0101s tiks skartas. Plus tie pa\u0161i &#8220;Glob\u0101lie dienvidi&#8221; ar\u012b m\u0113\u0123in\u0101s realiz\u0113t savas intereses, turkl\u0101t jau vairs neizmantojot tradicion\u0101l\u0101s metodes, diplom\u0101tiju vai daudzpus\u0113j\u0101s starptautisk\u0101s organiz\u0101cijas. T\u0101tad princip\u0101 tas ir nenoteikt\u012bbas, haosa, turbulences ce\u013c\u0161. Iesp\u0113jams \u2013 ce\u013c\u0161 uz glob\u0101lu konfliktu\u2026\u00a0<\/p>\n<p style=\"margin-left:0cm; margin-right:0cm\">Kopum\u0101 \u0161o karu Ukrain\u0101 jau var raksturot k\u0101 &#8220;tre\u0161o pasaules karu&#8221;.<\/p>\n<p style=\"margin-left:0cm; margin-right:0cm\">Vai tas nav p\u0101r\u0101k ska\u013c\u0161 termins?\u00a0<\/p>\n<p style=\"margin-left:0cm; margin-right:0cm\">J\u0101, karo Krievija un Ukraina, liel\u0101koties Ukrainas teritorij\u0101. Ta\u010du Krievijas pus\u0113 ir ar\u012b t\u0101das kodolvalstis k\u0101 \u0136\u012bna, Zieme\u013ckoreja, k\u0101 Ir\u0101na \u2013 &#8220;sliek\u0161\u0146a valsts&#8221;, gandr\u012bz kodolvalsts. Bet no m\u016bsu puses \u2013 piecdesmit demokr\u0101tisk\u0101s pasaules valstis, kas pal\u012bdz mums notur\u0113ties. Un ir Savienot\u0101s Valstis, kuras liel\u0101 m\u0113r\u0101 tiecas uz Krievijas poz\u012bciju. Ir ac\u012bmredzama ar\u012b konflikta horizont\u0101l\u0101 eskal\u0101cija \u2013 Krievija \u012bsteno kiberuzbrukumus, diversijas, nogalina cilv\u0113kus, uzspridzina noliktavas, svar\u012bgas ra\u017eotnes, boj\u0101 zem\u016bdens kabe\u013cus, NATO valstu gaisa telp\u0101 ielido t\u0101s droni, lidma\u0161\u012bnas. Protams, var notikt kaut kas nepl\u0101nots, kas izprovoc\u0113s konfliktu.\u00a0<\/p>\n<p style=\"margin-left:0cm; margin-right:0cm\">Nemaz nerun\u0101jot pat to, ka Krievija noteikti \u012bstenos eskal\u0101ciju, test\u0113jot NATO. Un saprotams, ka &#8220;\u0123eogr\u0101fisk\u0101 l\u0101sta&#8221; d\u0113\u013c ir paaugstin\u0101ts risks Baltijas valst\u012bm.\u00a0<\/p>\n<p style=\"margin-left:0cm; margin-right:0cm\">L\u016bk, m\u0113s esam non\u0101ku\u0161i pie \u0161\u012bs svar\u012bg\u0101s t\u0113mas. Da\u017e\u0101du izl\u016bkdienestu jaun\u0101kajos zi\u0146ojumos ir nor\u0101d\u012bts uz risku, ka Krievija var uzbrukt Baltijas valst\u012bm.\u00a0<\/p>\n<p style=\"margin-left:0cm; margin-right:0cm\">Pirms da\u017e\u0101m ned\u0113\u013c\u0101m biju Vi\u013c\u0146\u0101 uz dro\u0161\u012bbas konferenci, kuras patrons bija [Lietuvas] prezidents. M\u0113s apmekl\u0113j\u0101m situ\u0101ciju centru, redz\u0113j\u0101m hibr\u012bddraudu piem\u0113rus. Tie ir gaisa baloni, kas \u013coti nomoka, radot ekonomisku kait\u0113jumu; tie ir neleg\u0101lie migranti (\u012bpa\u0161i agr\u0101k); k\u0101 ar\u012b kiberuzbrukumi, propaganda, citas lietas. Redz\u0113tais mudina padom\u0101t par \u0161o t\u0113mu.\u00a0<\/p>\n<p style=\"margin-left:0cm; margin-right:0cm\">Pirm\u0101m k\u0101rt\u0101m j\u0101piemin konceptu\u0101l\u0101s lietas.\u00a0<\/p>\n<blockquote>\n<p style=\"margin-left:0cm; margin-right:0cm\">Krievijai ir principi\u0101li nes\u0101kt t\u0101du pa\u0161u karu k\u0101 Ukrain\u0101, bet pier\u0101d\u012bt, ka [NATO] Va\u0161ingtonas l\u012bguma piektais pants [par kolekt\u012bvo aizsardz\u012bbu] nedarbojas.\u00a0<\/p>\n<\/blockquote>\n<p style=\"margin-left:0cm; margin-right:0cm\">Ka amerik\u0101\u0146i nen\u0101ks pal\u012bg\u0101 un visp\u0101r nedarbosies princips &#8220;viens par visiem, visi par vienu&#8221;. T\u0101tad galvenais ir nevis teritoriju sagr\u0101b\u0161ana k\u0101 bija ar Donecku, Luhansku vai Krimu 2014. gad\u0101, bet organiz\u0101cijas, instit\u016bcijas \u2013 NATO kolekt\u012bv\u0101s dro\u0161\u012bbas sist\u0113mas \u2013 sagrau\u0161ana. Ja alianse tom\u0113r nedarbojas, tad var draud\u0113t visiem divpus\u0113j\u0101 l\u012bmen\u012b un run\u0101t ar katru atsevi\u0161\u0137o valsti, uzspie\u017eot tai savus l\u0113mumus\u2026\u00a0<\/p>\n<p style=\"margin-left:0cm; margin-right:0cm\">T\u0101tad pat nevajag palielin\u0101t armiju, gatavot grup\u0113jumu, lai tas sp\u0113tu sagr\u0101bt k\u0101du Baltijas valsti. Ir citu scen\u0101riju komplekts.\u00a0<\/p>\n<p><a id=\"4\" name=\"4\">Krievijas uzbrukuma Baltijas un Zieme\u013cvalst\u012bm scen\u0101rijs\u00a0<\/a><\/p>\n<p style=\"margin-left:0cm; margin-right:0cm\">K\u0101 piem\u0113rus apl\u016bkosim da\u017eus no tiem.\u00a0<\/p>\n<p style=\"margin-left:0cm; margin-right:0cm\">Iedom\u0101simies dronu uzbrukumu no Baltkrievijas teritorijas (m\u0113s ta\u010du saprotam, ka t\u0101 ir Krievijas apr\u012bta, faktiski okup\u0113ta valsts). Tiek veikts trieciens ener\u0123\u0113tikas vai milit\u0101rajam objektam vien\u0101 no Baltijas valst\u012bm. Vai valsts, kurai uzbrukts, iz\u0161\u0137irsies par simetriski triecienu Baltkrievijas vai Krievijas milit\u0101rajam objektam? Un ko dar\u012bs alianses valstu politisk\u0101 vad\u012bba? Dro\u0161i vien NATO sabiedrotie vismaz mazin\u0101s \u0161\u0101das reakcijas iesp\u0113jam\u012bbu.\u00a0<\/p>\n<p style=\"margin-left:0cm; margin-right:0cm\">Otrk\u0101rt, bie\u017ei run\u0101 par etnisko krievu vai &#8220;krievvalod\u012bgo&#8221; ankl\u0101viem Baltijas valst\u012bs.\u00a0<\/p>\n<blockquote>\n<p style=\"margin-left:0cm; margin-right:0cm\">Vai ir iesp\u0113jama t\u0101da specoper\u0101cija k\u0101 &#8220;Krievu pavasaris&#8221; 2014. gad\u0101? Teor\u0113tiski \u2013 j\u0101. Tom\u0113r ceru, ka Baltijas valstu specdienestiem viss ir k\u0101rt\u012bb\u0101, un tie var diezgan \u0101tri dar\u012bt galu t\u0101dai provokat\u012bvai r\u012bc\u012bbai.\u00a0<\/p>\n<\/blockquote>\n<p style=\"margin-left:0cm; margin-right:0cm\">V\u0113l ir karst\u0101ka konflikta variants. Iedom\u0101simies, ka Krievija iebr\u016bk vien\u0101 no Baltijas valst\u012bm vai nu no savas teritorijas vai ar\u012b izmantojot sava minjona Baltkrievijas teritoriju. [T\u0101s karasp\u0113ks] ien\u0101k sal\u012bdzino\u0161i net\u0101lu, da\u017eus desmitus kilometru. Pat ne noteikti ie\u0146em k\u0101du apdz\u012bvotu vietu (vai ar\u012b ie\u0146em nelielu) un \u0101tri izvieto tur kodoliero\u010dus, piem\u0113ram, &#8220;Iskander&#8221;.\u00a0<\/p>\n<p style=\"margin-left:0cm; margin-right:0cm\">K\u0101d\u0113\u013c?\u00a0<\/p>\n<p style=\"margin-left:0cm; margin-right:0cm\">Lai iedarbin\u0101tu Krievijas tiesiskos meh\u0101nismus. Jo ir kodolattur\u0113\u0161anas doktr\u012bna, atbilsto\u0161i kurai Krievijas Feder\u0101cija uzskata, ka var izmantot kodoliero\u010dus, ja tiks \u012bstenots uzbrukums t\u0101s strat\u0113\u0123isk\u0101s attur\u0113\u0161anas sp\u0113kiem. \u00a0\u00a0<\/p>\n<p style=\"margin-left:0cm; margin-right:0cm\">Tom\u0113r atbilsto\u0161i vis\u0101m klasifik\u0101cij\u0101m &#8220;Iskander&#8221; ir taktisks ierocis.\u00a0<\/p>\n<p style=\"margin-left:0cm; margin-right:0cm\">J\u0101, ta\u010du m\u0113s saprotam, ka Krievijai &#8220;likumi nav rakst\u012bti&#8221;, vi\u0146i tos var trakt\u0113t, k\u0101 v\u0113las. T\u0101l\u0101k seko pazi\u0146ojums, ka vi\u0146i negatavojas anekt\u0113t \u0161o teritoriju vai iet t\u0101l\u0101k, uz galvaspils\u0113tu (ar m\u0101jienu &#8220;bet var\u0113tu&#8221;). Un prasa tikai vienu \u2013 &#8220;jaunu Eiropas dro\u0161\u012bbas arhitekt\u016bru&#8221;, k\u0101 vi\u0146i to d\u0113v\u0113, lai tiktu \u0146emtas v\u0113r\u0101 &#8220;Krievijas Feder\u0101cijas le\u0123it\u012bm\u0101s intereses&#8221;. K\u0101da \u0161\u0101d\u0101 \u0123eopolitisk\u0101 situ\u0101cij\u0101 var b\u016bt reakcija no valsts, kurai uzbrukts, un no visas NATO kopienas? Cik iesp\u0113jama ir stingra atbilde \u2013 l\u0113mums par karadarb\u012bbas s\u0101k\u0161anu pret Krieviju, spogu\u013cdraudi ar kodoliero\u010diem? \u0145emot v\u0113r\u0101, ka eiropie\u0161i \u013coti augstu v\u0113rt\u0113 cilv\u0113ka dz\u012bv\u012bbu un ir ilgi dz\u012bvoju\u0161i dro\u0161\u012bb\u0101\u2026 Tom\u0113r, ja adekv\u0101tas reakcijas neb\u016bs, Maskava uzskat\u012bs, ka piektais pants nedarbojas.\u00a0<\/p>\n<p style=\"margin-left:0cm; margin-right:0cm\">Bet k\u0101di ir l\u012bdz\u012bgu scen\u0101riju varianti, kas nav saist\u012bti ar Baltijas valst\u012bm?\u00a0<\/p>\n<p style=\"margin-left:0cm; margin-right:0cm\">Iedom\u0101simies salu, kas pieder k\u0101dai Zieme\u013ceiropas valstij, ta\u010du taj\u0101 ir Krievijas kalnra\u010di vai k\u0101da cita p\u0101rst\u0101vniec\u012bba (l\u012bdz\u012bgi ir Norv\u0113\u0123ijas \u0160picbergenas arhipel\u0101g\u0101 \u2013 red.). Krievijas parlaments pie\u0146em l\u0113mumu par aneksiju. Tas ir, nav kin\u0113tisk\u0101s dimensijas, kad \u0161o teritoriju sagr\u0101btu karasp\u0113ks vai specdienestu p\u0101rst\u0101vji. Bet ir juridiska, politiska, diplom\u0101tiska r\u012bc\u012bba. Vai NATO dal\u012bbvalstis uz \u0161\u0101du r\u012bc\u012bbu rea\u0123\u0113s kin\u0113tiski, s\u0101kot karu ar Krieviju? Dom\u0101ju, ka ne.\u00a0<\/p>\n<p><a id=\"5\" name=\"5\">Krievija var cer\u0113t uz vienu, bet izn\u0101ks piln\u012bgi cit\u0101di\u00a0<\/a><\/p>\n<p style=\"margin-left:0cm; margin-right:0cm\">\u0100rk\u0101rt\u012bgi nepat\u012bkami scen\u0101riji. Ta\u010du par tiem nepiecie\u0161ams zin\u0101t. Kur \u0161eit ir sist\u0113miska probl\u0113ma?\u00a0<\/p>\n<p style=\"margin-left:0cm; margin-right:0cm\">Faktiski Krievija ir test\u0113jusi un test\u0113 NATO reakciju ar piem\u0113riem, kas ir zem\u0101ki par bru\u0146oto sp\u0113ku izmanto\u0161anas slieksni. Es tos iepriek\u0161 esmu nosaucis. Tagad ir jaut\u0101jums par \u0161\u012b sliek\u0161\u0146a paaugstin\u0101\u0161anu. K\u0101 ar\u012b par to, vai Eiropas l\u012bderiem ir politisk\u0101 griba uz fona, kad amerik\u0101\u0146iem nav viennoz\u012bm\u012bgas nost\u0101jas par Eiropas aizst\u0101v\u0113\u0161anu un situ\u0101ciju, kur\u0101 t\u0101 saist\u012bb\u0101 ar to non\u0101k. Bija Starptautisk\u0101 dro\u0161\u012bbas p\u0113t\u012bjumu instit\u016bta zi\u0146ojums. Saska\u0146\u0101 ar to,\u00a0<\/p>\n<blockquote>\n<p style=\"margin-left:0cm; margin-right:0cm\">ja ASV nav da\u013ca no Eiropas dro\u0161\u012bbas sist\u0113mas, tas ir, samazina savas saist\u012bbas attiec\u012bb\u0101 pret NATO vai visp\u0101r izst\u0101jas no alianses, tad eiropie\u0161iem, lai aizst\u0101tu visas pa\u0161laik eso\u0161\u0101s sp\u0113jas, vajadz\u012bgi desmit gadi un vair\u0101k nek\u0101 triljons dol\u0101ru.\u00a0<\/p>\n<\/blockquote>\n<p style=\"margin-left:0cm; margin-right:0cm\">T\u0101tad pa\u0161laik, kam\u0113r notiek kar\u0161, Kremlis redz, ka eso\u0161ais iesp\u0113ju logs \u0161aj\u0101 virzien\u0101 var vi\u0146iem aizv\u0113rties. Jo eiropie\u0161i diezgan \u0101tr\u0101 temp\u0101 m\u0113\u0123ina pastiprin\u0101t savas aizsardz\u012bbas un attur\u0113\u0161anas sp\u0113jas. T\u0101d\u0113\u013c Maskava var p\u0101rb\u012bd\u012bt akcentu. \u012astenot &#8220;horizont\u0101lo eskal\u0101ciju&#8221;, atv\u0113rt jaunu savas agresijas virzienu. T\u0101d\u0113\u013c man liekas, ka paties\u012bb\u0101 Baltijas valstis ir apdraud\u0113tas jau pa\u0161laik, nevis p\u0113c trijiem l\u012bdz pieciem gadiem.\u00a0\u00a0\u00a0<\/p>\n<p style=\"margin-left:0cm; margin-right:0cm\">Bet vai tie\u0161i Krievijas un Ukrainas kara apst\u0101k\u013cos l\u0113mums par eskal\u0101ciju Eiropas virzien\u0101 neb\u016btu p\u0101r\u0101k riskants?\u00a0<\/p>\n<p style=\"margin-left:0cm; margin-right:0cm\">Protams, var notikt t\u0101, ka Krievija cer uz vienu, bet izn\u0101ks piln\u012bgi cit\u0101di. Jo jebk\u0101da akcent\u0113ta agres\u012bva r\u012bc\u012bba attiec\u012bb\u0101 pret Baltijas valst\u012bm noz\u012bm\u0113s, ka konflikt\u0101 var iejaukties citas re\u0123iona valstis. Pat ja neiedarbosies princips &#8220;visi par vienu un viens par visiem&#8221;.\u00a0<\/p>\n<p style=\"margin-left:0cm; margin-right:0cm\">Saprotams, ka Polijai b\u016bs absol\u016bti nepie\u0146emami, ja Krievija m\u0113\u0123in\u0101s caursist Suvalku koridoru, un t\u0101 iesaist\u012bsies konflikt\u0101.\u00a0<\/p>\n<p style=\"margin-left:0cm; margin-right:0cm\">To pa\u0161u var teikt par Somiju, kas noteikti piedal\u012bsies savu Baltijas sabiedroto aizst\u0101v\u0113\u0161an\u0101. Jo Helsinkos saprot, kas ir dro\u0161\u012bbas neaizskaram\u012bba, ka nedr\u012bkst mier\u012bgi noskat\u012bties, k\u0101 m\u0113\u0123ina sagr\u0101bt v\u0113l vienu valsti, un velt\u012bgi cer\u0113t, ka vi\u0146us tas neskars.\u00a0<\/p>\n<p style=\"margin-left:0cm; margin-right:0cm\">Dom\u0101ju, ka ar\u012b citas valstis, t\u0101das k\u0101 Zviedrija, Norv\u0113\u0123ija, D\u0101nija visdr\u012bz\u0101k r\u012bkosies stingri. Esmu p\u0101rliecin\u0101ts, ka Lielbrit\u0101nija noteikti n\u0101ks pal\u012bg\u0101, ta\u010du \u017e\u0113l, ka tagad tai nav t\u0101du sp\u0113ju, k\u0101das bija pirms divdesmit tr\u012bsdesmit gadiem. Dro\u0161i vien V\u0101cija b\u016bs spiesta kaut ko dar\u012bt, ta\u010du ir probl\u0113mas no n\u0101cijas gribas un sp\u0113ju, ko vi\u0146i var pie\u0161\u0137irt, viedok\u013ca.\u00a0<\/p>\n<blockquote>\n<p style=\"margin-left:0cm; margin-right:0cm\">Krievija\u00a0nodarbosies ar propagandu, dezinform\u0101ciju. To t\u0101 dara ar\u012b pa\u0161laik. Z\u012bm\u012bgas ir p\u0113d\u0113j\u0101s divas ned\u0113\u013cas \u2013 p\u0113c tam, kad Lielbrit\u0101nijas vad\u012bba, MI-6 vad\u012bt\u0101ja, aizsardz\u012bbas \u0161t\u0101ba priek\u0161nieks pateica, ka j\u0101gatavojas karam, ka Krievija ir ienaidnieks, s\u0101k\u0101s negat\u012bvisma vilnis.\u00a0<\/p>\n<\/blockquote>\n<p style=\"margin-left:0cm; margin-right:0cm\">Krievijas piekt\u0101 kolonna Apvienotaj\u0101 Karalist\u0113 s\u0101ka run\u0101t, ka &#8220;m\u0113s par \u0161o vald\u012bbu nekarosim&#8221;, &#8220;m\u016bsu b\u0113rni nedosies mirt&#8221;. Saprotams, ka t\u0101 ir manipul\u0101cija, jo cilv\u0113ki karo nevis par vald\u012bbu, bet par savu valsti, savu dz\u012bvesveidu, br\u012bv\u012bbu un citiem principiem. Absol\u016bti ac\u012bmredzams, ka Krievija ir ieguld\u012bjusi \u0161aj\u0101 propagandistiskaj\u0101 kampa\u0146\u0101, cen\u0161oties sist pa n\u0101cijas gribu pretoties.\u00a0<\/p>\n<p><a id=\"8\" name=\"8\">J\u0101, esam noguru\u0161i, bet mums ir iesp\u0113ja notur\u0113ties\u00a0<\/a><\/p>\n<p style=\"margin-left:0cm; margin-right:0cm\">Nu ko, ir svar\u012bgi, ka pretsvar\u0101 negat\u012bviem scen\u0101rijiem un tendenc\u0113m j\u016bsu v\u0101rdos var atrast ar\u012b iemeslus optimismam.<\/p>\n<p style=\"margin-left:0cm; margin-right:0cm\">Zin\u0101t, Latvija, Baltijas valstis ir mums tuvas valstis. Mums ir bijusi l\u012bdz\u012bga traum\u0113jo\u0161a pieredze, atrodoties \u0161aj\u0101 gulag\u0101, PSRS. Tagad m\u0113s j\u016btam un nov\u0113rt\u0113jam patieso atbalstu no j\u016bsu vald\u012bb\u0101m un pilso\u0146iem. Un, l\u016bk, pat ne vi\u0146iem, bet t\u0101l\u0101kiem draugiem Rietumeirop\u0101 es bie\u017ei saku t\u0101du lietu, k\u0101dam varb\u016bt abstraktu, bet man tai ir dzi\u013ca j\u0113ga. M\u016bsu valsts, kad t\u0101 par\u0101d\u012bj\u0101s jaun\u0101ko laiku v\u0113stur\u0113, Ukrainas Tautas Republika, tai nebija nacion\u0101l\u0101s vienot\u012bbas, taj\u0101 bija at\u0161\u0137ir\u012bgas politisk\u0101s pieejas; bija probl\u0113mas ar vienota karasp\u0113ka veido\u0161anu. Un faktiski bija tikai viena sabiedrot\u0101 \u2013 V\u0101cija, kas zaud\u0113ja Pirmaj\u0101 pasaules kar\u0101. Savuk\u0101rt m\u0113s p\u0113c tam nesp\u0113j\u0101m apvienoties. Bet ienaidnieku, kas bija pret mums, izr\u0101d\u012bj\u0101s \u013coti daudz\u2026 K\u0101ds no m\u016bsu v\u0113sturniekiem teicis, ka &#8220;m\u016bsu vect\u0113vi zaud\u0113ja Ukrainas Tautas Republiku, bet p\u0113c tam m\u0113s \u0113d\u0101m savus b\u0113rnus&#8221; (dom\u0101ts 1932.\u20131933. gada holodomors \u2013 red.) Man liekas, ka Ukrainas sabiedr\u012bba tagad to \u013coti labi apzin\u0101s.\u00a0<\/p>\n<p style=\"margin-left:0cm; margin-right:0cm\">J\u0101, j\u016bsu v\u0113sturiskais sal\u012bdzin\u0101jums ir saprotams.\u00a0<\/p>\n<p style=\"margin-left:0cm; margin-right:0cm\">Tagad, kopum\u0101 skatoties, ar vis\u0101m nek\u0101rt\u012bb\u0101m, k\u0101das ir, probl\u0113m\u0101m front\u0113, zin\u0101m\u0101m politiskaj\u0101m gr\u016bt\u012bb\u0101m, k\u0101das pa\u0161laik eksist\u0113 Ukrain\u0101, kopum\u0101 situ\u0101cija ir sare\u017e\u0123\u012bta, bet noteikti ne katastrof\u0101la. Neskatoties ne uz ko, ir pozit\u012bvas lietas. T\u0101 ir nacion\u0101l\u0101 vienot\u012bba, t\u0101 ir sabiedr\u012bba, kas ir iesaist\u012bta valsts aizsardz\u012bb\u0101, un, protams, tie ir bru\u0146otie sp\u0113ki, vieni no kaujassp\u0113j\u012bg\u0101kajiem pasaul\u0113, r\u016bd\u012bti \u0161aj\u0101 m\u016bsdienu kar\u0101. Tagad mums ir daudzi partneri, diem\u017e\u0113l ne sabiedrotie, jo m\u0113s form\u0101li neesam NATO un Eiropas Savien\u012bbas dal\u012bbvalsts. Ta\u010du esam partneri. T\u0101 eiropie\u0161i vair\u0101k pal\u012bdz mums, ie\u0146emot ASV vietu\u2026 Tas ir, v\u0113sturiski situ\u0101cija ir daudz lab\u0101ka \u2013 ja run\u0101jam par sp\u0113ju sevi aizst\u0101v\u0113t, saglab\u0101t m\u016bsu valsts suverenit\u0101ti, lai t\u0101 nepazustu no politisk\u0101s kartes.\u00a0<\/p>\n<p style=\"margin-left:0cm; margin-right:0cm\">J\u0101, m\u0113s esam noguru\u0161i. Post\u012bjumi p\u0113c ap\u0161aud\u0113m ir \u0161ausm\u012bgi.\u00a0<\/p>\n<blockquote>\n<p style=\"margin-left:0cm; margin-right:0cm\">P\u0113d\u0113j\u0101s ned\u0113\u013c\u0101s cie\u0161 Odesa. J\u0101, ar\u012b Kijiv\u0101 ir tr\u0101p\u012bjumi, cit\u0101s pils\u0113t\u0101s.\u00a0Un ar\u012b turpm\u0101k Ukrainai, manupr\u0101t, ir j\u0101gatavojas ilgsto\u0161am konfliktam. Ta\u010du mums ir iesp\u0113ja notur\u0113ties un tuvin\u0101t \u0161\u012bs jaun\u0101s neizdevu\u0161\u0101s imp\u0113rijas galu.\u00a0<\/p>\n<\/blockquote>\n<p style=\"margin-left:0cm; margin-right:0cm\">T\u0101 ir laba zi\u0146a ukrai\u0146iem, jo m\u0113s gribam dz\u012bvot mier\u0101, sav\u0101 starptautiski atz\u012btaj\u0101 teritorij\u0101. Mm\u0113s nepiekr\u012btam netaisn\u012bbai, noziedznieku nesod\u0101m\u012bbai. Un t\u0101 ir laba zi\u0146a visai pasaulei. \u00a0<\/p>\n<p><a id=\"6\" name=\"6\">\u0160\u012b imp\u0113rija sevi izsm\u0113lusi, perspekt\u012bv\u0101 t\u0101 nav dz\u012bvotsp\u0113j\u012bga\u00a0<\/a><\/p>\n<p style=\"margin-left:0cm; margin-right:0cm\">Bet k\u0101 var v\u0113rt\u0113t situ\u0101ciju agresorvalst\u012b?\u00a0<\/p>\n<p style=\"margin-left:0cm; margin-right:0cm\">Kopum\u0101 \u0161\u012b imp\u0113rija ir sevi izsm\u0113lusi, perspekt\u012bv\u0101 t\u0101 nav dz\u012bvotsp\u0113j\u012bga, lai gan to atbalsta \u0137\u012bnie\u0161i un tagad da\u013c\u0113ji ar\u012b amerik\u0101\u0146i\u2026 T\u0101d\u0113\u013c j\u0101gatavojas ar\u012b centrb\u0113dzes tendenc\u0113m Krievij\u0101, iesp\u0113jams, pla\u0161am pilso\u0146u jeb daudziem pilso\u0146u konfliktiem. Ar laiku tas ir neizb\u0113gami, jo Krievijai nav instrumentu, lai risin\u0101tu probl\u0113mas politisk\u0101 ce\u013c\u0101, civiliz\u0113ti, parlament\u0101 \u2013 paties\u012bbu sakot, \u012bsta parlamenta nav. T\u0101 ir totalit\u0101ra valsts, kur\u0101 Putins ar sev tuvu cilv\u0113ku starpniec\u012bbu kontrol\u0113 visus varas atzarus, visu sabiedr\u012bbu, medijus, biznesu un t\u0101 t\u0101l\u0101k. Sabrukums Krievij\u0101 var notikt p\u0113c gada, varb\u016bt v\u0113l\u0101k. T\u0101dam variantam ar\u012b j\u0101b\u016bt gataviem \u2013 iesp\u0113jami b\u0113g\u013ci, iero\u010du, narkotiku pl\u016bsmas\u2026 \u00a0\u00a0<\/p>\n<p style=\"margin-left:0cm; margin-right:0cm\">Ar\u012b \u2013 draudi, bet maz\u0101ki nek\u0101 patlaban. Kuriem j\u0101st\u0101jas pret\u012b jau tagad.\u00a0<\/p>\n<p style=\"margin-left:0cm; margin-right:0cm\">\u0160aj\u0101 zi\u0146\u0101 baltie\u0161iem un mums ir labi, ka Eiropa, ar\u012b vec\u0101 Eiropa, galu gal\u0101 mostas. Nostiprin\u0101s sapratne, ka no \u0161\u012b kara rezult\u0101tiem b\u016bs atkar\u012bga visa Eiropas kontinenta dro\u0161\u012bba. Turpin\u0101s nevis vienk\u0101r\u0161i Eiropas apbru\u0146o\u0161ana, bet ar\u012b apzi\u0146as militariz\u0101cija, gatav\u012bbas konfliktam palielin\u0101\u0161an\u0101s. K\u0101ds apbru\u0146ojas vienk\u0101r\u0161i priek\u0161z\u012bm\u012bgi, k\u0101 po\u013ci, kuri iepirku\u0161i bru\u0146ojumu vair\u0101k par visiem un gatavojas dot pretsparu. To iep\u0113rk ar\u012b somi, bet vi\u0146i ar\u012b pirms tam bija gatavi. T\u0101 dro\u0161i vien ir viena no atz\u012bt\u0101kaj\u0101m valst\u012bm visas sabiedr\u012bbas iesaistes, tot\u0101l\u0101s aizsardz\u012bbas zi\u0146\u0101. Dom\u0101ju, ka ar\u012b Baltijas valstis ir nedaudz liel\u0101k\u0101 dro\u0161\u012bb\u0101 nek\u0101 pirms \u010detriem pieciem gadiem.\u00a0<\/p>\n<p style=\"margin-left:0cm; margin-right:0cm\">T\u0101d\u0113\u013c es teiktu, ka pamats optimismam, ne visaptvero\u0161am, bet m\u0113renam, noteikti ir. Notiek zin\u0101mas politisk\u0101s p\u0101rmai\u0146as, kas faktiski kalpo gan Ukrainas, gan citu &#8220;austrumu flanga&#8221; valstu interes\u0113m.<\/p>\n","protected":false},"excerpt":{"rendered":"Lai izdar\u012btu gada politisko kopsavilkumu un prognoz\u0113tu n\u0101kotni, Rus.LSM.lv uz sarunu aicin\u0101ja\u00a0ukrai\u0146u ekspertu, diplom\u0101tu, biju\u0161o aizsardz\u012bbas ministra padomnieku&hellip;\n","protected":false},"author":2,"featured_media":92056,"comment_status":"","ping_status":"","sticky":false,"template":"","format":"standard","meta":{"footnotes":""},"categories":[5],"tags":[23,28,29,32,33,22,30,31,35,39,38,36,37,34,40,20,26,27,24,25,21],"class_list":{"0":"post-92055","1":"post","2":"type-post","3":"status-publish","4":"format-standard","5":"has-post-thumbnail","7":"category-aktualitates","8":"tag-aktualitates","9":"tag-breaking-news","10":"tag-breakingnews","11":"tag-featured-news","12":"tag-featurednews","13":"tag-headlines","14":"tag-latest-news","15":"tag-latestnews","16":"tag-latvia","17":"tag-latvian","18":"tag-latviesu","19":"tag-latviesu-valoda","20":"tag-latviesuvaloda","21":"tag-latvija","22":"tag-lv","23":"tag-news","24":"tag-popularakas-zinas","25":"tag-popularakaszinas","26":"tag-top-stories","27":"tag-topstories","28":"tag-zinas"},"share_on_mastodon":{"url":"https:\/\/pubeurope.com\/@lv\/115821993222152818","error":""},"_links":{"self":[{"href":"https:\/\/www.europesays.com\/lv\/wp-json\/wp\/v2\/posts\/92055","targetHints":{"allow":["GET"]}}],"collection":[{"href":"https:\/\/www.europesays.com\/lv\/wp-json\/wp\/v2\/posts"}],"about":[{"href":"https:\/\/www.europesays.com\/lv\/wp-json\/wp\/v2\/types\/post"}],"author":[{"embeddable":true,"href":"https:\/\/www.europesays.com\/lv\/wp-json\/wp\/v2\/users\/2"}],"replies":[{"embeddable":true,"href":"https:\/\/www.europesays.com\/lv\/wp-json\/wp\/v2\/comments?post=92055"}],"version-history":[{"count":0,"href":"https:\/\/www.europesays.com\/lv\/wp-json\/wp\/v2\/posts\/92055\/revisions"}],"wp:featuredmedia":[{"embeddable":true,"href":"https:\/\/www.europesays.com\/lv\/wp-json\/wp\/v2\/media\/92056"}],"wp:attachment":[{"href":"https:\/\/www.europesays.com\/lv\/wp-json\/wp\/v2\/media?parent=92055"}],"wp:term":[{"taxonomy":"category","embeddable":true,"href":"https:\/\/www.europesays.com\/lv\/wp-json\/wp\/v2\/categories?post=92055"},{"taxonomy":"post_tag","embeddable":true,"href":"https:\/\/www.europesays.com\/lv\/wp-json\/wp\/v2\/tags?post=92055"}],"curies":[{"name":"wp","href":"https:\/\/api.w.org\/{rel}","templated":true}]}}