{"id":92057,"date":"2026-01-01T21:38:11","date_gmt":"2026-01-01T21:38:11","guid":{"rendered":"https:\/\/www.europesays.com\/lv\/92057\/"},"modified":"2026-01-01T21:38:11","modified_gmt":"2026-01-01T21:38:11","slug":"vacija-jaungada-nakti-boja-iet-pusaudzi-tragedija-ar-pastaisitam-petardem","status":"publish","type":"post","link":"https:\/\/www.europesays.com\/lv\/92057\/","title":{"rendered":"V\u0101cij\u0101 Jaungada nakt\u012b boj\u0101 iet pusaud\u017ei \u2013 tra\u0123\u0113dija ar pa\u0161tais\u012bt\u0101m petard\u0113m"},"content":{"rendered":"<p class=\"descr\">Vecgada vakar\u0101 V\u0101cijas pils\u0113t\u0101 B\u012blefeld\u0113 divi 18 gadus veci pusaud\u017ei g\u0101ja boj\u0101, veicot pa\u0161tais\u012btu ugu\u0146o\u0161anu. Berl\u012bn\u0113 pieci cilv\u0113ki tika hospitaliz\u0113ti, bet 16 gadus veca meitene no Leipcigas guva roku traumas.<\/p>\n<p>Ceturtdienas, 1. janv\u0101ra, nakt\u012b divos B\u012blefeldes rajonos, V\u0101cijas rietumos, g\u0101ja boj\u0101 divi 18 gadus veci pusaud\u017ei incidentu rezult\u0101t\u0101, kas saist\u012bti ar pa\u0161tais\u012btiem ugu\u0146o\u0161anas l\u012bdzek\u013ciem. Abi guva n\u0101v\u0113jo\u0161us sejas ievainojumus. Negad\u012bjumi notika neatkar\u012bgi viens no otra. Viens incidents notika rota\u013cu laukum\u0101. P\u0113c policijas teikt\u0101, pusaudzis notikuma viet\u0101 tika pasludin\u0101ts par miru\u0161u, raksta dw.com.<\/p>\n<p>Otraj\u0101 incident\u0101 cietu\u0161ais tika nog\u0101d\u0101ts slimn\u012bc\u0101, kur v\u0113l\u0101k nomira. Saska\u0146\u0101 ar ties\u012bbsarg\u0101jo\u0161o iest\u0101\u017eu sniegto inform\u0101ciju, abas tra\u0123\u0113dijas izrais\u012bja nepareiza r\u012bc\u012bba ar ugu\u0146o\u0161anas ier\u012bc\u0113m. Policijai pa\u0161laik nav pier\u0101d\u012bjumu, ka negad\u012bjumus b\u016btu izrais\u012bjusi tre\u0161o personu nolaid\u012bba.<\/p>\n<p> Citu V\u0101cijas pils\u0113tu iedz\u012bvot\u0101ji hospitaliz\u0113ti ar traum\u0101m <\/p>\n<p>Policija, ugunsdz\u0113s\u0113ji un \u0101tr\u0101s pal\u012bdz\u012bbas dienesti vis\u0101 V\u0101cij\u0101 Vecgada vakar\u0101 bija paaugstin\u0101tas gatav\u012bbas st\u0101vokl\u012b. Valsts liel\u0101k\u0101s publisk\u0101s ielu svin\u012bbas notika pie Brandenburgas v\u0101rtiem Berl\u012bn\u0113, k\u0101 ar\u012b Hamburgas ost\u0101 un Minhenes centr\u0101. Traumu kl\u012bnika Berl\u012bnes Marc\u0101nas rajon\u0101 zi\u0146oja par 25 pacientiem &#8220;ar da\u013c\u0113ji smag\u0101m rokas <a href=\"https:\/\/nra.lv\/birka\/traumas\/\" rel=\"nofollow noopener\" target=\"_blank\">traum\u0101m<\/a>, da\u013c\u0113ju vai piln\u012bgu pirkstu vai rokas da\u013cu amput\u0101ciju&#8221;. Starp ievainotajiem bija asto\u0146i b\u0113rni.<\/p>\n<p>Leipcig\u0101 16 gadus veca meitene smagi savainoja roku, m\u0113\u0123inot aizdedzin\u0101t Jaungada petardi, kuras lieto\u0161ana V\u0101cij\u0101 nav at\u013cauta. Vi\u0146a zaud\u0113ja mazo pirksti\u0146u un da\u013cu zeltne\u0161a.<\/p>\n<p><a href=\"https:\/\/nra.lv\/birka\/ugunosana\/\" rel=\"nofollow noopener\" target=\"_blank\">Ugu\u0146o\u0161anu<\/a> <a href=\"https:\/\/nra.lv\/birka\/vacija\/\" rel=\"nofollow noopener\" target=\"_blank\">V\u0101cij\u0101<\/a> at\u013cauts lietot tikai 31. decembr\u012b un 1. janv\u0101r\u012b. \u0160\u0101 iemesla d\u0113\u013c petar\u017eu izrais\u012bto n\u0101ves gad\u012bjumu un ievainojumu skaits V\u0101cij\u0101 palielin\u0101s ap Jauno gadu. Pag\u0101ju\u0161aj\u0101 gad\u0101 Jaungada vakar\u0101 valst\u012b ugu\u0146o\u0161anas ier\u012b\u010du d\u0113\u013c g\u0101ja boj\u0101 pieci cilv\u0113ki.<\/p>\n<p>\t\t\t\t\t\tinfo<\/p>\n<p>Uzzini pirmais<br \/>kas interesants noticis Latvij\u0101 un pasaul\u0113,<br \/>pievienojoties mums <a href=\"https:\/\/t.me\/neatkariga\" rel=\"nofollow\">Telegram<\/a> vai <a href=\"https:\/\/whatsapp.com\/channel\/0029VaMLFUH5K3zLU5s4wm3y\" rel=\"nofollow noopener\" target=\"_blank\">Whatsapp<\/a> kan\u0101l\u0101<\/p>\n","protected":false},"excerpt":{"rendered":"Vecgada vakar\u0101 V\u0101cijas pils\u0113t\u0101 B\u012blefeld\u0113 divi 18 gadus veci pusaud\u017ei g\u0101ja boj\u0101, veicot pa\u0161tais\u012btu ugu\u0146o\u0161anu. Berl\u012bn\u0113 pieci cilv\u0113ki&hellip;\n","protected":false},"author":2,"featured_media":92058,"comment_status":"","ping_status":"","sticky":false,"template":"","format":"standard","meta":{"footnotes":""},"categories":[14],"tags":[23,57,28,29,32,33,22,30,31,35,39,38,36,37,34,40,20,26,27,24,25,54,55,56,21,58],"class_list":{"0":"post-92057","1":"post","2":"type-post","3":"status-publish","4":"format-standard","5":"has-post-thumbnail","7":"category-zinas-no-arvalstim","8":"tag-aktualitates","9":"tag-arvalstim","10":"tag-breaking-news","11":"tag-breakingnews","12":"tag-featured-news","13":"tag-featurednews","14":"tag-headlines","15":"tag-latest-news","16":"tag-latestnews","17":"tag-latvia","18":"tag-latvian","19":"tag-latviesu","20":"tag-latviesu-valoda","21":"tag-latviesuvaloda","22":"tag-latvija","23":"tag-lv","24":"tag-news","25":"tag-popularakas-zinas","26":"tag-popularakaszinas","27":"tag-top-stories","28":"tag-topstories","29":"tag-world","30":"tag-world-news","31":"tag-worldnews","32":"tag-zinas","33":"tag-zinas-no-arvalstim"},"share_on_mastodon":{"url":"https:\/\/pubeurope.com\/@lv\/115822008906653016","error":""},"_links":{"self":[{"href":"https:\/\/www.europesays.com\/lv\/wp-json\/wp\/v2\/posts\/92057","targetHints":{"allow":["GET"]}}],"collection":[{"href":"https:\/\/www.europesays.com\/lv\/wp-json\/wp\/v2\/posts"}],"about":[{"href":"https:\/\/www.europesays.com\/lv\/wp-json\/wp\/v2\/types\/post"}],"author":[{"embeddable":true,"href":"https:\/\/www.europesays.com\/lv\/wp-json\/wp\/v2\/users\/2"}],"replies":[{"embeddable":true,"href":"https:\/\/www.europesays.com\/lv\/wp-json\/wp\/v2\/comments?post=92057"}],"version-history":[{"count":0,"href":"https:\/\/www.europesays.com\/lv\/wp-json\/wp\/v2\/posts\/92057\/revisions"}],"wp:featuredmedia":[{"embeddable":true,"href":"https:\/\/www.europesays.com\/lv\/wp-json\/wp\/v2\/media\/92058"}],"wp:attachment":[{"href":"https:\/\/www.europesays.com\/lv\/wp-json\/wp\/v2\/media?parent=92057"}],"wp:term":[{"taxonomy":"category","embeddable":true,"href":"https:\/\/www.europesays.com\/lv\/wp-json\/wp\/v2\/categories?post=92057"},{"taxonomy":"post_tag","embeddable":true,"href":"https:\/\/www.europesays.com\/lv\/wp-json\/wp\/v2\/tags?post=92057"}],"curies":[{"name":"wp","href":"https:\/\/api.w.org\/{rel}","templated":true}]}}