{"id":92059,"date":"2026-01-01T21:40:24","date_gmt":"2026-01-01T21:40:24","guid":{"rendered":"https:\/\/www.europesays.com\/lv\/92059\/"},"modified":"2026-01-01T21:40:24","modified_gmt":"2026-01-01T21:40:24","slug":"bulgarija-kluvusi-par-eirozonas-21-dalibvalsti-raksts","status":"publish","type":"post","link":"https:\/\/www.europesays.com\/lv\/92059\/","title":{"rendered":"Bulg\u0101rija k\u013cuvusi par eirozonas 21. dal\u012bbvalsti \/ Raksts"},"content":{"rendered":"<p>Bulg\u0101rija ceturtdien, 1. janv\u0101r\u012b, k\u013cuva par 21. Eiropas Savien\u012bbas (ES) dal\u012bbvalsti, kas ir ieviesusi bloka vienoto val\u016btu eiro. Bulg\u0101ri ilgi g\u0101ja uz \u0161o strat\u0113\u0123isko m\u0113r\u0137i, kas pav\u0113rs ekonomisk\u0101s iesp\u0113jas vienai no ES nabadz\u012bg\u0101kaj\u0101m valst\u012bm. Neraugoties uz to, liela da\u013ca Bulg\u0101rijas sabiedr\u012bbas ir skeptiski noska\u0146ota par eiro ievie\u0161anu. To savas popularit\u0101tes cel\u0161anai ir izmantoju\u0161as Krievijai draudz\u012bgas politisk\u0101s partijas.\u00a0<\/p>\n<p>Bulg\u0101rija k\u013cuvusi par eirozonas 21. dal\u012bbvalsti<\/p>\n<p>Bulg\u0101rijas Nacion\u0101l\u0101s bankas naudas kaltuvei aizvad\u012bt\u0101 gada nogal\u0113 darba netr\u016bka, jo vajadz\u0113ja sara\u017eot pietiekami daudz eiro mon\u0113tu, ko laist apgroz\u012bb\u0101 \u0161odien. Turpm\u0101k Bulg\u0101rij\u0101 visi maks\u0101jumi notiks ES vienotaj\u0101 val\u016bt\u0101. Tas noz\u012bm\u0113, ka Bulg\u0101rijas nacion\u0101l\u0101 val\u016bta leva, ko lietoja kop\u0161 1881. gada, ir k\u013cuvusi par v\u0113sturi.\u00a0<\/p>\n<p>Eiropas Komisija (EK) un Eiropas Centr\u0101l\u0101 banka (ECB) p\u0113rn j\u016bnij\u0101 deva za\u013co gaismu eiro ievie\u0161anai Bulg\u0101rij\u0101, jo valsts bija izpild\u012bjusi t\u0101 d\u0113v\u0113tos M\u0101strihtas krit\u0113rijus uz\u0146em\u0161anai eirozon\u0101.\u00a0Iepriek\u0161\u0113jo reizi eirozona papla\u0161in\u0101j\u0101s 2023.j\u0101 gad\u0101, kad taj\u0101 tika uz\u0146emta Horv\u0101tija.<\/p>\n<p>Domn\u012bcas &#8220;Eiropas \u0100rlietu padome&#8221; Sofijas biroja direktore Marija Simeonova intervij\u0101 Latvijas Radio sac\u012bja, ka p\u0113c pievieno\u0161an\u0101s eirozonai Bulg\u0101rija ir k\u013cuvusi par pilnties\u012bgu ES dal\u012bbvalsti.<a id=\"1\" name=\"1\"\/>\u00a0<\/p>\n<p>&#8220;Tas ir simboliski no politisk\u0101 viedok\u013ca.\u00a0<\/p>\n<blockquote>\n<p>Bulg\u0101rija ir sa\u0146\u0113musi atzin\u012bbu par savu nelok\u0101mo fisk\u0101lo politiku, kas galu gal\u0101, neskatoties uz ekonomiskaj\u0101m kr\u012bz\u0113m un nestabilit\u0101ti Eirop\u0101, noveda pie M\u0101strihtas krit\u0113riju izpildes.\u00a0<\/p>\n<\/blockquote>\n<p>Liel\u0101kais ieguvums \u0161aj\u0101 zi\u0146\u0101 b\u016bs pa\u0161iem iedz\u012bvot\u0101jiem<a id=\"2\" name=\"2\"\/>. Vi\u0146i izjut\u012bs ES sniegt\u0101s priek\u0161roc\u012bbas. Un tagad jau simt procentu apm\u0113r\u0101, jo iepriek\u0161 m\u0113s bij\u0101m dal\u012bbvalsts, kas neizpild\u012bja visus krit\u0113rijus. Kop\u0161 pag\u0101ju\u0161\u0101 gada m\u0113s esam \u0160engenas zonas dal\u012bbvalsts, bet tagad, pievienojoties eirozonai, es dom\u0101ju, ka cilv\u0113ki pa\u0161i patie\u0161\u0101m izjut\u012bs, ko noz\u012bm\u0113 b\u016bt pilnties\u012bgai ES dal\u012bbvalstij,&#8221; uzskata Simeonova.\u00a0<\/p>\n<p>Savuk\u0101rt ekonomists Georgijs Ganevs uzskait\u012bja vair\u0101kus ilgtermi\u0146a ieguvumus, ko Bulg\u0101rijai sniegs eiro ievie\u0161ana.\u00a0<\/p>\n<p>&#8220;Pirmk\u0101rt, samazin\u0101sies dar\u012bjumu izmaksas, jo \u012bpa\u0161i val\u016btas mai\u0146as izmaksas,<a id=\"3\" name=\"3\"\/> \u0146emot v\u0113r\u0101 Bulg\u0101rijas \u013coti lielo apgroz\u012bjumu ar eirozonas valst\u012bm gan pre\u010du tirdzniec\u012bb\u0101, gan pakalpojumu tirdzniec\u012bb\u0101, gan finan\u0161u attiec\u012bbu jom\u0101. Mums ir daudz dar\u012bjumu, kuros val\u016bta tiek main\u012bta no vienas uz otru, un katru reizi tas kaut ko izmaks\u0101. Tiek l\u0113sts, ka uz\u0146\u0113mumiem un m\u0101jsaimniec\u012bb\u0101m tas izmaks\u0101 apm\u0113ram pusmiljardu eiro gad\u0101. V\u0113l viens ilgtermi\u0146a ieguvums ir padzi\u013cin\u0101ta integr\u0101cija ar eirozonas valst\u012bm.\u00a0<\/p>\n<blockquote>\n<p>T\u0101 k\u0101 m\u0113s joproj\u0101m m\u0113\u0123in\u0101m samazin\u0101t atpalic\u012bbu no p\u0101r\u0113j\u0101m dal\u012bbvalst\u012bm, tad tiek sagaid\u012bts, ka konver\u0123ence b\u016bs strauj\u0101ka nek\u0101 tad, ja m\u0113s paliktu \u0101rpus eirozonas.\u00a0<\/p>\n<\/blockquote>\n<p>Un, tre\u0161k\u0101rt, Bulg\u0101rija par\u0101d\u012bsies invest\u012bciju iesp\u0113ju kart\u0113 investoriem, kuri l\u012bdz \u0161im pat nezin\u0101ja, ka Bulg\u0101rija past\u0101v,&#8221; teica Ganevs.\u00a0<\/p>\n<p>Neraugoties uz iesp\u0113jamiem ieguvumiem no eiro ievie\u0161anas, 6,5 miljoni Bulg\u0101rijas iedz\u012bvot\u0101ju ir sa\u0161\u0137elti \u0161aj\u0101 jaut\u0101jum\u0101. Bulg\u0101rijas Finan\u0161u ministrijas nesen pas\u016bt\u012bt\u0101 aptauj\u0101 51\u00a0% respondentu atbild\u0113ja, ka vi\u0146i atbalsta eiro ievie\u0161anu, bet 45\u00a0% bija pret pievieno\u0161anos eirozonai, raksta &#8220;The Guardian&#8221;.<a id=\"4\" name=\"4\"\/>\u00a0<\/p>\n<p><a id=\"5\" name=\"5\"\/>Daudzi bulg\u0101ri noba\u017e\u012bju\u0161ies, ka p\u0113c eiro ievie\u0161anas strauji pieaugs infl\u0101cija, ta\u010du Ganevs to noraid\u012bja: &#8220;Tas ir m\u012bts. Bet, k\u0101 jau katr\u0101 m\u012bt\u0101, ar\u012b \u0161aj\u0101 ir da\u013ca paties\u012bbas. Un \u0161\u012b paties\u012bbas da\u013ca ir t\u0101, ka dal\u012bbai eirozon\u0101 patie\u0161\u0101m ir ietekme uz cenu l\u012bmeni, bet ne infl\u0101cijas ietekme. Ir j\u0101no\u0161\u0137ir \u0161\u012bs divas lietas, jo infl\u0101cija noz\u012bm\u0113 nep\u0101rtrauktu, sec\u012bgu un ilgtermi\u0146a cenu l\u012bme\u0146a pieaugumu, nevis vienreiz\u0113ju cenu k\u0101pumu k\u0101da konkr\u0113ta iemesla d\u0113\u013c. Dal\u012bbai eirozon\u0101 vienm\u0113r un visur ir rakstur\u012bgs \u0161is vienreiz\u0113jais cenu l\u0113ciens, kas ir saist\u012bts ar cenu noapa\u013co\u0161anas efektu, ievie\u0161ot eiro. Proti, pievieno\u0161an\u0101s eirozonai ir pietiekams nosac\u012bjums tam, lai uz\u0146\u0113m\u0113ji m\u0113\u0123in\u0101tu noskaidrot, vai vi\u0146i var p\u0101rdot preces vai pakalpojumus par augst\u0101k\u0101m cen\u0101m. Eiro ievie\u0161ana vienm\u0113r un visur ir \u0101rk\u0101rt\u012bgi labs iegansts \u0161\u0101diem m\u0113\u0123in\u0101jumiem.&#8221;\u00a0<\/p>\n<blockquote>\n<p>Ar\u012b ECB prognoz\u0113, ka eiro ievie\u0161anai Bulg\u0101rij\u0101 b\u016bs sal\u012bdzino\u0161i neliela un \u012bslaic\u012bga ietekme uz pat\u0113ri\u0146a cen\u0101m. Pieredze cit\u0101s valst\u012bs liecina, ka p\u0113c eiro ievie\u0161anas cenas pieauga par 0,2 l\u012bdz 0,4 procentpunktiem.\u00a0<\/p>\n<\/blockquote>\n<p>Daudzu bulg\u0101ru skeptisko attieksmi pret eiro izmantoja opoz\u012bcijas politi\u0137i, lai s\u0113tu paniku sabiedr\u012bb\u0101.<a id=\"6\" name=\"6\"\/><\/p>\n<p>Marija Simeonova dom\u0101, ka Bulg\u0101rijas vald\u012bba nov\u0113loti s\u0101ka inform\u0113t sabiedr\u012bbu par to, ko valstij noz\u012bm\u0113s eiro ievie\u0161ana.<\/p>\n<p>&#8220;Tas \u013c\u0101va da\u017e\u0101m nacion\u0101listu partij\u0101m aizpild\u012bt inform\u0101cijas vakuumu, piepildot to ar moderniem populistiskiem gal\u0113ji lab\u0113jiem lozungiem. Runa bija par to, ka m\u0113s zaud\u0113sim savu suverenit\u0101ti, mums vairs neb\u016bs kontroles p\u0101r val\u016btu un fisk\u0101lo sist\u0113mu. Parlament\u0101 p\u0101rst\u0101v\u0113t\u0101 gal\u0113ji lab\u0113j\u0101 partija &#8220;Atdzim\u0161ana&#8221; g\u0101ja v\u0113l t\u0101l\u0101k un uzbruka Eiropas Komisijas p\u0101rst\u0101vniec\u012bbas \u0113kai Sofij\u0101. Vi\u0146iem bija svar\u012bgi rad\u012bt iespaidu, ka bulg\u0101ri ir pret eiro,&#8221; sac\u012bja eksperte. &#8220;Ta\u010du p\u0113c \u0161\u012bs pret eiro v\u0113rst\u0101s kampa\u0146as kulmin\u0101cijas m\u0113s redz\u0113j\u0101m, ka, pateicoties atbild\u012bgo instit\u016bciju sniegtai pla\u0161\u0101kai inform\u0101cijai, sabiedrisk\u0101 doma s\u0101ka main\u012bties un cilv\u0113ki nomierin\u0101j\u0101s.&#8221;<\/p>\n<p>Ar\u012b Krievija izmantoja Bulg\u0101rij\u0101 valdo\u0161o noska\u0146ojumu, lai izplat\u012btu dezinform\u0101ciju ar m\u0113r\u0137i mazin\u0101t atbalstu eiro ievie\u0161anai, nor\u0101d\u012bja eksperti.<a id=\"7\" name=\"7\"\/><\/p>\n<p>Simeonova ar r\u016bgtumu secin\u0101ja, ka Krem\u013ca propaganda atrod daudzas dzird\u012bgas ausis vi\u0146as dzimten\u0113. &#8220;Ir vair\u0101ki iemesli, k\u0101p\u0113c Krem\u013ca propaganda ir sekm\u012bga Bulg\u0101rij\u0101. To var skaidrot ar v\u0113sturi, \u0123eogr\u0101fisko tuvumu, k\u0101 ar\u012b kult\u016bras un valodas radniec\u012bbu, ar\u012b reli\u0123isko tuv\u012bbu. Kremlis \u013coti prasm\u012bgi izmanto visus \u0161os aspektus, lai kait\u0113tu un trauc\u0113tu uzticamai un satur\u012bgai diskusijai par Eiropu Bulg\u0101rij\u0101,&#8221; paskaidroja eksperte.\u00a0<\/p>\n<p>Georgijs Ganevs piebilda, ka p\u0113c Krievijas pilna m\u0113roga iebrukuma Ukrain\u0101 Krem\u013ca ietekme Bulg\u0101rij\u0101 ir v\u0101jin\u0101jusies, jo Maskavai ir arvien maz\u0101k instrumentu, ar ko to \u012bstenot.<\/p>\n<p>                    Valodas k\u013c\u016bda rakst\u0101?<\/p>\n<p class=\"d-none d-md-block\">Iez\u012bm\u0113jiet tekstu un spiediet Ctrl+Enter, lai nos\u016bt\u012btu labojamo teksta fragmentu redaktoram! Par faktu k\u013c\u016bd\u0101m l\u016bdzam zi\u0146ot e-past\u0101 <a href=\"https:\/\/www.lsm.lv\/cdn-cgi\/l\/email-protection\" class=\"__cf_email__\" data-cfemail=\"56243332373d353f3c37163a253b783a20\" rel=\"nofollow noopener\" target=\"_blank\">[email\u00a0protected]<\/a>.<\/p>\n<p class=\"d-md-none\">Iez\u012bm\u0113jiet tekstu un spiediet uz Zi\u0146ot par k\u013c\u016bdu pogas, lai nos\u016bt\u012btu labojamo teksta fragmentu redaktoram!<\/p>\n<p>\n                    Zi\u0146ot par k\u013c\u016bdu\n                <\/p>\n","protected":false},"excerpt":{"rendered":"Bulg\u0101rija ceturtdien, 1. janv\u0101r\u012b, k\u013cuva par 21. Eiropas Savien\u012bbas (ES) dal\u012bbvalsti, kas ir ieviesusi bloka vienoto val\u016btu eiro.&hellip;\n","protected":false},"author":2,"featured_media":92060,"comment_status":"","ping_status":"","sticky":false,"template":"","format":"standard","meta":{"footnotes":""},"categories":[5],"tags":[23,28,29,32,33,22,30,31,35,39,38,36,37,34,40,20,26,27,24,25,21],"class_list":{"0":"post-92059","1":"post","2":"type-post","3":"status-publish","4":"format-standard","5":"has-post-thumbnail","7":"category-aktualitates","8":"tag-aktualitates","9":"tag-breaking-news","10":"tag-breakingnews","11":"tag-featured-news","12":"tag-featurednews","13":"tag-headlines","14":"tag-latest-news","15":"tag-latestnews","16":"tag-latvia","17":"tag-latvian","18":"tag-latviesu","19":"tag-latviesu-valoda","20":"tag-latviesuvaloda","21":"tag-latvija","22":"tag-lv","23":"tag-news","24":"tag-popularakas-zinas","25":"tag-popularakaszinas","26":"tag-top-stories","27":"tag-topstories","28":"tag-zinas"},"share_on_mastodon":{"url":"https:\/\/pubeurope.com\/@lv\/115822016790899685","error":""},"_links":{"self":[{"href":"https:\/\/www.europesays.com\/lv\/wp-json\/wp\/v2\/posts\/92059","targetHints":{"allow":["GET"]}}],"collection":[{"href":"https:\/\/www.europesays.com\/lv\/wp-json\/wp\/v2\/posts"}],"about":[{"href":"https:\/\/www.europesays.com\/lv\/wp-json\/wp\/v2\/types\/post"}],"author":[{"embeddable":true,"href":"https:\/\/www.europesays.com\/lv\/wp-json\/wp\/v2\/users\/2"}],"replies":[{"embeddable":true,"href":"https:\/\/www.europesays.com\/lv\/wp-json\/wp\/v2\/comments?post=92059"}],"version-history":[{"count":0,"href":"https:\/\/www.europesays.com\/lv\/wp-json\/wp\/v2\/posts\/92059\/revisions"}],"wp:featuredmedia":[{"embeddable":true,"href":"https:\/\/www.europesays.com\/lv\/wp-json\/wp\/v2\/media\/92060"}],"wp:attachment":[{"href":"https:\/\/www.europesays.com\/lv\/wp-json\/wp\/v2\/media?parent=92059"}],"wp:term":[{"taxonomy":"category","embeddable":true,"href":"https:\/\/www.europesays.com\/lv\/wp-json\/wp\/v2\/categories?post=92059"},{"taxonomy":"post_tag","embeddable":true,"href":"https:\/\/www.europesays.com\/lv\/wp-json\/wp\/v2\/tags?post=92059"}],"curies":[{"name":"wp","href":"https:\/\/api.w.org\/{rel}","templated":true}]}}