{"id":92061,"date":"2026-01-01T21:44:15","date_gmt":"2026-01-01T21:44:15","guid":{"rendered":"https:\/\/www.europesays.com\/lv\/92061\/"},"modified":"2026-01-01T21:44:15","modified_gmt":"2026-01-01T21:44:15","slug":"ukraina-noraida-baumas-krievu-brivpratigo-korpusa-komandieris-kapustins-esot-dzivs-1188-lv","status":"publish","type":"post","link":"https:\/\/www.europesays.com\/lv\/92061\/","title":{"rendered":"Ukraina noraida baumas &#8211; krievu br\u012bvpr\u0101t\u012bgo korpusa komandieris Kapustins esot dz\u012bvs &#8211; 1188.lv"},"content":{"rendered":"<ol>\n<li><a href=\"https:\/\/news.google.com\/rss\/articles\/CBMitAFBVV95cUxONE1oZnNJOExiZnNPcHBZdGxic1VVWXV0QngtSkNPRjJsQkViUlc1aTZLT2JxaVZlRHNxdE1rWWU4WWphelJWSUMzRG0yTm1Idks4bG1NMWVDN3c2TVU1NEZCLTUtZmNYeFk1eG9HbEJjQkZMOWhrU0Z1R1BJdVQxc09ONGdfZGY2VWR6QWJSaGxzUHBqMC1yTlNDOEVFRkRaaFlWbW1XeWZOT2M2TUVkRTlMYmc?oc=5\" target=\"_blank\" rel=\"nofollow noopener\">Ukraina noraida baumas &#8211; krievu br\u012bvpr\u0101t\u012bgo korpusa komandieris Kapustins esot dz\u012bvs<\/a>&nbsp;&nbsp;1188.lv<\/li>\n<li><a href=\"https:\/\/news.google.com\/rss\/articles\/CBMiywFBVV95cUxPc3lud2Z3b3VJSnBzV0xMS0pXdmZGRU8zZ2lKYnJaLUJ2cFF6WlZpVDVXU0RobnBsVFQ0cXVZRlJGZ2FXem1iWGN6b19PaFd1NFI4bnFJNUVNSE1kam9fa1pybmtSOTRzT0RhX0h1d2txb3R6UDJ3RjhjeGNSZDNlUlo4NWNTZ1lGR1g2YzNvWGlLMUJBaVQwVHktbmhnWmVTQ2VudS1uZ0VSMGJVUUNBb3VhUFBxb0dKNktWZURyWlZmd29KZkN1ellGbw?oc=5\" target=\"_blank\" rel=\"nofollow noopener\">&#8220;Laipni l\u016bgts atpaka\u013c dz\u012bv\u0113&#8221; \u2013 komandiera Kapustina n\u0101ve tikusi falsific\u0113ta, zi\u0146o medijs<\/a>&nbsp;&nbsp;Delfi<\/li>\n<li><a href=\"https:\/\/news.google.com\/rss\/articles\/CBMiowFBVV95cUxPMEJ4d0FvRW9ZX0lIcmFsVTl2REtfM1RvLUhkZjFCT1VrbHhzYkFvNjdYVUMtczJselExdVhld0tTeVNGTHZRSFoxYXVYS3JuNjFhakE4Ry1jcnBIX21yZm1raE95RDc0Y3IwcEY5Z3FNSFExNmJ2MjY5MWJ5VC1weDdfRFRxMFdSZDFPMzFDVzNKODJLNk1IazBJXzNGckxyaU5j?oc=5\" target=\"_blank\" rel=\"nofollow noopener\">Krievu br\u012bvpr\u0101t\u012bgo korpusa komandieris Kapustins ir dz\u012bvs, pazi\u0146o Ukraina<\/a>&nbsp;&nbsp;TVNET<\/li>\n<li><a href=\"https:\/\/news.google.com\/rss\/articles\/CBMipwFBVV95cUxOVXRYdHlFWTBUcW5sNW0xUU1FZFREYTkyeDZkZkd0YVV1X3NKNUtGN01hcFBmQ0VvTzNlcHV3X2dxWlRpVTJvYVF6dE9hQ3pQVW44Mmk2eG9OdmdPdGdiNWlCbXg2OWdMMWNveFRVQ2lvdk1hZGxPWTlHNFA0NWh6QlRDM21WV21jdE9rNUctazdGU1pmeUt1M0ZIQkx4VUJLRGJpUTluNA?oc=5\" target=\"_blank\" rel=\"nofollow noopener\">HUR: &#8220;Krievu Br\u012bvpr\u0101t\u012bgo korpusa&#8221; vad\u012bt\u0101js Deniss Kapustins ir dz\u012bvs<\/a>&nbsp;&nbsp;Jauns.lv<\/li>\n<li><a href=\"https:\/\/news.google.com\/rss\/articles\/CBMiqAFBVV95cUxQanhCaC1rZnJPb1JYV3FCZUI0cVRBYk9pUHVtNXE4RG52MEhPTFZYLVd5RFVFc1ZQbWhCX1lqVm04LVZxREpLT3U4MUplaXlvTGJ5cnpKdTdxMkYyZDVITnBkQkJnWjRGX1R0OWNXdmk0N3VZLWhfYkwwaXNISGl4WTR4d0RUTFd6am5Hcmx1cWtmM2RFcVNSZVJPSEdleEJpR2xyaUNlaGU?oc=5\" target=\"_blank\" rel=\"nofollow noopener\">&#8220;Krievijas specdienestiem neveiksme.&#8221; RDK komandieris Kapustins tom\u0113r ir dz\u012bvs<\/a>&nbsp;&nbsp;Apollo.lv<\/li>\n<\/ol>\n","protected":false},"excerpt":{"rendered":"Ukraina noraida baumas &#8211; krievu br\u012bvpr\u0101t\u012bgo korpusa komandieris Kapustins esot dz\u012bvs&nbsp;&nbsp;1188.lv &#8220;Laipni l\u016bgts atpaka\u013c dz\u012bv\u0113&#8221; \u2013 komandiera Kapustina&hellip;\n","protected":false},"author":2,"featured_media":92062,"comment_status":"","ping_status":"","sticky":false,"template":"","format":"standard","meta":{"footnotes":""},"categories":[14],"tags":[129,470,473,23,57,28,29,32,33,22,30,31,35,39,38,36,37,34,40,20,26,27,471,474,472,475,24,25,54,55,56,21,58],"class_list":{"0":"post-92061","1":"post","2":"type-post","3":"status-publish","4":"format-standard","5":"has-post-thumbnail","7":"category-zinas-no-arvalstim","8":"tag-__typenameadvicekeyword","9":"tag-id532","10":"tag-id549","11":"tag-aktualitates","12":"tag-arvalstim","13":"tag-breaking-news","14":"tag-breakingnews","15":"tag-featured-news","16":"tag-featurednews","17":"tag-headlines","18":"tag-latest-news","19":"tag-latestnews","20":"tag-latvia","21":"tag-latvian","22":"tag-latviesu","23":"tag-latviesu-valoda","24":"tag-latviesuvaloda","25":"tag-latvija","26":"tag-lv","27":"tag-news","28":"tag-popularakas-zinas","29":"tag-popularakaszinas","30":"tag-slugkars-ukraina","31":"tag-slugkrievijas-iebrukums-ukraina","32":"tag-titlekars-ukraina","33":"tag-titlekrievijas-iebrukums-ukraina","34":"tag-top-stories","35":"tag-topstories","36":"tag-world","37":"tag-world-news","38":"tag-worldnews","39":"tag-zinas","40":"tag-zinas-no-arvalstim"},"share_on_mastodon":{"url":"","error":"Validation failed: Text character limit of 500 exceeded"},"_links":{"self":[{"href":"https:\/\/www.europesays.com\/lv\/wp-json\/wp\/v2\/posts\/92061","targetHints":{"allow":["GET"]}}],"collection":[{"href":"https:\/\/www.europesays.com\/lv\/wp-json\/wp\/v2\/posts"}],"about":[{"href":"https:\/\/www.europesays.com\/lv\/wp-json\/wp\/v2\/types\/post"}],"author":[{"embeddable":true,"href":"https:\/\/www.europesays.com\/lv\/wp-json\/wp\/v2\/users\/2"}],"replies":[{"embeddable":true,"href":"https:\/\/www.europesays.com\/lv\/wp-json\/wp\/v2\/comments?post=92061"}],"version-history":[{"count":0,"href":"https:\/\/www.europesays.com\/lv\/wp-json\/wp\/v2\/posts\/92061\/revisions"}],"wp:featuredmedia":[{"embeddable":true,"href":"https:\/\/www.europesays.com\/lv\/wp-json\/wp\/v2\/media\/92062"}],"wp:attachment":[{"href":"https:\/\/www.europesays.com\/lv\/wp-json\/wp\/v2\/media?parent=92061"}],"wp:term":[{"taxonomy":"category","embeddable":true,"href":"https:\/\/www.europesays.com\/lv\/wp-json\/wp\/v2\/categories?post=92061"},{"taxonomy":"post_tag","embeddable":true,"href":"https:\/\/www.europesays.com\/lv\/wp-json\/wp\/v2\/tags?post=92061"}],"curies":[{"name":"wp","href":"https:\/\/api.w.org\/{rel}","templated":true}]}}