{"id":92067,"date":"2026-01-01T22:03:08","date_gmt":"2026-01-01T22:03:08","guid":{"rendered":"https:\/\/www.europesays.com\/lv\/92067\/"},"modified":"2026-01-01T22:03:08","modified_gmt":"2026-01-01T22:03:08","slug":"aculiecinieki-stasta-kads-bija-iemesls-kapec-sveices-kurorta-izcelas-ugunsgreks","status":"publish","type":"post","link":"https:\/\/www.europesays.com\/lv\/92067\/","title":{"rendered":"Aculiecinieki st\u0101sta, k\u0101ds bija iemesls, k\u0101p\u0113c \u0160veices k\u016brort\u0101 izc\u0113l\u0101s ugunsgr\u0113ks"},"content":{"rendered":"<p>Jau zi\u0146ots, ka <a href=\"https:\/\/jauns.lv\/raksts\/arzemes\/689338-tragedija-prestiza-sleposanas-kurorta-sveice-spradziena-bara-desmitiem-bojagajuso-un-ievainoto\" target=\"_blank\" rel=\"nofollow noopener\">tra\u0123\u0113dija notikusi ap plkst. 1.30<\/a> p\u0113c viet\u0113j\u0101 laika (plkst. 2.30 p\u0113c Latvijas laika). Spr\u0101dziena rezult\u0101t\u0101 <a href=\"https:\/\/jauns.lv\/raksts\/arzemes\/689380-spradziens-sveices-kurorta-prasijis-vismaz-40-cilveku-dzivibas\" target=\"_blank\" rel=\"nofollow noopener\">boj\u0101 g\u0101ju\u0161i vismaz 40 cilv\u0113ki<\/a>, bet ievainoti \u2014 apm\u0113ram 115, ceturtdien pazi\u0146oja It\u0101lijas \u0100rlietu ministrija. Daudzi ievainotie, kas nog\u0101d\u0101ti da\u017e\u0101d\u0101s \u0160veices slimn\u012bc\u0101s, ir smag\u0101 st\u0101vokl\u012b. B\u0101r\u0101 biju\u0161i daudzi gados jauni cilv\u0113ki, t\u0101, piem\u0113ram, slimn\u012bc\u0101 Lozann\u0101 nog\u0101d\u0101ti 22 ievainotie 16 l\u012bdz 26 gadu vecum\u0101.<\/p>\n","protected":false},"excerpt":{"rendered":"Jau zi\u0146ots, ka tra\u0123\u0113dija notikusi ap plkst. 1.30 p\u0113c viet\u0113j\u0101 laika (plkst. 2.30 p\u0113c Latvijas laika). Spr\u0101dziena rezult\u0101t\u0101&hellip;\n","protected":false},"author":2,"featured_media":92068,"comment_status":"","ping_status":"","sticky":false,"template":"","format":"standard","meta":{"footnotes":""},"categories":[12],"tags":[23,28,29,32,33,22,30,31,35,39,38,36,37,34,40,20,26,27,24,25,21],"class_list":{"0":"post-92067","1":"post","2":"type-post","3":"status-publish","4":"format-standard","5":"has-post-thumbnail","7":"category-latvija","8":"tag-aktualitates","9":"tag-breaking-news","10":"tag-breakingnews","11":"tag-featured-news","12":"tag-featurednews","13":"tag-headlines","14":"tag-latest-news","15":"tag-latestnews","16":"tag-latvia","17":"tag-latvian","18":"tag-latviesu","19":"tag-latviesu-valoda","20":"tag-latviesuvaloda","21":"tag-latvija","22":"tag-lv","23":"tag-news","24":"tag-popularakas-zinas","25":"tag-popularakaszinas","26":"tag-top-stories","27":"tag-topstories","28":"tag-zinas"},"share_on_mastodon":{"url":"https:\/\/pubeurope.com\/@lv\/115822107202847093","error":""},"_links":{"self":[{"href":"https:\/\/www.europesays.com\/lv\/wp-json\/wp\/v2\/posts\/92067","targetHints":{"allow":["GET"]}}],"collection":[{"href":"https:\/\/www.europesays.com\/lv\/wp-json\/wp\/v2\/posts"}],"about":[{"href":"https:\/\/www.europesays.com\/lv\/wp-json\/wp\/v2\/types\/post"}],"author":[{"embeddable":true,"href":"https:\/\/www.europesays.com\/lv\/wp-json\/wp\/v2\/users\/2"}],"replies":[{"embeddable":true,"href":"https:\/\/www.europesays.com\/lv\/wp-json\/wp\/v2\/comments?post=92067"}],"version-history":[{"count":0,"href":"https:\/\/www.europesays.com\/lv\/wp-json\/wp\/v2\/posts\/92067\/revisions"}],"wp:featuredmedia":[{"embeddable":true,"href":"https:\/\/www.europesays.com\/lv\/wp-json\/wp\/v2\/media\/92068"}],"wp:attachment":[{"href":"https:\/\/www.europesays.com\/lv\/wp-json\/wp\/v2\/media?parent=92067"}],"wp:term":[{"taxonomy":"category","embeddable":true,"href":"https:\/\/www.europesays.com\/lv\/wp-json\/wp\/v2\/categories?post=92067"},{"taxonomy":"post_tag","embeddable":true,"href":"https:\/\/www.europesays.com\/lv\/wp-json\/wp\/v2\/tags?post=92067"}],"curies":[{"name":"wp","href":"https:\/\/api.w.org\/{rel}","templated":true}]}}