{"id":92069,"date":"2026-01-01T22:09:08","date_gmt":"2026-01-01T22:09:08","guid":{"rendered":"https:\/\/www.europesays.com\/lv\/92069\/"},"modified":"2026-01-01T22:09:08","modified_gmt":"2026-01-01T22:09:08","slug":"miris-vairas-vikes-freibergas-virs-imants-freibergs-biografija-un-dzivesstasts","status":"publish","type":"post","link":"https:\/\/www.europesays.com\/lv\/92069\/","title":{"rendered":"Miris Vairas V\u012b\u0137es-Freibergas v\u012brs Imants Freibergs \u2013 biogr\u0101fija un dz\u012bvesst\u0101sts"},"content":{"rendered":"<p class=\"descr\">\u0160odien, 1. janv\u0101r\u012b, miris biju\u0161\u0101s Valsts prezidentes Vairas V\u012b\u0137es-Freibergas v\u012brs Imants Freibergs, soci\u0101lajos medijos zi\u0146o V\u012b\u0137e-Freiberga.<\/p>\n<p>&#8220;Mans m\u012b\u013cais Imants \u0161or\u012bt aizg\u0101ja balt\u0101 Dieva mier\u0101 m\u016b\u017e\u012bb\u0101. Dzi\u013c\u0101s s\u0113r\u0101s aizl\u016bdzu, lai vi\u0146a dv\u0113selei viegls ce\u013c\u0161. Par vi\u0146u s\u0113ro meita Indra, mazd\u0113ls Ivars, d\u0113ls K\u0101rlis ar sievu Lindu un mazb\u0113rniem Alisi, Austru un Ritumu,&#8221; ierakst\u0101 vietn\u0113 &#8220;X&#8221; nor\u0101d\u012bjusi V\u012b\u0137e-Freiberga.<\/p>\n<p>K\u0101 liecina a\u0123ent\u016bras LETA arh\u012bvs, <a href=\"https:\/\/nra.lv\/birka\/imants-freibergs\/\" rel=\"nofollow noopener\" target=\"_blank\">Freibergs<\/a> dzimis 1934. gada 12. mart\u0101 Valmier\u0101. 1944. gad\u0101 b\u0113g\u013cu gait\u0101s non\u0101cis V\u0101cijas nometn\u0113s. 1948. gad\u0101 p\u0101rc\u0113l\u0101s uz Franciju.<\/p>\n<p>Publiski pieejam\u0101 inform\u0101cija liecina, ka Freibergs un V\u012b\u0137e-Freiberga apprec\u0113j\u0101s 1960. gada 16. j\u016bnij\u0101.<\/p>\n<p>V\u012b\u0137e-Freiberga bija Latvijas Valsts prezidente divus termi\u0146us &#8211; no 1999. gada l\u012bdz 2003. gadam un no 2003. gada l\u012bdz 2007. gadam.<\/p>\n<p>Freibergs bija datorzin\u0101tnieks. Str\u0101d\u0101jis Kvebekas universit\u0101t\u0113 Monre\u0101l\u0101, kur vad\u012bjis inform\u0101tikas studiju programmas, bijis profesors Monpelj\u0113 universit\u0101t\u0113 Francij\u0101 un Oksfordas universit\u0101t\u0113 Anglij\u0101, un str\u0101d\u0101jis ar\u012b Latvijas Universit\u0101t\u0113. Vi\u0146\u0161 bijis ar\u012b Latvijas Inform\u0101cijas tehnolo\u0123iju un telekomunik\u0101ciju asoci\u0101cijas prezidents.<\/p>\n<p>Freibergs piedal\u012bjies Pirmo latvie\u0161u jaunatnes sv\u0113tku organiz\u0101cijas padomes darb\u0101. Vi\u0146\u0161 ir Latvijas Zin\u0101t\u0146u akad\u0113mijas loceklis. Sa\u0146\u0113mis pirm\u0101s \u0161\u0137iras Triju Zvaig\u017e\u0146u ordeni.<\/p>\n<p>L\u012bdzj\u016bt\u012bbu Freiberga tuviniekiem izteicis Valsts prezidents Edgars Rink\u0113vi\u010ds. Prezidents pazi\u0146ojum\u0101 presei raksta, ka Freiberga zin\u0101tniskais un sabiedriskais veikums visa m\u016b\u017ea garum\u0101 kalpojis Latvijai un nesis t\u0101s v\u0101rdu pasaul\u0113. Vi\u0146\u0161 ar\u012b uzsver, ka Freiberga intelektu\u0101lais devums latvie\u0161u tautasdziesmu digitaliz\u0101cij\u0101 ir palieko\u0161a v\u0113rt\u012bba latvie\u0161u folkloras saglab\u0101\u0161an\u0101 n\u0101kamaj\u0101m paaudz\u0113m.<\/p>\n<p>Soci\u0101lajos medijos ar l\u012bdzj\u016bt\u012bbas v\u0101rdiem dal\u0101s ar\u012b \u0101rlietu ministre Baiba Bra\u017ee (JV). &#8220;Paliek viss vi\u0146a paveiktais, izaudzin\u0101ti b\u0113rni, mazb\u0113rni, un atjaunot\u0101 Latvijas neatkar\u012bba, paliek m\u016bsu atmi\u0146as un viss labais, kas vi\u0146\u0161 bija palic\u0113jiem,&#8221; raksta amatpersona.<\/p>\n<p>L\u012bdzj\u016bt\u012bbu izteikusi ar\u012b tieslietu ministre Inese L\u012bbi\u0146a-Egnere (JV), kult\u016bras ministre Dace Melb\u0101rde (JV), citi politi\u0137i un l\u012bdzcilv\u0113ki.<\/p>\n<p>\t\t\t\t\t\tinfo<\/p>\n<p>Uzzini pirmais<br \/>kas interesants noticis Latvij\u0101 un pasaul\u0113,<br \/>pievienojoties mums <a href=\"https:\/\/t.me\/neatkariga\" rel=\"nofollow\">Telegram<\/a> vai <a href=\"https:\/\/whatsapp.com\/channel\/0029VaMLFUH5K3zLU5s4wm3y\" rel=\"nofollow noopener\" target=\"_blank\">Whatsapp<\/a> kan\u0101l\u0101<\/p>\n","protected":false},"excerpt":{"rendered":"\u0160odien, 1. janv\u0101r\u012b, miris biju\u0161\u0101s Valsts prezidentes Vairas V\u012b\u0137es-Freibergas v\u012brs Imants Freibergs, soci\u0101lajos medijos zi\u0146o V\u012b\u0137e-Freiberga. &#8220;Mans m\u012b\u013cais&hellip;\n","protected":false},"author":2,"featured_media":92070,"comment_status":"","ping_status":"","sticky":false,"template":"","format":"standard","meta":{"footnotes":""},"categories":[12],"tags":[23,28,29,32,33,22,30,31,35,39,38,36,37,34,40,20,26,27,24,25,21],"class_list":{"0":"post-92069","1":"post","2":"type-post","3":"status-publish","4":"format-standard","5":"has-post-thumbnail","7":"category-latvija","8":"tag-aktualitates","9":"tag-breaking-news","10":"tag-breakingnews","11":"tag-featured-news","12":"tag-featurednews","13":"tag-headlines","14":"tag-latest-news","15":"tag-latestnews","16":"tag-latvia","17":"tag-latvian","18":"tag-latviesu","19":"tag-latviesu-valoda","20":"tag-latviesuvaloda","21":"tag-latvija","22":"tag-lv","23":"tag-news","24":"tag-popularakas-zinas","25":"tag-popularakaszinas","26":"tag-top-stories","27":"tag-topstories","28":"tag-zinas"},"share_on_mastodon":{"url":"https:\/\/pubeurope.com\/@lv\/115822130807189473","error":""},"_links":{"self":[{"href":"https:\/\/www.europesays.com\/lv\/wp-json\/wp\/v2\/posts\/92069","targetHints":{"allow":["GET"]}}],"collection":[{"href":"https:\/\/www.europesays.com\/lv\/wp-json\/wp\/v2\/posts"}],"about":[{"href":"https:\/\/www.europesays.com\/lv\/wp-json\/wp\/v2\/types\/post"}],"author":[{"embeddable":true,"href":"https:\/\/www.europesays.com\/lv\/wp-json\/wp\/v2\/users\/2"}],"replies":[{"embeddable":true,"href":"https:\/\/www.europesays.com\/lv\/wp-json\/wp\/v2\/comments?post=92069"}],"version-history":[{"count":0,"href":"https:\/\/www.europesays.com\/lv\/wp-json\/wp\/v2\/posts\/92069\/revisions"}],"wp:featuredmedia":[{"embeddable":true,"href":"https:\/\/www.europesays.com\/lv\/wp-json\/wp\/v2\/media\/92070"}],"wp:attachment":[{"href":"https:\/\/www.europesays.com\/lv\/wp-json\/wp\/v2\/media?parent=92069"}],"wp:term":[{"taxonomy":"category","embeddable":true,"href":"https:\/\/www.europesays.com\/lv\/wp-json\/wp\/v2\/categories?post=92069"},{"taxonomy":"post_tag","embeddable":true,"href":"https:\/\/www.europesays.com\/lv\/wp-json\/wp\/v2\/tags?post=92069"}],"curies":[{"name":"wp","href":"https:\/\/api.w.org\/{rel}","templated":true}]}}