{"id":92094,"date":"2026-01-01T22:40:10","date_gmt":"2026-01-01T22:40:10","guid":{"rendered":"https:\/\/www.europesays.com\/lv\/92094\/"},"modified":"2026-01-01T22:40:10","modified_gmt":"2026-01-01T22:40:10","slug":"no-jauna-gada-pieaug-atbalsts-arpusgimenes-aprupe-esoso-bernu-aizbildniem","status":"publish","type":"post","link":"https:\/\/www.europesays.com\/lv\/92094\/","title":{"rendered":"No jaun\u0101 gada pieaug atbalsts \u0101rpus\u0123imenes apr\u016bp\u0113 eso\u0161o b\u0113rnu aizbild\u0146iem"},"content":{"rendered":"<p>No 2026. gada 1. janv\u0101ra pieaug pabalsta aizbildnim par b\u0113rna uztur\u0113\u0161anu un atl\u012bdz\u012bbas par aizbild\u0146a pien\u0101kumu pild\u012b\u0161anu apm\u0113rs. Noteikts, ka turpm\u0101k valsts veiks oblig\u0101t\u0101s iemaksas par nestr\u0101d\u0101jo\u0161iem aizbild\u0146iem pensiju, bezdarba un invalidit\u0101tes apdro\u0161in\u0101\u0161anai.<\/p>\n<p>        <a id=\"a1\"\/>Pabalsts aizbildnim par b\u0113rna uztur\u0113\u0161anu piesaist\u012bts minim\u0101l\u0101s algas apm\u0113ra izmai\u0146\u0101m<\/p>\n<p>Pabalsts aizbildn\u012bb\u0101 eso\u0161a b\u0113rna uztur\u0113\u0161anai l\u012bdz \u0161im bija <a href=\"https:\/\/likumi.lv\/ta\/id\/202947-kartiba-kada-pieskir-un-izmaksa-pabalstu-aizbildniba-esosa-berna-uzturesanai\" target=\"_blank\" rel=\"nofollow noopener\">Ministru kabineta noteikumos Nr. 1643 \u201cK\u0101rt\u012bba, k\u0101d\u0101 pie\u0161\u0137ir un izmaks\u0101 pabalstu aizbildn\u012bb\u0101 eso\u0161a b\u0113rna uztur\u0113\u0161anai\u201d<\/a> fiks\u0113ta summa. T\u0101s apm\u0113rs nebija main\u012bjies kop\u0161 2021. gada, kad to piel\u012bdzin\u0101ja minim\u0101lo uzturl\u012bdzek\u013cu, k\u0101ds 2020. gad\u0101 bija j\u0101nodro\u0161ina katram no vec\u0101kiem savam b\u0113rnam, divk\u0101r\u0161am apm\u0113ram (k\u0101 par abiem vec\u0101kiem).<\/p>\n<p><a href=\"https:\/\/likumi.lv\/ta\/id\/365396-grozijumi-ministru-kabineta-2009-gada-22-decembra-noteikumos-nr-1643-kartiba-kada-pieskir-un-izmaksa-pabalstu-aizbildniba-esosa\" target=\"_blank\" rel=\"nofollow noopener\">Groz\u012bjumi MK noteikumos<\/a>, kas st\u0101jas sp\u0113k\u0101 2026. gada 1. janv\u0101r\u012b, paredz sal\u0101got min\u0113to pabalsta noteik\u0161anas principu (divk\u0101r\u0161s minim\u0101lo uzturl\u012bdzek\u013cu apm\u0113rs, kas attiec\u012bgi ir 2 x 25% vai 30% no valst\u012b noteikt\u0101s minim\u0101l\u0101s algas) ar aktu\u0101lo minim\u0101l\u0101s algas apm\u0113ru.<\/p>\n<p>2026. gad\u0101 minim\u0101l\u0101s algas apm\u0113rs b\u016bs 780 eiro m\u0113nes\u012b. Tas noz\u012bm\u0113, ka no 2026. gada 1. janv\u0101ra pabalsts aizbildn\u012bb\u0101 eso\u0161a b\u0113rna uztur\u0113\u0161anai b\u016bs \u0161\u0101ds:<\/p>\n<ul>&#13;<\/p>\n<li>par b\u0113rnu l\u012bdz septi\u0146u gadu vecuma sasnieg\u0161anai \u2013 50% apm\u0113r\u0101 no valst\u012b noteikt\u0101s minim\u0101l\u0101s m\u0113ne\u0161a darba algas jeb 390 eiro m\u0113nes\u012b (iepriek\u0161 \u2013 215 eiro);<\/li>\n<p>&#13;<\/p>\n<li>par b\u0113rnu vecum\u0101 no septi\u0146iem gadiem \u2013 60% apm\u0113r\u0101 no valst\u012b noteikt\u0101s minim\u0101l\u0101s m\u0113ne\u0161a darba algas jeb 468 eiro m\u0113nes\u012b (iepriek\u0161 \u2013 258 eiro).<\/li>\n<p>&#13;\n<\/ul>\n<p>Tas noz\u012bm\u0113, ka turpm\u0101k pabalsts aizbildn\u012bb\u0101 eso\u0161a b\u0113rna uztur\u0113\u0161anai autom\u0101tiski pieaugs, palielinoties minim\u0101l\u0101s algas apm\u0113ram. K\u0101 nor\u0101d\u012bts groz\u012bjumu anot\u0101cij\u0101, pl\u0101nots, ka minim\u0101l\u0101 alga 2027. gad\u0101 sasniegs 820 eiro, bet 2028. gad\u0101 \u2013 860 eiro. T\u0101d\u0113j\u0101di pabalsta apm\u0113rs 2027. gad\u0101 var\u0113tu b\u016bt 410 un 492 eiro m\u0113nes\u012b, bet 2028. gad\u0101 \u2013 430 un 516 eiro m\u0113nes\u012b atkar\u012bb\u0101 no b\u0113rna vecuma.<\/p>\n<p><a href=\"https:\/\/likumi.lv\/ta\/id\/68483#p9\" target=\"_blank\" rel=\"nofollow noopener\">Valsts soci\u0101lo pabalstu likuma 9. pants<\/a> nosaka, ka pabalstu aizbildn\u012bb\u0101 eso\u0161a b\u0113rna uztur\u0113\u0161anai pie\u0161\u0137ir personai, kura likum\u0101 noteiktaj\u0101 k\u0101rt\u012bb\u0101 iecelta par aizbildni. Pabalstu pie\u0161\u0137ir par katru aizbildn\u012bb\u0101 eso\u0161o b\u0113rnu. Ja par b\u0113rnu ir pie\u0161\u0137irti uzturl\u012bdzek\u013ci no Uzturl\u012bdzek\u013cu garantiju fonda, izmaks\u0101jamo pabalstu par attiec\u012bgo summu samazina.<a id=\"a2\"\/><\/p>\n<p>Palielin\u0101ta atl\u012bdz\u012bba par aizbild\u0146a pien\u0101kumu pild\u012b\u0161anu <\/p>\n<p><a href=\"https:\/\/likumi.lv\/ta\/id\/68483#p10\" target=\"_blank\" rel=\"nofollow noopener\">Valsts soci\u0101lo pabalstu likuma 10. pants<\/a> paredz, ka persona, kura ir iecelta par aizbildni, tiek izmaks\u0101ta ar\u012b atl\u012bdz\u012bba par aizbild\u0146a pien\u0101kumu pild\u012b\u0161anu.<\/p>\n<p>L\u012bdz \u0161im atl\u012bdz\u012bba par aizbild\u0146a pien\u0101kumu pild\u012b\u0161anu bija <a href=\"https:\/\/likumi.lv\/ta\/id\/202845-kartiba-kada-pieskir-un-izmaksa-atlidzibu-par-aizbildna-pienakumu-pildisanu\" target=\"_blank\" rel=\"nofollow noopener\">MK noteikumos Nr. 1600 \u201cK\u0101rt\u012bba, k\u0101d\u0101 pie\u0161\u0137ir un izmaks\u0101 atl\u012bdz\u012bbu par aizbild\u0146a pien\u0101kumu pild\u012b\u0161anu\u201d<\/a> fiks\u0113ta summa \u2013 54,07 eiro m\u0113nes\u012b.<\/p>\n<p><a href=\"https:\/\/likumi.lv\/ta\/id\/365449-grozijumi-ministru-kabineta-2009-gada-22-decembra-noteikumos-nr-1600-kartiba-kada-pieskir-un-izmaksa-atlidzibu-par-aizbildna-pi\" target=\"_blank\" rel=\"nofollow noopener\">Groz\u012bjumi MK noteikumos<\/a> paredz, ka no 2026. gada janv\u0101ra atl\u012bdz\u012bba par aizbild\u0146a pien\u0101kumu pild\u012b\u0161anu b\u016bs 35% apm\u0113r\u0101 Centr\u0101l\u0101s statistikas p\u0101rvaldes (CSP) public\u0113t\u0101s minim\u0101lo ien\u0101kumu medi\u0101nas uz vienu ekvivalento pat\u0113r\u0113t\u0101ju m\u0113nes\u012b.<\/p>\n<p>Aktu\u0101lo ien\u0101kumu medi\u0101nu\u00a0CSP\u00a0<a href=\"https:\/\/data.stat.gov.lv\/pxweb\/lv\/OSP_PUB\/START__POP__NN__NNM\/NNM080\" target=\"_blank\" rel=\"nofollow noopener\">public\u0113<\/a>\u00a0l\u012bdz 1.\u00a0febru\u0101rim. Piem\u0113ram, 2026.\u00a0gad\u0101 minim\u0101lo ien\u0101kumu l\u012bmeni r\u0113\u0137in\u0101s no 2023.\u00a0gada minim\u0101l\u0101s ien\u0101kumu medi\u0101nas \u2013 850,02\u00a0eiro.<\/p>\n<p>Tas noz\u012bm\u0113, ka atl\u012bdz\u012bba par aizbild\u0146a pien\u0101kumu pild\u012b\u0161anu 2026. gad\u0101 b\u016bs 35% no 850,02 (noapa\u013cots l\u012bdz pilniem eiro) jeb 298 eiro m\u0113nes\u012b (iepriek\u0161 54,07 eiro).<\/p>\n<p>Noteikts, ka atl\u012bdz\u012bbas apm\u0113ru p\u0101rr\u0113\u0137in\u0101s katru otro gadu 1. janv\u0101r\u012b, \u0146emot v\u0113r\u0101 aktu\u0101lo ien\u0101kumu medi\u0101nu. Ja p\u0101rr\u0113\u0137ina gad\u0101 piem\u0113rojam\u0101 ien\u0101kumu medi\u0101na nemain\u0101s vai samazin\u0101s, atl\u012bdz\u012bbas apm\u0113rs paliek iepriek\u0161 noteiktaj\u0101 apm\u0113r\u0101.<\/p>\n<p><img decoding=\"async\" src=\"https:\/\/www.europesays.com\/lv\/wp-content\/uploads\/2026\/01\/76JD15ETG.PNG\" alt=\"\"\/><\/p>\n<p><a id=\"a3\"\/>Valsts veiks oblig\u0101t\u0101s iemaksas par nestr\u0101d\u0101jo\u0161iem aizbild\u0146iem pensiju, bezdarba un invalidit\u0101tes apdro\u0161in\u0101\u0161anai<\/p>\n<p>Visbeidzot <a href=\"https:\/\/likumi.lv\/ta\/id\/365273-grozijumi-likuma-par-valsts-socialo-apdrosinasanu-\" target=\"_blank\" rel=\"nofollow noopener\">groz\u012bjumi likum\u0101 \u201cPar valsts soci\u0101lo apdro\u0161in\u0101\u0161anu\u201d<\/a>\u00a0paredz, ka turpm\u0101k par nestr\u0101d\u0101jo\u0161\u0101m person\u0101m, kuras sa\u0146em atl\u012bdz\u012bbu par aizbild\u0146a pien\u0101kumu pild\u012b\u0161anu, no valsts pamatbud\u017eeta tiks veiktas oblig\u0101t\u0101s iemaksas pensijas, bezdarba un invalidit\u0101tes apdro\u0161in\u0101\u0161anai no objekta 171 eiro apm\u0113r\u0101.<\/p>\n<p>L\u012bdz \u0161im likums \u201cPar valsts soci\u0101lo apdro\u0161in\u0101\u0161anu\u201d noteica, ka valsts veic oblig\u0101t\u0101s soci\u0101l\u0101s iemaksas pensiju, bezdarba un invalidit\u0101tes apdro\u0161in\u0101\u0161anai par person\u0101m, kuras sa\u0146em atl\u012bdz\u012bbu par\u00a0adopt\u0113jam\u0101 b\u0113rna apr\u016bpi un\u00a0aud\u017eu\u0123imenes pien\u0101kumu pild\u012b\u0161anu.<\/p>\n<p>L\u012bdz ar to valsts l\u012bdz \u0161im neveica oblig\u0101t\u0101s iemaksas par nestr\u0101d\u0101jo\u0161\u0101m person\u0101m, kuras sa\u0146\u0113ma atl\u012bdz\u012bbu par aizbild\u0146a pien\u0101kumu pild\u012b\u0161anu.<\/p>\n<p>Tas noz\u012bm\u0113ja, ka nestr\u0101d\u0101jo\u0161as personas aizbild\u0146a pien\u0101kumu pild\u012b\u0161anas period\u0101 l\u012bdz \u0161im netika soci\u0101li apdro\u0161in\u0101tas un vi\u0146\u0101m nebija ties\u012bbu sa\u0146emt soci\u0101l\u0101s apdro\u0161in\u0101\u0161anas pakalpojumus, ja iest\u0101j\u0101s apdro\u0161in\u0101\u0161anas risks. \u0160iem cilv\u0113kiem neuzkr\u0101jas apdro\u0161in\u0101\u0161anas st\u0101\u017es un neveidojas pensijas kapit\u0101ls.<\/p>\n<p>Groz\u012bjumu izstr\u0101d\u0101t\u0101ji anot\u0101cij\u0101 l\u0113\u0161, ka jaun\u0101 norma var\u0113tu skart ap 754 personu gad\u0101.<\/p>\n<p>Cer iedro\u0161in\u0101t uz\u0146emties aizbild\u0146a pien\u0101kumus<\/p>\n<p>K\u0101 nor\u0101d\u012bts ties\u012bbu aktu groz\u012bjumu anot\u0101cij\u0101s, aizbild\u0146a pien\u0101kumus nereti uz\u0146emas b\u0113rna radinieki, piem\u0113ram, vecvec\u0101ki. Tom\u0113r \u0161\u012bs personas bie\u017ei vien nav p\u0101rliecin\u0101tas, vai sp\u0113s ikdien\u0101 finansi\u0101li nodro\u0161in\u0101t \u0101rpus\u0123imenes apr\u016bp\u0113 eso\u0161u b\u0113rnu, \u012bpa\u0161i situ\u0101cij\u0101s, ja \u0123imen\u0113 jau ir savi biolo\u0123iskie b\u0113rni vai aizbildnis ir pensijas vecum\u0101 eso\u0161s vecvec\u0101ks, kam ir mazi ien\u0101kumi.<\/p>\n<p>Personu izv\u0113li uz\u0146emties aizbild\u0146a pien\u0101kumus ietekm\u0113 ar\u012b apst\u0101klis, ka \u0101rpus\u0123imenes apr\u016bp\u0113 eso\u0161ie b\u0113rni liel\u0101koties ir piedz\u012bvoju\u0161i emocion\u0101li smagas situ\u0101cijas sav\u0101 pag\u0101tn\u0113, vi\u0146iem nepiecie\u0161ams specifisks, tai skait\u0101 da\u017e\u0101du speci\u0101listu, sniegts atbalsts, ko \u0161\u012bs \u0123imenes nereti nevar at\u013cauties.<\/p>\n<p>Palielinot materi\u0101lo atbalstu, iecer\u0113ts motiv\u0113t pie\u0146emt l\u0113mumu k\u013c\u016bt par aizbildni t\u0101s personas, kuras l\u012bdz \u0161im attur\u0113ja finansi\u0101li apsv\u0113rumi. Tas vienlaikus pal\u012bdz\u0113tu nov\u0113rst b\u0113rnu non\u0101k\u0161anu institucion\u0101l\u0101 apr\u016bp\u0113, kas ir d\u0101rg\u0101ka un maz\u0101k efekt\u012bva emocion\u0101laj\u0101 zi\u0146\u0101.<\/p>\n<p><a href=\"https:\/\/likumi.lv\/ta\/id\/365272-par-valsts-budzetu-2026-gadam-un-budzeta-ietvaru-2026-2027-un-2028-gadam\" target=\"_blank\" rel=\"nofollow noopener\">Valsts bud\u017eetu \u00a02026. gadam<\/a> pavado\u0161o paskaidrojo\u0161o dokumentu paket\u0113<a name=\"_ftnref1\" href=\"#_ftn1\">1<\/a> apkopot\u0101 inform\u0101cija liecina, ka pabalsta aizbildnim par b\u0113rna uztur\u0113\u0161anu palielin\u0101\u0161anai nepiecie\u0161ami 6,9 miljoni eiro gad\u0101. Pabalsts bud\u017eeta izstr\u0101des laik\u0101 tika nodro\u0161in\u0101ts 369 person\u0101m par b\u0113rnu l\u012bdz septi\u0146u gadu vecuma sasnieg\u0161anai, un tas pieaugs par 175 eiro m\u0113nes\u012b, savuk\u0101rt pabalstu par b\u0113rnu no septi\u0146iem gadiem sa\u0146\u0113ma 2093 personas, un tas pieaugs par 210 eiro m\u0113nes\u012b.<\/p>\n<p>Savuk\u0101rt atl\u012bdz\u012bbas par aizbild\u0146a pien\u0101kumu pild\u012b\u0161anu izmaksai 2446 person\u0101m jaunaj\u0101 apm\u0113r\u0101, kas palielin\u0101sies vid\u0113ji par 243,93 eiro m\u0113nes\u012b, nepiecie\u0161ami papildu 7,2 miljoni eiro.<\/p>\n<p class=\"reference\"><a name=\"_ftn1\" href=\"#_ftnref1\">1<\/a> <a href=\"https:\/\/tapportals.mk.gov.lv\/legal_acts\/a9f91eca-d1bc-4258-9728-c2dd20a50625\" target=\"_blank\" rel=\"nofollow noopener\">\u201cPapildu dokumenti \u201cLikumprojekta \u201cPar valsts bud\u017eetu 2026. gadam un bud\u017eeta ietvaru 2026., 2027. un 2028. gadam\u201d paskaidrojumi\u201d<\/a> ties\u012bbu aktu projektu port\u0101l\u0101 (skat. izdevumu politikas virzienu un izdevumu atbilsto\u0161i funkcion\u0101laj\u0101m un ekonomiskaj\u0101m kategorij\u0101m kopsavilkumu par Labkl\u0101j\u012bbas ministriju).<\/p>\n","protected":false},"excerpt":{"rendered":"No 2026. gada 1. janv\u0101ra pieaug pabalsta aizbildnim par b\u0113rna uztur\u0113\u0161anu un atl\u012bdz\u012bbas par aizbild\u0146a pien\u0101kumu pild\u012b\u0161anu apm\u0113rs.&hellip;\n","protected":false},"author":2,"featured_media":92095,"comment_status":"","ping_status":"","sticky":false,"template":"","format":"standard","meta":{"footnotes":""},"categories":[5],"tags":[23,28,29,32,33,22,30,31,35,39,38,36,37,34,40,20,26,27,24,25,21],"class_list":{"0":"post-92094","1":"post","2":"type-post","3":"status-publish","4":"format-standard","5":"has-post-thumbnail","7":"category-aktualitates","8":"tag-aktualitates","9":"tag-breaking-news","10":"tag-breakingnews","11":"tag-featured-news","12":"tag-featurednews","13":"tag-headlines","14":"tag-latest-news","15":"tag-latestnews","16":"tag-latvia","17":"tag-latvian","18":"tag-latviesu","19":"tag-latviesu-valoda","20":"tag-latviesuvaloda","21":"tag-latvija","22":"tag-lv","23":"tag-news","24":"tag-popularakas-zinas","25":"tag-popularakaszinas","26":"tag-top-stories","27":"tag-topstories","28":"tag-zinas"},"share_on_mastodon":{"url":"https:\/\/pubeurope.com\/@lv\/115822252696161156","error":""},"_links":{"self":[{"href":"https:\/\/www.europesays.com\/lv\/wp-json\/wp\/v2\/posts\/92094","targetHints":{"allow":["GET"]}}],"collection":[{"href":"https:\/\/www.europesays.com\/lv\/wp-json\/wp\/v2\/posts"}],"about":[{"href":"https:\/\/www.europesays.com\/lv\/wp-json\/wp\/v2\/types\/post"}],"author":[{"embeddable":true,"href":"https:\/\/www.europesays.com\/lv\/wp-json\/wp\/v2\/users\/2"}],"replies":[{"embeddable":true,"href":"https:\/\/www.europesays.com\/lv\/wp-json\/wp\/v2\/comments?post=92094"}],"version-history":[{"count":0,"href":"https:\/\/www.europesays.com\/lv\/wp-json\/wp\/v2\/posts\/92094\/revisions"}],"wp:featuredmedia":[{"embeddable":true,"href":"https:\/\/www.europesays.com\/lv\/wp-json\/wp\/v2\/media\/92095"}],"wp:attachment":[{"href":"https:\/\/www.europesays.com\/lv\/wp-json\/wp\/v2\/media?parent=92094"}],"wp:term":[{"taxonomy":"category","embeddable":true,"href":"https:\/\/www.europesays.com\/lv\/wp-json\/wp\/v2\/categories?post=92094"},{"taxonomy":"post_tag","embeddable":true,"href":"https:\/\/www.europesays.com\/lv\/wp-json\/wp\/v2\/tags?post=92094"}],"curies":[{"name":"wp","href":"https:\/\/api.w.org\/{rel}","templated":true}]}}