{"id":921,"date":"2025-09-21T17:24:09","date_gmt":"2025-09-21T17:24:09","guid":{"rendered":"https:\/\/www.europesays.com\/lv\/921\/"},"modified":"2025-09-21T17:24:09","modified_gmt":"2025-09-21T17:24:09","slug":"krima-iznicinati-tris-krievijas-helikopteri-tv3-lv","status":"publish","type":"post","link":"https:\/\/www.europesays.com\/lv\/921\/","title":{"rendered":"Krim\u0101 izn\u012bcin\u0101ti tr\u012bs Krievijas helikopteri &#8211; tv3.lv"},"content":{"rendered":"<ol>\n<li><a href=\"https:\/\/news.google.com\/rss\/articles\/CBMigAFBVV95cUxPNWZxM1ctemV4TGVFcWpyRGJBdkF5b00ydnlENmNLSFBScHpJX3Y5dFhMYVl1a3cxaHI1UDV4cU9rN2c5MXh4Q0JJZGg3Z1BxcHlfM0M5bGdRaWI4YjZHbDB3bWhOZDZrX2thTHl5dGlxMGRmbWFNME41bFpMTFY3MA?oc=5\" target=\"_blank\" rel=\"nofollow noopener\">Krim\u0101 izn\u012bcin\u0101ti tr\u012bs Krievijas helikopteri<\/a>&nbsp;&nbsp;tv3.lv<\/li>\n<li><a href=\"https:\/\/news.google.com\/rss\/articles\/CBMi5wFBVV95cUxNM0tMOHZKclJFN0FYbkU2ay15VnI4RmVlX0ZYZE01Y3pFcXVfb1JPdzdXTjRMWWxPN3U3STVZM3ROVVVpZEt5RmdnMkNBOGNLZklidEpJYnp4RU1UOHR6akY3WEFjc0FFVnZGZUFCWHNNSnV6aXRjMlFJUTZZRjFvNHYyMkRzQ0xwdEVvZ1NfTG5EcHhBOWEwV3pSUXJGMWlmOWdtam9WQXM5RTlDN2lTV2c4Q1I0MDhORkNEQVpMTE5KLUs4U2p4Sk14QUdZa1hOWE1ZNndmeWw0cGtBTTBuRVM1eUtYZ3c?oc=5\" target=\"_blank\" rel=\"nofollow noopener\">VIDEO. Viens spr\u0101dziens un krievi zaud\u0113 130 miljonus dol\u0101ru! GUR p\u0101rdro\u0161i ielido Krim\u0101 un uzspridzina Krievijas bru\u0146oto sp\u0113ku apr\u012bkojumu<\/a>&nbsp;&nbsp;LA.LV<\/li>\n<li><a href=\"https:\/\/news.google.com\/rss\/articles\/CBMilgFBVV95cUxPWmYxTnNfeWNJV3ZFTkpwMUk5NzhCYTRXeEFoN1huRDVjZm9ORG02cnhkd1RsQ1V1VTZISTNIb3NaQzFvMnpIVktMOWpCSWdrQ0NXOVBMWmtTak52YUtmUVZSdThuVXhxYWc2eFBWUlVUWWNEam9kRFVnY3NPRGVydlUycXliSmZTUzl2LWt1U3VpRGVZUmc?oc=5\" target=\"_blank\" rel=\"nofollow noopener\">Lielbrit\u0101nija, Austr\u0101lija un Kan\u0101da atz\u012bst Palest\u012bnas valsti<\/a>&nbsp;&nbsp;tv3.lv<\/li>\n<li><a href=\"https:\/\/news.google.com\/rss\/articles\/CBMiyAFBVV95cUxPYzlISmUyUnI2YjBETl9Ta21uZE1vSWRnS3dYaEluRG9Tb09zOWR2aFJici0tTHpKU1RKa3IwVEZNdzBRLXd6WEpmQW15ZVpIbGJiMEVUaUVDeC1UQU93MkhpakZLVDAtTzNJM004LW9PMU9vRHZGTXJkWTJrQTB1RGdyMnNtSGlSQXdQYWQtSWxMaXRxaWZmaDE3V3dOaGJxMi1IQjdiMndzaEk2bUxKRy1LYlFpNmdYT3ZUc0hnNktYWENuektCRQ?oc=5\" target=\"_blank\" rel=\"nofollow noopener\">Milit\u0101rais eksperts par Krievijas pretgaisa aizsardz\u012bbas kr\u012bzi: &#8220;Patiesi nopietnas probl\u0113mas&#8221;<\/a>&nbsp;&nbsp;Jauns.lv<\/li>\n<li><a href=\"https:\/\/news.google.com\/rss\/articles\/CBMipwFBVV95cUxOTlhwMjROYUc4UUtxSFhPeDFlaEZLLWpENUJVMXdIS0dwQmp1YkdEbmdyX252bVY5QUkzWVo5WlE4bG5YT0dVeTdmcnVmb0R1UmdnS2RsYnhxMk1KU3h5RDJnMHJpbzBic3MtcS1WaEN4TF9rOWtndkxXcjl2WWJSNjBsVk1aa2tQdjczLUdHd1E5WlpQMk5EWGt0d0pKXzBVN2NiTHFhSQ?oc=5\" target=\"_blank\" rel=\"nofollow noopener\">Video: Krim\u0101 izn\u012bcin\u0101ti tr\u012bs Krievijas helikopteri<\/a>&nbsp;&nbsp;liepajniekiem.lv<\/li>\n<\/ol>\n","protected":false},"excerpt":{"rendered":"Krim\u0101 izn\u012bcin\u0101ti tr\u012bs Krievijas helikopteri&nbsp;&nbsp;tv3.lv VIDEO. Viens spr\u0101dziens un krievi zaud\u0113 130 miljonus dol\u0101ru! GUR p\u0101rdro\u0161i ielido Krim\u0101&hellip;\n","protected":false},"author":2,"featured_media":922,"comment_status":"","ping_status":"","sticky":false,"template":"","format":"standard","meta":{"footnotes":""},"categories":[14],"tags":[23,57,28,29,32,33,22,254,30,31,35,39,38,36,37,34,40,20,26,27,24,25,54,55,56,21,58],"class_list":{"0":"post-921","1":"post","2":"type-post","3":"status-publish","4":"format-standard","5":"has-post-thumbnail","7":"category-zinas-no-arvalstim","8":"tag-aktualitates","9":"tag-arvalstim","10":"tag-breaking-news","11":"tag-breakingnews","12":"tag-featured-news","13":"tag-featurednews","14":"tag-headlines","15":"tag-kars-ukrainakrievija","16":"tag-latest-news","17":"tag-latestnews","18":"tag-latvia","19":"tag-latvian","20":"tag-latviesu","21":"tag-latviesu-valoda","22":"tag-latviesuvaloda","23":"tag-latvija","24":"tag-lv","25":"tag-news","26":"tag-popularakas-zinas","27":"tag-popularakaszinas","28":"tag-top-stories","29":"tag-topstories","30":"tag-world","31":"tag-world-news","32":"tag-worldnews","33":"tag-zinas","34":"tag-zinas-no-arvalstim"},"share_on_mastodon":{"url":"","error":""},"_links":{"self":[{"href":"https:\/\/www.europesays.com\/lv\/wp-json\/wp\/v2\/posts\/921","targetHints":{"allow":["GET"]}}],"collection":[{"href":"https:\/\/www.europesays.com\/lv\/wp-json\/wp\/v2\/posts"}],"about":[{"href":"https:\/\/www.europesays.com\/lv\/wp-json\/wp\/v2\/types\/post"}],"author":[{"embeddable":true,"href":"https:\/\/www.europesays.com\/lv\/wp-json\/wp\/v2\/users\/2"}],"replies":[{"embeddable":true,"href":"https:\/\/www.europesays.com\/lv\/wp-json\/wp\/v2\/comments?post=921"}],"version-history":[{"count":0,"href":"https:\/\/www.europesays.com\/lv\/wp-json\/wp\/v2\/posts\/921\/revisions"}],"wp:featuredmedia":[{"embeddable":true,"href":"https:\/\/www.europesays.com\/lv\/wp-json\/wp\/v2\/media\/922"}],"wp:attachment":[{"href":"https:\/\/www.europesays.com\/lv\/wp-json\/wp\/v2\/media?parent=921"}],"wp:term":[{"taxonomy":"category","embeddable":true,"href":"https:\/\/www.europesays.com\/lv\/wp-json\/wp\/v2\/categories?post=921"},{"taxonomy":"post_tag","embeddable":true,"href":"https:\/\/www.europesays.com\/lv\/wp-json\/wp\/v2\/tags?post=921"}],"curies":[{"name":"wp","href":"https:\/\/api.w.org\/{rel}","templated":true}]}}