{"id":92101,"date":"2026-01-01T22:51:15","date_gmt":"2026-01-01T22:51:15","guid":{"rendered":"https:\/\/www.europesays.com\/lv\/92101\/"},"modified":"2026-01-01T22:51:15","modified_gmt":"2026-01-01T22:51:15","slug":"parcelta-darba-diena-17-janvari-mainis-rigas-sabiedriska-transporta-kustibu-lente-lv","status":"publish","type":"post","link":"https:\/\/www.europesays.com\/lv\/92101\/","title":{"rendered":"P\u0101rcelt\u0101 darba diena 17. janv\u0101r\u012b main\u012bs R\u012bgas sabiedrisk\u0101 transporta kust\u012bbu\u00a0\u2014\u00a0Lente.lv"},"content":{"rendered":"<p>Sabiedriskais transports kurs\u0113s p\u0113c darba dienu grafika<\/p>\n<p>\u0160\u012b gada 17. janv\u0101ris, kas iekr\u012bt sestdien\u0101, ir noteikta k\u0101 p\u0101rcelt\u0101 darba diena, savuk\u0101rt piektdiena, 2. janv\u0101ris, ir br\u012bvdiena. \u0160\u012bs izmai\u0146as tie\u0161\u0101 veid\u0101 ietekm\u0113s R\u012bgas sabiedrisk\u0101 transporta kust\u012bbas grafiku. K\u0101 inform\u0113 port\u0101ls jauns.lv, 2. janv\u0101r\u012b sabiedriskais transports kurs\u0113s p\u0113c br\u012bvdienu grafika, bet 17. janv\u0101r\u012b tiks piem\u0113roti darba dienu kust\u012bbas grafiki.<\/p>\n<p>\u0160\u0101ds darba dienu p\u0101rcel\u0161anas princips ir izplat\u012bta prakse, lai optimiz\u0113tu darba un atp\u016btas laiku, \u012bpa\u0161i gad\u012bjumos, kad sv\u0113tku diena iekr\u012bt starp ned\u0113\u013cas nogali un citu darba dienu, \u013caujot veidot gar\u0101kas br\u012bvdienu s\u0113rijas un efekt\u012bv\u0101k pl\u0101not pakalpojumus. T\u0101d\u0113j\u0101di pasa\u017eieriem, pl\u0101nojot savus braucienus, ir svar\u012bgi piev\u0113rst uzman\u012bbu attiec\u012bgajam datumam un izv\u0113l\u0113ties atbilsto\u0161u sabiedrisk\u0101 transporta kust\u012bbas sarakstu.<\/p>\n<p>Izmai\u0146as autost\u0101vvietu un klientu centru darba laikos<\/p>\n<p>L\u012bdz ar izmai\u0146\u0101m sabiedrisk\u0101 transporta kust\u012bb\u0101, piel\u0101goti ar\u012b \u201cR\u012bgas satiksmes\u201d apsaimniekoto maksas autost\u0101vvietu un klientu centru darba laiki. Gan 2. janv\u0101r\u012b, gan 17. janv\u0101r\u012b visas \u201cR\u012bgas satiksmes\u201d apsaimniekot\u0101s maksas autost\u0101vvietas darbosies p\u0113c sestdienas re\u017e\u012bma. Tas noz\u012bm\u0113, ka A, B, C un D tarifu zon\u0101s par autost\u0101vvietu b\u016bs j\u0101maks\u0101 no plkst. 9:00 l\u012bdz 17:00, savuk\u0101rt R tarifu zon\u0101 maksa tiks piem\u0113rota no plkst. 6:00 l\u012bdz 24:00. <\/p>\n<p>Atsevi\u0161\u0137s iz\u0146\u0113mums ir apak\u0161zemes st\u0101vvieta K. Valdem\u0101ra iel\u0101 5A, kur\u0101 par automa\u0161\u012bnas novieto\u0161anu b\u016bs j\u0101maks\u0101 atbilsto\u0161i sp\u0113k\u0101 eso\u0161ajiem tarifiem ar\u012b \u0161aj\u0101s dien\u0101s. T\u0101pat ir j\u0101\u0146em v\u0113r\u0101, ka autost\u0101vvietu apmaksa ir j\u0101veic atbilsto\u0161i sestdienas tarifiem, iz\u0146emot K. Valdem\u0101ra iel\u0101 5A, kur j\u0101maks\u0101 p\u0113c piektdien\u0101s sp\u0113k\u0101 eso\u0161ajiem tarifiem.<\/p>\n<p>Klientu centru darba laiki sv\u0113tku period\u0101<\/p>\n<p>Attiec\u012bb\u0101 uz klientu centru darba laikiem, 2. janv\u0101r\u012b b\u016bs atv\u0113rts klientu centrs tirdzniec\u012bbas centr\u0101 \u201cOrigo\u201d otraj\u0101 st\u0101v\u0101, str\u0101d\u0101jot no plkst. 10:00 l\u012bdz 18:00. T\u0101pat str\u0101d\u0101s klientu centrs iepirk\u0161an\u0101s centr\u0101 \u201cAkropole Alfa\u201d, kas b\u016bs atv\u0113rts no plkst. 10:00 l\u012bdz 21:00. P\u0101r\u0113jie \u201cR\u012bgas satiksmes\u201d klientu centri 2. janv\u0101r\u012b b\u016bs sl\u0113gti.<\/p>\n<p>17. janv\u0101r\u012b, kas ir p\u0101rcelt\u0101 darba diena, darbosies visi \u201cR\u012bgas satiksmes\u201d klientu centri, ta\u010du ar at\u0161\u0137ir\u012bgiem darba laikiem: klientu centrs Pr\u0101gas iel\u0101 1 str\u0101d\u0101s no 9:00 l\u012bdz 18:00, Stacijas laukum\u0101 2 \u2013 no 10:00 l\u012bdz 20:00, Kurzemes prospekt\u0101 137 \u2013 no 9:00 l\u012bdz 18:00, Br\u012bv\u012bbas gatv\u0113 372 \u2013 no 10:00 l\u012bdz 21:00, bet Br\u012bv\u012bbas iel\u0101 49\/53 \u2013 no 08:00 l\u012bdz 17:00.<\/p>\n<p>Pla\u0161\u0101ka inform\u0101cija un papildu resursi<\/p>\n<p>Detaliz\u0113t\u0101ku inform\u0101ciju par \u201cR\u012bgas satiksmes\u201d pied\u0101v\u0101tajiem pakalpojumiem, prec\u012bziem mar\u0161rutu sarakstiem, bi\u013ce\u0161u veidiem un citiem jaunumiem var sa\u0146emt uz\u0146\u0113muma ofici\u0101laj\u0101 m\u0101jaslap\u0101 www.rigassatiksme.lv vai soci\u0101lajos t\u012bklos \u201cX\u201d, \u201cFacebook\u201d un \u201cThreads\u201d. Inform\u0101cija par izmai\u0146\u0101m ir sniegta, lai pal\u012bdz\u0113tu R\u012bgas iedz\u012bvot\u0101jiem un viesiem pl\u0101not savus p\u0101rvieto\u0161an\u0101s veidus \u0161o izmai\u0146u laik\u0101.<\/p>\n","protected":false},"excerpt":{"rendered":"Sabiedriskais transports kurs\u0113s p\u0113c darba dienu grafika \u0160\u012b gada 17. janv\u0101ris, kas iekr\u012bt sestdien\u0101, ir noteikta k\u0101 p\u0101rcelt\u0101&hellip;\n","protected":false},"author":2,"featured_media":92102,"comment_status":"","ping_status":"","sticky":false,"template":"","format":"standard","meta":{"footnotes":""},"categories":[12],"tags":[23,9183,28,29,32,33,22,23136,30,31,35,39,38,36,37,34,40,20,23135,26,27,1612,1954,24,25,21],"class_list":{"0":"post-92101","1":"post","2":"type-post","3":"status-publish","4":"format-standard","5":"has-post-thumbnail","7":"category-latvija","8":"tag-aktualitates","9":"tag-autostavvietas","10":"tag-breaking-news","11":"tag-breakingnews","12":"tag-featured-news","13":"tag-featurednews","14":"tag-headlines","15":"tag-kustibas-grafiks","16":"tag-latest-news","17":"tag-latestnews","18":"tag-latvia","19":"tag-latvian","20":"tag-latviesu","21":"tag-latviesu-valoda","22":"tag-latviesuvaloda","23":"tag-latvija","24":"tag-lv","25":"tag-news","26":"tag-parcelta-darba-diena","27":"tag-popularakas-zinas","28":"tag-popularakaszinas","29":"tag-rigas-satiksme","30":"tag-sabiedriskais-transports","31":"tag-top-stories","32":"tag-topstories","33":"tag-zinas"},"share_on_mastodon":{"url":"https:\/\/pubeurope.com\/@lv\/115822295993000264","error":""},"_links":{"self":[{"href":"https:\/\/www.europesays.com\/lv\/wp-json\/wp\/v2\/posts\/92101","targetHints":{"allow":["GET"]}}],"collection":[{"href":"https:\/\/www.europesays.com\/lv\/wp-json\/wp\/v2\/posts"}],"about":[{"href":"https:\/\/www.europesays.com\/lv\/wp-json\/wp\/v2\/types\/post"}],"author":[{"embeddable":true,"href":"https:\/\/www.europesays.com\/lv\/wp-json\/wp\/v2\/users\/2"}],"replies":[{"embeddable":true,"href":"https:\/\/www.europesays.com\/lv\/wp-json\/wp\/v2\/comments?post=92101"}],"version-history":[{"count":0,"href":"https:\/\/www.europesays.com\/lv\/wp-json\/wp\/v2\/posts\/92101\/revisions"}],"wp:featuredmedia":[{"embeddable":true,"href":"https:\/\/www.europesays.com\/lv\/wp-json\/wp\/v2\/media\/92102"}],"wp:attachment":[{"href":"https:\/\/www.europesays.com\/lv\/wp-json\/wp\/v2\/media?parent=92101"}],"wp:term":[{"taxonomy":"category","embeddable":true,"href":"https:\/\/www.europesays.com\/lv\/wp-json\/wp\/v2\/categories?post=92101"},{"taxonomy":"post_tag","embeddable":true,"href":"https:\/\/www.europesays.com\/lv\/wp-json\/wp\/v2\/tags?post=92101"}],"curies":[{"name":"wp","href":"https:\/\/api.w.org\/{rel}","templated":true}]}}