{"id":92103,"date":"2026-01-01T22:52:21","date_gmt":"2026-01-01T22:52:21","guid":{"rendered":"https:\/\/www.europesays.com\/lv\/92103\/"},"modified":"2026-01-01T22:52:21","modified_gmt":"2026-01-01T22:52:21","slug":"kapustins-tomer-dzivs-ukrainiem-veiksmigi-izdevies-apmanit-krievus-un-izglabt-komandieri","status":"publish","type":"post","link":"https:\/\/www.europesays.com\/lv\/92103\/","title":{"rendered":"Kapustins tom\u0113r dz\u012bvs: ukrai\u0146iem veiksm\u012bgi izdevies apm\u0101n\u012bt krievus un izgl\u0101bt komandieri"},"content":{"rendered":"<p class=\"lead mb-md-2 mb-1 js-tv3-orphus\">Ukrainas pus\u0113 karojo\u0161\u0101 Krievu br\u012bvpr\u0101t\u012bgo korpusa (RDK) komandieris Deniss Kapustins ir dz\u012bvs, ceturtdien pazi\u0146oja Ukrainas Aizsardz\u012bbas ministrijas Galven\u0101 izl\u016bko\u0161anas p\u0101rvalde (HUR), nor\u0101dot, ka tai izdevies sekm\u012bgi maldin\u0101t Krievijas specdienestus, kuri esot pl\u0101noju\u0161i nogalin\u0101t Kapustinu.\n<\/p>\n<p>HUR veiktaj\u0101 \u201csare\u017e\u0123\u012btaj\u0101 speci\u0101laj\u0101 oper\u0101cij\u0101, kas ilga vair\u0101k nek\u0101 m\u0113nesi, tika izgl\u0101bta RDK komandiera Denisa Kapustina dz\u012bv\u012bba (..) un noskaidrots personu loks \u2013 nozieguma pas\u016bt\u012bt\u0101ji Krievijas specdienestos un izpild\u012bt\u0101ji\u201d, teikts HUR pazi\u0146ojum\u0101.<\/p>\n","protected":false},"excerpt":{"rendered":"Ukrainas pus\u0113 karojo\u0161\u0101 Krievu br\u012bvpr\u0101t\u012bgo korpusa (RDK) komandieris Deniss Kapustins ir dz\u012bvs, ceturtdien pazi\u0146oja Ukrainas Aizsardz\u012bbas ministrijas Galven\u0101&hellip;\n","protected":false},"author":2,"featured_media":92104,"comment_status":"","ping_status":"","sticky":false,"template":"","format":"standard","meta":{"footnotes":""},"categories":[5],"tags":[23,28,29,32,33,22,254,30,31,35,39,38,36,37,34,40,20,26,27,24,25,21],"class_list":{"0":"post-92103","1":"post","2":"type-post","3":"status-publish","4":"format-standard","5":"has-post-thumbnail","7":"category-aktualitates","8":"tag-aktualitates","9":"tag-breaking-news","10":"tag-breakingnews","11":"tag-featured-news","12":"tag-featurednews","13":"tag-headlines","14":"tag-kars-ukrainakrievija","15":"tag-latest-news","16":"tag-latestnews","17":"tag-latvia","18":"tag-latvian","19":"tag-latviesu","20":"tag-latviesu-valoda","21":"tag-latviesuvaloda","22":"tag-latvija","23":"tag-lv","24":"tag-news","25":"tag-popularakas-zinas","26":"tag-popularakaszinas","27":"tag-top-stories","28":"tag-topstories","29":"tag-zinas"},"share_on_mastodon":{"url":"https:\/\/pubeurope.com\/@lv\/115822299914179666","error":""},"_links":{"self":[{"href":"https:\/\/www.europesays.com\/lv\/wp-json\/wp\/v2\/posts\/92103","targetHints":{"allow":["GET"]}}],"collection":[{"href":"https:\/\/www.europesays.com\/lv\/wp-json\/wp\/v2\/posts"}],"about":[{"href":"https:\/\/www.europesays.com\/lv\/wp-json\/wp\/v2\/types\/post"}],"author":[{"embeddable":true,"href":"https:\/\/www.europesays.com\/lv\/wp-json\/wp\/v2\/users\/2"}],"replies":[{"embeddable":true,"href":"https:\/\/www.europesays.com\/lv\/wp-json\/wp\/v2\/comments?post=92103"}],"version-history":[{"count":0,"href":"https:\/\/www.europesays.com\/lv\/wp-json\/wp\/v2\/posts\/92103\/revisions"}],"wp:featuredmedia":[{"embeddable":true,"href":"https:\/\/www.europesays.com\/lv\/wp-json\/wp\/v2\/media\/92104"}],"wp:attachment":[{"href":"https:\/\/www.europesays.com\/lv\/wp-json\/wp\/v2\/media?parent=92103"}],"wp:term":[{"taxonomy":"category","embeddable":true,"href":"https:\/\/www.europesays.com\/lv\/wp-json\/wp\/v2\/categories?post=92103"},{"taxonomy":"post_tag","embeddable":true,"href":"https:\/\/www.europesays.com\/lv\/wp-json\/wp\/v2\/tags?post=92103"}],"curies":[{"name":"wp","href":"https:\/\/api.w.org\/{rel}","templated":true}]}}