{"id":92130,"date":"2026-01-02T01:24:28","date_gmt":"2026-01-02T01:24:28","guid":{"rendered":"https:\/\/www.europesays.com\/lv\/92130\/"},"modified":"2026-01-02T01:24:28","modified_gmt":"2026-01-02T01:24:28","slug":"eiduka-tour-de-ski-iedzisana-uzlabo-savu-poziciju","status":"publish","type":"post","link":"https:\/\/www.europesays.com\/lv\/92130\/","title":{"rendered":"Eiduka &#8220;Tour de Ski&#8221; iedz\u012b\u0161an\u0101 uzlabo savu poz\u012bciju"},"content":{"rendered":"<p>Latvijas sportiste <a rel=\"noopener nofollow\" target=\"_blank\" href=\"https:\/\/www.delfi.lv\/temas\/52575639\/patricija-eiduka\" tag-id=\"52575639\">Patr\u012bcija Eiduka<\/a> ceturtdien It\u0101lij\u0101 <a rel=\"noopener nofollow\" target=\"_blank\" href=\"https:\/\/www.delfi.lv\/temas\/35438241\/distancu-sleposana\" tag-id=\"35438241\">distan\u010du sl\u0113po\u0161anas<\/a> seri\u0101la &#8220;Tour de Ski&#8221; ceturtaj\u0101 posm\u0101 fini\u0161\u0113ja 30. viet\u0101 iedz\u012b\u0161an\u0101 20 kilometru distanc\u0113 klasiskaj\u0101 stil\u0101.<\/p>\n<p>Diginsai distanc\u0113 bija otrs \u0101tr\u0101kais laiks, ta\u010du tas neliedza nostiprin\u0101t vad\u012bbu kopv\u0113rt\u0113jum\u0101. Amerik\u0101niete fini\u0161\u0113ja 52 min\u016bt\u0113s un 14,8 sekund\u0113s, vienu min\u016bti un 35,2 sekundes v\u0113l\u0101k posmu beidza zviedriete M\u016ba Ilara, kura par tr\u012bs sekundes desmitda\u013c\u0101m p\u0101rsp\u0113ja austrieti Ter\u0113zi \u0160tadloberi.<\/p>\n<p class=\"m-0\">Seko &#8220;Delfi&#8221; ar\u012b  <a target=\"_blank\" href=\"https:\/\/www.instagram.com\/delfi.lv\/\" rel=\"nofollow noopener\">Instagram<\/a>  un <a target=\"_blank\" href=\"https:\/\/www.youtube.com\/channel\/UCw5foWtcJvAbUm64rv7jwUQ\" rel=\"nofollow noopener\">YouTube<\/a>  profil\u0101 \u2013 pievienojies, lai uzzin\u0101tu svar\u012bg\u0101ko un interesant\u0101ko pirmais!<\/p>\n<p>Publik\u0101cijas saturs vai t\u0101s jebk\u0101da apjoma da\u013ca ir aizsarg\u0101ts autorties\u012bbu objekts Autorties\u012bbu likuma izpratn\u0113, un t\u0101 izmanto\u0161ana bez izdev\u0113ja at\u013caujas ir aizliegta. Vair\u0101k lasi  <a target=\"_blank\" href=\"https:\/\/www.delfi.lv\/noteikumi#autortiesibas\" rel=\"nofollow noopener\">\u0161eit<\/a><script async src=\"\/\/www.instagram.com\/embed.js\"><\/script><\/p>\n","protected":false},"excerpt":{"rendered":"Latvijas sportiste Patr\u012bcija Eiduka ceturtdien It\u0101lij\u0101 distan\u010du sl\u0113po\u0161anas seri\u0101la &#8220;Tour de Ski&#8221; ceturtaj\u0101 posm\u0101 fini\u0161\u0113ja 30. viet\u0101 iedz\u012b\u0161an\u0101&hellip;\n","protected":false},"author":2,"featured_media":92131,"comment_status":"","ping_status":"","sticky":false,"template":"","format":"standard","meta":{"footnotes":""},"categories":[5],"tags":[23,28,29,8196,32,33,22,30,31,35,39,38,36,37,34,40,20,8094,26,27,24,25,21],"class_list":{"0":"post-92130","1":"post","2":"type-post","3":"status-publish","4":"format-standard","5":"has-post-thumbnail","7":"category-aktualitates","8":"tag-aktualitates","9":"tag-breaking-news","10":"tag-breakingnews","11":"tag-distancu-sleposana","12":"tag-featured-news","13":"tag-featurednews","14":"tag-headlines","15":"tag-latest-news","16":"tag-latestnews","17":"tag-latvia","18":"tag-latvian","19":"tag-latviesu","20":"tag-latviesu-valoda","21":"tag-latviesuvaloda","22":"tag-latvija","23":"tag-lv","24":"tag-news","25":"tag-patricija-eiduka","26":"tag-popularakas-zinas","27":"tag-popularakaszinas","28":"tag-top-stories","29":"tag-topstories","30":"tag-zinas"},"share_on_mastodon":{"url":"https:\/\/pubeurope.com\/@lv\/115822897526044978","error":""},"_links":{"self":[{"href":"https:\/\/www.europesays.com\/lv\/wp-json\/wp\/v2\/posts\/92130","targetHints":{"allow":["GET"]}}],"collection":[{"href":"https:\/\/www.europesays.com\/lv\/wp-json\/wp\/v2\/posts"}],"about":[{"href":"https:\/\/www.europesays.com\/lv\/wp-json\/wp\/v2\/types\/post"}],"author":[{"embeddable":true,"href":"https:\/\/www.europesays.com\/lv\/wp-json\/wp\/v2\/users\/2"}],"replies":[{"embeddable":true,"href":"https:\/\/www.europesays.com\/lv\/wp-json\/wp\/v2\/comments?post=92130"}],"version-history":[{"count":0,"href":"https:\/\/www.europesays.com\/lv\/wp-json\/wp\/v2\/posts\/92130\/revisions"}],"wp:featuredmedia":[{"embeddable":true,"href":"https:\/\/www.europesays.com\/lv\/wp-json\/wp\/v2\/media\/92131"}],"wp:attachment":[{"href":"https:\/\/www.europesays.com\/lv\/wp-json\/wp\/v2\/media?parent=92130"}],"wp:term":[{"taxonomy":"category","embeddable":true,"href":"https:\/\/www.europesays.com\/lv\/wp-json\/wp\/v2\/categories?post=92130"},{"taxonomy":"post_tag","embeddable":true,"href":"https:\/\/www.europesays.com\/lv\/wp-json\/wp\/v2\/tags?post=92130"}],"curies":[{"name":"wp","href":"https:\/\/api.w.org\/{rel}","templated":true}]}}