{"id":92156,"date":"2026-01-02T02:57:09","date_gmt":"2026-01-02T02:57:09","guid":{"rendered":"https:\/\/www.europesays.com\/lv\/92156\/"},"modified":"2026-01-02T02:57:09","modified_gmt":"2026-01-02T02:57:09","slug":"tesla-oficiali-igaunija-un-latvija-registre-meitas-uznemumu","status":"publish","type":"post","link":"https:\/\/www.europesays.com\/lv\/92156\/","title":{"rendered":"&#8220;Tesla&#8221; ofici\u0101li\u00a0 Igaunij\u0101 un Latvij\u0101 re\u0123istr\u0113 meitas uz\u0146\u0113mumu"},"content":{"rendered":"<p><img loading=\"lazy\" decoding=\"async\" class=\"lazy lazy-hidden alignnone size-full wp-image-236465\" src=\"data:image\/gif;base64,R0lGODlhAQABAIAAAAAAAP\/\/\/yH5BAEAAAAALAAAAAABAAEAAAIBRAA7\" data-lazy-type=\"image\" data-lazy-src=\"https:\/\/www.europesays.com\/lv\/wp-content\/uploads\/2026\/01\/1aa-1-3.jpg\" alt=\"\" width=\"900\" height=\"586\" data-lazy- data-lazy-\/><\/p>\n<p>Elektroautomobi\u013cu nozares l\u012bderis \u201cTesla\u201d turpina m\u0113r\u0137tiec\u012bgu ekspansiju Baltijas re\u0123ion\u0101. Nesen k\u013cuvis zin\u0101ms, ka uz\u0146\u0113mums ir ofici\u0101li re\u0123istr\u0113jis savu meitasuz\u0146\u0113mumu Igaunij\u0101, sekojot l\u012bdz\u012bgam solim Latvij\u0101, kur viet\u0113j\u0101 juridisk\u0101 persona tika izveidota jau aizvad\u012bt\u0101 gada novembr\u012b. <\/p>\n<p>\u0160ie juridiskie so\u013ci liecina par uz\u0146\u0113muma v\u0113lmi nostiprin\u0101t savu kl\u0101tb\u016btni un sak\u0101rtot administrat\u012bvos jaut\u0101jumus tie\u0161i Baltijas valst\u012bs.<\/p>\n<p>Akt\u012bva darb\u012bba un infrastrukt\u016bras att\u012bst\u012bba<\/p>\n<p>\u012alona Maska vad\u012btais koncerns \u0161o gadu aizvad\u012bjis \u013coti produkt\u012bvi, ievie\u0161ot b\u016btiskus jaunumus vis\u0101s tr\u012bs kaimi\u0146valst\u012bs. P\u0113rnav\u0101 tika svin\u012bgi atkl\u0101ta pirm\u0101 z\u012bmola \u201cSuperCharger\u201d \u0101tr\u0101s uzl\u0101des stacija, savuk\u0101rt Lietuvas tirg\u016b \u201cTesla\u201d sp\u0113ra v\u0113l liel\u0101ku soli, atverot gan fizisku automa\u0161\u012bnu salonu, gan specializ\u0113tu servisa centru. Gada nosl\u0113gum\u0101 uz\u0146\u0113mums fokus\u0113j\u0101s uz juridisko pamatu sak\u0101rto\u0161anu, nodibinot viet\u0113j\u0101s p\u0101rst\u0101vniec\u012bbas Latvij\u0101 un Igaunij\u0101.<\/p>\n<p><a href=\"https:\/\/dzentlmenis.lv\/lieliska-borsca-noslepums-kapec-zupa-zaude-savu-koso-krasu-un-kadu-viltibu-izmanto-pavari\/236308\/\" rel=\"nofollow noopener\" target=\"_blank\"><img class=\"lazy lazy-hidden\" decoding=\"async\" src=\"data:image\/gif;base64,R0lGODlhAQABAIAAAAAAAP\/\/\/yH5BAEAAAAALAAAAAABAAEAAAIBRAA7\" data-lazy-type=\"image\" data-lazy-src=\"https:\/\/www.europesays.com\/lv\/wp-content\/uploads\/2026\/01\/sandra.jpg\" data-lazy- alt=\"\u201dLieliska bor\u0161\u010da nosl\u0113pums\u201d: k\u0101p\u0113c zupa zaud\u0113 savu ko\u0161o kr\u0101su un k\u0101du vilt\u012bbu izmanto pav\u0101ri\"\/><\/a>\u0160obr\u012bd citi lasa<a class=\"monsterinsights-inline-popular-posts-title\" href=\"https:\/\/dzentlmenis.lv\/lieliska-borsca-noslepums-kapec-zupa-zaude-savu-koso-krasu-un-kadu-viltibu-izmanto-pavari\/236308\/\" rel=\"nofollow noopener\" target=\"_blank\">\u201dLieliska bor\u0161\u010da nosl\u0113pums\u201d: k\u0101p\u0113c zupa zaud\u0113 savu ko\u0161o kr\u0101su un k\u0101du vilt\u012bbu izmanto pav\u0101ri<\/a><\/p>\n<p>Izaicin\u0101jumi pa\u0161reiz\u0113jiem auto \u012bpa\u0161niekiem<\/p>\n<p>L\u012bdz \u0161im re\u0123iona iedz\u012bvot\u0101jiem, kuri v\u0113l\u0113j\u0101s ieg\u0101d\u0101ties \u0161\u012bs markas sp\u0113kratus, n\u0101c\u0101s saskarties ar da\u017e\u0101diem apgr\u016btin\u0101jumiem. K\u0101 nor\u0101da tehnolo\u0123iju port\u0101ls \u201cGeenius\u201d, automa\u0161\u012bnas visbie\u017e\u0101k tika pirktas ar neofici\u0101lu starpnieku pal\u012bdz\u012bbu. V\u0113l sare\u017e\u0123\u012bt\u0101ka situ\u0101cija bija ar tehnisko apkopi \u2013 ja rad\u0101s nepiecie\u0161am\u012bba p\u0113c garantijas remonta vai specifiskiem servisa pakalpojumiem, auto \u012bpa\u0161niekiem no Latvijas un Igaunijas m\u0113rot t\u0101ls ce\u013c\u0161 uz tuv\u0101kajiem punktiem Somij\u0101 vai Lietuv\u0101.<\/p>\n<p>Piesardz\u012bgas prognozes n\u0101kotnei<\/p>\n<p>Neskatoties uz pozit\u012bvaj\u0101m zi\u0146\u0101m, nozares eksperti aicina saglab\u0101t v\u0113su pr\u0101tu. Port\u0101ls \u201cGeenius\u201d uzsver, ka \u201cTesla\u201d faniem nevajadz\u0113tu p\u0101ragri cer\u0113t uz t\u016bl\u012bt\u0113ju pilna servisa pieejam\u012bbu. Uz\u0146\u0113muma glob\u0101l\u0101 strat\u0113\u0123ija r\u0101da, ka juridiskas personas re\u0123istr\u0113\u0161ana vai uzl\u0101des t\u012bkla papla\u0161in\u0101\u0161ana jaun\u0101 tirg\u016b ne vienm\u0113r ir tie\u0161s priek\u0161v\u0113stnesis dr\u012bzai salonu vai kl\u0101tienes servisa centru atv\u0113r\u0161anai. Bie\u017ei vien \u0161ie so\u013ci tiek veikti tikai lo\u0123istikas un nodok\u013cu administr\u0113\u0161anas nol\u016bkos.<\/p>\n<p><a href=\"https:\/\/dzentlmenis.lv\/lielaka-kluda-majokli-eksperti-bridina-par-vienu-telpu-kura-kategoriski-nedrikst-zavet-velu\/153616\/\" rel=\"nofollow noopener\" target=\"_blank\"><img class=\"lazy lazy-hidden\" decoding=\"async\" src=\"data:image\/gif;base64,R0lGODlhAQABAIAAAAAAAP\/\/\/yH5BAEAAAAALAAAAAABAAEAAAIBRAA7\" data-lazy-type=\"image\" data-lazy-src=\"https:\/\/www.europesays.com\/lv\/wp-content\/uploads\/2026\/01\/2-15copy.jpg\" data-lazy- alt=\"Liel\u0101k\u0101 k\u013c\u016bda m\u0101jokl\u012b: eksperti br\u012bdina par vienu telpu, kur\u0101 kategoriski nedr\u012bkst \u017e\u0101v\u0113t ve\u013cu\"\/><\/a>\u0160obr\u012bd citi lasa<a class=\"monsterinsights-inline-popular-posts-title\" href=\"https:\/\/dzentlmenis.lv\/lielaka-kluda-majokli-eksperti-bridina-par-vienu-telpu-kura-kategoriski-nedrikst-zavet-velu\/153616\/\" rel=\"nofollow noopener\" target=\"_blank\">Liel\u0101k\u0101 k\u013c\u016bda m\u0101jokl\u012b: eksperti br\u012bdina par vienu telpu, kur\u0101 kategoriski nedr\u012bkst \u017e\u0101v\u0113t ve\u013cu<\/a><\/p>\n","protected":false},"excerpt":{"rendered":"Elektroautomobi\u013cu nozares l\u012bderis \u201cTesla\u201d turpina m\u0113r\u0137tiec\u012bgu ekspansiju Baltijas re\u0123ion\u0101. Nesen k\u013cuvis zin\u0101ms, ka uz\u0146\u0113mums ir ofici\u0101li re\u0123istr\u0113jis savu&hellip;\n","protected":false},"author":2,"featured_media":92157,"comment_status":"","ping_status":"","sticky":false,"template":"","format":"standard","meta":{"footnotes":""},"categories":[16],"tags":[77,76,35,39,38,36,37,34,40],"class_list":{"0":"post-92156","1":"post","2":"type-post","3":"status-publish","4":"format-standard","5":"has-post-thumbnail","7":"category-bizness","8":"tag-bizness","9":"tag-business","10":"tag-latvia","11":"tag-latvian","12":"tag-latviesu","13":"tag-latviesu-valoda","14":"tag-latviesuvaloda","15":"tag-latvija","16":"tag-lv"},"share_on_mastodon":{"url":"https:\/\/pubeurope.com\/@lv\/115823263223306295","error":""},"_links":{"self":[{"href":"https:\/\/www.europesays.com\/lv\/wp-json\/wp\/v2\/posts\/92156","targetHints":{"allow":["GET"]}}],"collection":[{"href":"https:\/\/www.europesays.com\/lv\/wp-json\/wp\/v2\/posts"}],"about":[{"href":"https:\/\/www.europesays.com\/lv\/wp-json\/wp\/v2\/types\/post"}],"author":[{"embeddable":true,"href":"https:\/\/www.europesays.com\/lv\/wp-json\/wp\/v2\/users\/2"}],"replies":[{"embeddable":true,"href":"https:\/\/www.europesays.com\/lv\/wp-json\/wp\/v2\/comments?post=92156"}],"version-history":[{"count":0,"href":"https:\/\/www.europesays.com\/lv\/wp-json\/wp\/v2\/posts\/92156\/revisions"}],"wp:featuredmedia":[{"embeddable":true,"href":"https:\/\/www.europesays.com\/lv\/wp-json\/wp\/v2\/media\/92157"}],"wp:attachment":[{"href":"https:\/\/www.europesays.com\/lv\/wp-json\/wp\/v2\/media?parent=92156"}],"wp:term":[{"taxonomy":"category","embeddable":true,"href":"https:\/\/www.europesays.com\/lv\/wp-json\/wp\/v2\/categories?post=92156"},{"taxonomy":"post_tag","embeddable":true,"href":"https:\/\/www.europesays.com\/lv\/wp-json\/wp\/v2\/tags?post=92156"}],"curies":[{"name":"wp","href":"https:\/\/api.w.org\/{rel}","templated":true}]}}