{"id":92164,"date":"2026-01-02T04:05:11","date_gmt":"2026-01-02T04:05:11","guid":{"rendered":"https:\/\/www.europesays.com\/lv\/92164\/"},"modified":"2026-01-02T04:05:11","modified_gmt":"2026-01-02T04:05:11","slug":"degusi-palodze-zem-masinas-svilusi-petarde-ka-ari-svetku-eglite-liesmas-vugd-stasti-no-jaungada-nakts-izsaukumiem","status":"publish","type":"post","link":"https:\/\/www.europesays.com\/lv\/92164\/","title":{"rendered":"Degusi palodze, zem ma\u0161\u012bnas svilusi petarde k\u0101 ar\u012b sv\u0113tku egl\u012bte liesm\u0101s: VUGD st\u0101sti no jaungada nakts izsaukumiem"},"content":{"rendered":"<p>    <img decoding=\"async\" src=\"https:\/\/www.europesays.com\/lv\/wp-content\/uploads\/2026\/01\/LET_24826162-1024x675.jpg\" alt=\"&#10;ugunsgreks, ugunsdzesejs, vugd&#10;\"\/><\/p>\n<p>ugunsgreks, ugunsdzesejs, vugd<\/p>\n<p>Foto: Zane Bitere\/LETA\n<\/p>\n<p>Aizvad\u012btaj\u0101 diennakt\u012b ugunsgr\u0113kos nav g\u0101ju\u0161i boj\u0101, cietu\u0161i vai izgl\u0101bti cilv\u0113ki, bet re\u0123istr\u0113ti vair\u0101ki ugunsgr\u0113ki, kuros no m\u0101jok\u013ciem kopum\u0101 evaku\u0113ju\u0161ies 50 cilv\u0113ki, a\u0123ent\u016bru LETA inform\u0113ja Valsts ugunsdz\u0113s\u012bbas un gl\u0101b\u0161anas dienest\u0101 (VUGD).<\/p>\n<p>        Las\u012bt\u0101kie<br \/>\n        <a data-imagesrc=\"{&quot;300&quot;:&quot;https:\\\/\\\/lastatic.ams3.cdn.digitaloceanspaces.com\\\/2026\\\/01\\\/shutterstock_2685252749-300x172.jpg&quot;,&quot;1024&quot;:&quot;https:\\\/\\\/lastatic.ams3.cdn.digitaloceanspaces.com\\\/2026\\\/01\\\/shutterstock_2685252749-1024x589.jpg&quot;,&quot;1536&quot;:&quot;https:\\\/\\\/lastatic.ams3.cdn.digitaloceanspaces.com\\\/2026\\\/01\\\/shutterstock_2685252749-1536x883.jpg&quot;,&quot;500&quot;:&quot;https:\\\/\\\/lastatic.ams3.cdn.digitaloceanspaces.com\\\/2026\\\/01\\\/shutterstock_2685252749-500x287.jpg&quot;,&quot;800&quot;:&quot;https:\\\/\\\/lastatic.ams3.cdn.digitaloceanspaces.com\\\/2026\\\/01\\\/shutterstock_2685252749-800x460.jpg&quot;,&quot;2560&quot;:&quot;https:\\\/\\\/lastatic.ams3.cdn.digitaloceanspaces.com\\\/2026\\\/01\\\/shutterstock_2685252749-scaled.jpg&quot;}\" data-focuspoint=\"&quot;&quot;\" data-p=\"2485210\" href=\"https:\/\/www.la.lv\/lielais-2026-gada-horoskops-visam-zodiaka-zimem-kas-gaidams-attiecibas-finansu-joma-un-kada-bus-veseliba\" class=\"content-item lazy-load\" wp_automatic_readability=\"27\" rel=\"nofollow noopener\" target=\"_blank\"><\/p>\n<p>                                <img decoding=\"async\" src=\"\" alt=\"\" style=\"\" data-imageid=\"\"\/><\/p>\n<p>                                Kokteilis<\/p>\n<p>\n                                                Lielais 2026. gada horoskops vis\u0101m zodiaka z\u012bm\u0113m \u2013 kas gaid\u0101ms attiec\u012bb\u0101s, finan\u0161u jom\u0101 un k\u0101da b\u016bs vesel\u012bba?\n                            <\/p>\n<p><\/a><a data-imagesrc=\"{&quot;300&quot;:&quot;https:\\\/\\\/lastatic.ams3.cdn.digitaloceanspaces.com\\\/2025\\\/12\\\/jarvik-joshi-EH_K0GWC4o0-unsplash-300x200.jpg&quot;,&quot;1024&quot;:&quot;https:\\\/\\\/lastatic.ams3.cdn.digitaloceanspaces.com\\\/2025\\\/12\\\/jarvik-joshi-EH_K0GWC4o0-unsplash-1024x684.jpg&quot;,&quot;1536&quot;:&quot;https:\\\/\\\/lastatic.ams3.cdn.digitaloceanspaces.com\\\/2025\\\/12\\\/jarvik-joshi-EH_K0GWC4o0-unsplash-1536x1025.jpg&quot;,&quot;500&quot;:&quot;https:\\\/\\\/lastatic.ams3.cdn.digitaloceanspaces.com\\\/2025\\\/12\\\/jarvik-joshi-EH_K0GWC4o0-unsplash-500x334.jpg&quot;,&quot;800&quot;:&quot;https:\\\/\\\/lastatic.ams3.cdn.digitaloceanspaces.com\\\/2025\\\/12\\\/jarvik-joshi-EH_K0GWC4o0-unsplash-800x534.jpg&quot;,&quot;2560&quot;:&quot;https:\\\/\\\/lastatic.ams3.cdn.digitaloceanspaces.com\\\/2025\\\/12\\\/jarvik-joshi-EH_K0GWC4o0-unsplash-scaled.jpg&quot;}\" data-focuspoint=\"&quot;&quot;\" data-p=\"2478260\" href=\"https:\/\/www.la.lv\/vini-nav-ka-citi-sajos-3-datumos-dzimuso-dveseles-pieder-citam-laikmetam\" class=\"content-item lazy-load\" wp_automatic_readability=\"26\" rel=\"nofollow noopener\" target=\"_blank\"><\/p>\n<p>                                <img decoding=\"async\" src=\"\" alt=\"\" style=\"\" data-imageid=\"\"\/><\/p>\n<p>                                Kokteilis<\/p>\n<p>\n                                                Vi\u0146i nav k\u0101 citi: \u0161ajos 3 datumos dzimu\u0161o dv\u0113seles pieder citam laikmetam\n                            <\/p>\n<p><\/a><a data-imagesrc=\"{&quot;300&quot;:&quot;https:\\\/\\\/lastatic.ams3.cdn.digitaloceanspaces.com\\\/2026\\\/01\\\/FotoJet-12-300x206.jpg&quot;,&quot;1024&quot;:&quot;https:\\\/\\\/lastatic.ams3.cdn.digitaloceanspaces.com\\\/2026\\\/01\\\/FotoJet-12-1024x704.jpg&quot;,&quot;1536&quot;:&quot;https:\\\/\\\/lastatic.ams3.cdn.digitaloceanspaces.com\\\/2026\\\/01\\\/FotoJet-12-1536x1056.jpg&quot;,&quot;500&quot;:&quot;https:\\\/\\\/lastatic.ams3.cdn.digitaloceanspaces.com\\\/2026\\\/01\\\/FotoJet-12-500x344.jpg&quot;,&quot;800&quot;:&quot;https:\\\/\\\/lastatic.ams3.cdn.digitaloceanspaces.com\\\/2026\\\/01\\\/FotoJet-12-800x550.jpg&quot;,&quot;1745&quot;:&quot;https:\\\/\\\/lastatic.ams3.cdn.digitaloceanspaces.com\\\/2026\\\/01\\\/FotoJet-12.jpg&quot;}\" data-focuspoint=\"&quot;&quot;\" data-p=\"2487318\" href=\"https:\/\/www.la.lv\/video-migrantu-tusins-pie-brivibas-pieminekla-saluts-divos-nakti-kur-policija-rudolfs-parada-kas-nakti-notika-riga\" class=\"content-item lazy-load\" wp_automatic_readability=\"28\" rel=\"nofollow noopener\" target=\"_blank\"><\/p>\n<p>                                <img decoding=\"async\" src=\"\" alt=\"\" style=\"\" data-imageid=\"\"\/><\/p>\n<p>                                            VIDEO. \u201cMigrantu tusi\u0146\u0161 pie Br\u012bv\u012bbas pieminek\u013ca, sal\u016bts divos nakt\u012b, kur policija?\u201d R\u016bdolfs par\u0101da, kas nakt\u012b notika R\u012bg\u0101<\/p>\n<p><\/a><br \/>\n        <a class=\"read-more\" href=\"https:\/\/www.la.lv\/top\" rel=\"nofollow noopener\" target=\"_blank\">Las\u012bt citas zi\u0146as<\/a><\/p>\n<p>Vakar plkst. 16.46 VUGD sa\u0146\u0113ma izsaukumu uz Eduarda Smi\u013c\u0123a ielu R\u012bg\u0101, kur \u010detrst\u0101vu dz\u012bvojam\u0101s m\u0101jas otr\u0101 st\u0101va dz\u012bvokl\u012b dega palodze un sadz\u012bves mantas viena kvadr\u0101tmetra (m2) plat\u012bb\u0101. No pied\u016bmot\u0101 m\u0101jok\u013ca pirms VUGD iera\u0161an\u0101s bija evaku\u0113ju\u0161ies pieci cilv\u0113ki. Plkst. 17.55 darbs notikuma viet\u0101 nosl\u0113dz\u0101s.<\/p>\n<p>VUGD pirmo izsaukumu saist\u012bb\u0101 ar Jaun\u0101 gada sagaid\u012b\u0161anu sa\u0146\u0113ma plkst. 19.02, kad Olaines novada Olaines pagast\u0101 zem viegl\u0101s automa\u0161\u012bnas dega petarde 0,01 m2 plat\u012bb\u0101. Ugunsgr\u0113ks likvid\u0113ts pirms VUGD iera\u0161an\u0101s.<\/p>\n<p>    CITI \u0160OBR\u012aD LASA<\/p>\n<p>Plkst. 22.59 sa\u0146emts izsaukums uz M\u0101rupes novada M\u0101rupes pagastu, kur dega sv\u0113tku egle 0,02 m2 plat\u012bb\u0101. Ugunsgr\u0113ks likvid\u0113ts pirms VUGD iera\u0161an\u0101s.<\/p>\n<p>Savuk\u0101rt plkst. 00.15 VUGD sa\u0146\u0113ma izsaukumu uz Jauno ielu Liep\u0101j\u0101, kur dega tr\u012bsst\u0101vu dz\u012bvojam\u0101s m\u0101jas jumts un starpst\u0101vu p\u0101rsegums 40 m2 plat\u012bb\u0101. No \u0113kas evaku\u0113j\u0101s 18 cilv\u0113ki. Plkst. 03.08 VUGD darbs notikuma viet\u0101 nosl\u0113dz\u0101s.<\/p>\n<p>00.47 VUGD sa\u0146\u0113ma izsaukumu uz Aizkraukli, kur piecst\u0101vu dz\u012bvojam\u0101s m\u0101jas pirm\u0101 st\u0101va dz\u012bvokl\u012b dega galds divu m2 plat\u012bb\u0101. Pirms VUGD iera\u0161an\u0101s no dz\u012bvok\u013ca evaku\u0113j\u0101s viens cilv\u0113ks. Plkst. 01.28 VUGD darbs notikuma viet\u0101 nosl\u0113dz\u0101s.<\/p>\n<p>Plkst. 2.34 VUGD sa\u0146\u0113ma izsaukumu uz Stirnu ielu R\u012bg\u0101, kur piecst\u0101vu dz\u012bvojam\u0101s m\u0101jas pirm\u0101 st\u0101va dz\u012bvokl\u012b dega sadz\u012bves mantas 10 m2 plat\u012bb\u0101. No pied\u016bmot\u0101 dz\u012bvok\u013ca pirms VUGD iera\u0161an\u0101s evaku\u0113j\u0101s divi cilv\u0113ki, v\u0113l \u010detrus cilv\u0113kus no blakus dz\u012bvok\u013ca evaku\u0113ja gl\u0101b\u0113ji. Plkst. 3.43 ugunsgr\u0113ks likvid\u0113ts.<\/p>\n<p>Plkst. 2.39 gl\u0101b\u0113ji sa\u0146\u0113ma izsaukumu uz Salnas ielu R\u012bg\u0101, kur devi\u0146st\u0101vu dz\u012bvojam\u0101s m\u0101jas pirmaj\u0101 st\u0101v\u0101 dega pal\u012bgtelpas siena un sadz\u012bves mantas piecu m2 plat\u012bb\u0101. No \u0113kas pirms VUGD iera\u0161an\u0101s bija evaku\u0113ju\u0161ies 20 cilv\u0113ki. Plkst. 3.15 ugunsgr\u0113ks likvid\u0113ts.<\/p>\n<p>\u0160aj\u0101 gadu mij\u0101, l\u012bdz\u012bgi k\u0101 cit\u0101s, biju\u0161i ap 20 izsaukumu par to, ka dega atkritumi, atkritumu urnas, pirotehnikas kaste. VUGD nor\u0101da, ka, visticam\u0101k, \u0161ie notikumi izc\u0113lu\u0161ies, jo atkritumos izmesti pirotehnikas izstr\u0101d\u0101jumi, br\u012bnumsvec\u012btes vai izsm\u0113\u0137i.<\/p>\n<p>\u0160aj\u0101 diennakt\u012b sa\u0146emti ar\u012b vair\u0101ki izsaukumi, kuros degusi egle, adventes vainagi ar iedegt\u0101m svec\u012bt\u0113m, kuri atst\u0101ti bez uzraudz\u012bbas, k\u0101 ar\u012b notikumi, kur petarde degusi zem automa\u0161\u012bnas vai ielidojusi daudzdz\u012bvok\u013cu m\u0101jas balkon\u0101, aizdedzinot tur eso\u0161\u0101s sadz\u012bves mantas.<\/p>\n<p>Pag\u0101ju\u0161aj\u0101 diennakt\u012b VUGD kopum\u0101 sa\u0146\u0113ma 82 izsaukumus \u2013 46 uz ugunsgr\u0113ku dz\u0113\u0161anu, 24 uz gl\u0101b\u0161anas darbiem, bet 13 izsaukumi bija maldin\u0101jumi.<\/p>\n<p>T\u0113mas<\/p>\n<p>    SAIST\u012aTIE RAKSTI<\/p>\n","protected":false},"excerpt":{"rendered":"ugunsgreks, ugunsdzesejs, vugd Foto: Zane Bitere\/LETA Aizvad\u012btaj\u0101 diennakt\u012b ugunsgr\u0113kos nav g\u0101ju\u0161i boj\u0101, cietu\u0161i vai izgl\u0101bti cilv\u0113ki, bet re\u0123istr\u0113ti&hellip;\n","protected":false},"author":2,"featured_media":92165,"comment_status":"","ping_status":"","sticky":false,"template":"","format":"standard","meta":{"footnotes":""},"categories":[12],"tags":[23,28,29,32,33,22,30,31,35,39,38,36,37,34,40,20,26,27,24,25,21],"class_list":{"0":"post-92164","1":"post","2":"type-post","3":"status-publish","4":"format-standard","5":"has-post-thumbnail","7":"category-latvija","8":"tag-aktualitates","9":"tag-breaking-news","10":"tag-breakingnews","11":"tag-featured-news","12":"tag-featurednews","13":"tag-headlines","14":"tag-latest-news","15":"tag-latestnews","16":"tag-latvia","17":"tag-latvian","18":"tag-latviesu","19":"tag-latviesu-valoda","20":"tag-latviesuvaloda","21":"tag-latvija","22":"tag-lv","23":"tag-news","24":"tag-popularakas-zinas","25":"tag-popularakaszinas","26":"tag-top-stories","27":"tag-topstories","28":"tag-zinas"},"share_on_mastodon":{"url":"https:\/\/pubeurope.com\/@lv\/115823530649329046","error":""},"_links":{"self":[{"href":"https:\/\/www.europesays.com\/lv\/wp-json\/wp\/v2\/posts\/92164","targetHints":{"allow":["GET"]}}],"collection":[{"href":"https:\/\/www.europesays.com\/lv\/wp-json\/wp\/v2\/posts"}],"about":[{"href":"https:\/\/www.europesays.com\/lv\/wp-json\/wp\/v2\/types\/post"}],"author":[{"embeddable":true,"href":"https:\/\/www.europesays.com\/lv\/wp-json\/wp\/v2\/users\/2"}],"replies":[{"embeddable":true,"href":"https:\/\/www.europesays.com\/lv\/wp-json\/wp\/v2\/comments?post=92164"}],"version-history":[{"count":0,"href":"https:\/\/www.europesays.com\/lv\/wp-json\/wp\/v2\/posts\/92164\/revisions"}],"wp:featuredmedia":[{"embeddable":true,"href":"https:\/\/www.europesays.com\/lv\/wp-json\/wp\/v2\/media\/92165"}],"wp:attachment":[{"href":"https:\/\/www.europesays.com\/lv\/wp-json\/wp\/v2\/media?parent=92164"}],"wp:term":[{"taxonomy":"category","embeddable":true,"href":"https:\/\/www.europesays.com\/lv\/wp-json\/wp\/v2\/categories?post=92164"},{"taxonomy":"post_tag","embeddable":true,"href":"https:\/\/www.europesays.com\/lv\/wp-json\/wp\/v2\/tags?post=92164"}],"curies":[{"name":"wp","href":"https:\/\/api.w.org\/{rel}","templated":true}]}}