{"id":92168,"date":"2026-01-02T04:11:16","date_gmt":"2026-01-02T04:11:16","guid":{"rendered":"https:\/\/www.europesays.com\/lv\/92168\/"},"modified":"2026-01-02T04:11:16","modified_gmt":"2026-01-02T04:11:16","slug":"kurzeme-jauno-gadu-sagaidis-ar-koncertiem-ugunosanu-un-ballem-lidz-rita-gaismai-1188-lv","status":"publish","type":"post","link":"https:\/\/www.europesays.com\/lv\/92168\/","title":{"rendered":"Kurzem\u0113 Jauno gadu sagaid\u012bs ar koncertiem, ugu\u0146o\u0161anu un ball\u0113m l\u012bdz r\u012bta gaismai &#8211; 1188.lv"},"content":{"rendered":"<ol>\n<li><a href=\"https:\/\/news.google.com\/rss\/articles\/CBMisAFBVV95cUxOOTZ5REl3TVJad2k3a1IzdWJPX1JUMXNlMFEzVk1fTmNDVENoOXMzdnFKbDRPU0JVMFNTanJQSEUtbEE4TEJxVDlXbng4WHZ6MGhQSThNRGI5YXdsUVF3Q3paNnF3Yl9hOWxZVzdwRGw5MHNwSXUxTnZ0RnpCU3hOdVNHSldLOVU0dENrMXdINUFpc3RJRFJSMWdsS2ttQVVjQngtZjBwQzVIMExfVDNjeg?oc=5\" target=\"_blank\" rel=\"nofollow noopener\">Kurzem\u0113 Jauno gadu sagaid\u012bs ar koncertiem, ugu\u0146o\u0161anu un ball\u0113m l\u012bdz r\u012bta gaismai<\/a>&nbsp;&nbsp;1188.lv<\/li>\n<li><a href=\"https:\/\/news.google.com\/rss\/articles\/CBMipgFBVV95cUxPYW4wOG80ZHNMMEVYblhkaU80U191TW9vTkhCSi16SFRKS0xmaUNmSm1VVHpMOVc4ek42NFFyelJub1pxVER1VExwSzMzV2ZUUlhYOGY4UXkycWtZZU9CTm5TaDJqSTlla29HejNNV0pSOGNOWE5wX0ZiSnlHbVNXWTJjYjFWRTVtVVFoWVRLQTZDWS1qSTVCdkliU2g0Z0wwNE9SZlJB?oc=5\" target=\"_blank\" rel=\"nofollow noopener\">Ventspils Jaun\u0101 gada svin\u012bbas Lielaj\u0101 laukum\u0101<\/a>&nbsp;&nbsp;Ventspils<\/li>\n<li><a href=\"https:\/\/news.google.com\/rss\/articles\/CBMihwFBVV95cUxPSm1BT3VzNFQtcEdPOG9nREJsWUlFLUtVLWpPcHJFZHotSkZGWEF4aVp0U0ltUHFXM2U3UFotLWs5Q0FyN1IxeVRHVkhFeXhZWFF0Y0lGRE5mbTdLandia0hfTi1hWWdZSnU2MnpDdGNtUXVrLU8tWmVfNUp2MUFLN09WZUhwRkE?oc=5\" target=\"_blank\" rel=\"nofollow noopener\">Jaun\u0101 gada sagaid\u012b\u0161anas norises Valmieras novad\u0101!<\/a>&nbsp;&nbsp;Valmieras novada pa\u0161vald\u012bba<\/li>\n<li><a href=\"https:\/\/news.google.com\/rss\/articles\/CBMi3AFBVV95cUxNWHVUcUk3dGsxdklHcjNBQzNiWU1aUXdrSllpSUU3OVZGV3VxNlVpUk1ydnNqZll1UFZOZmR1cVZpbkRNZ0habUdlX010cnUyeS1GSVpQTTVFUXBQakZuMGVSVzdoSnBNU01hMDRzV2ZtVmpTQUtNZXpGbTU2Wm90M1QySWlVR18yOTlzRy1SdUtVTGJPUVRzNHhGdUNVekh5X2dud2V6ZHo4VHBMRHZHTzRqYVlyOTExbVk3Q01YS1NhbElqcnl2Tk5Tbi1CZU4wcGkwSjR1WXEtaVhG?oc=5\" target=\"_blank\" rel=\"nofollow noopener\">Lai skan! Jaungada sagaid\u012b\u0161anas koncerts \/ Ieraksts<\/a>&nbsp;&nbsp;REplay.lv<\/li>\n<li><a href=\"https:\/\/news.google.com\/rss\/articles\/CBMie0FVX3lxTE1ScmoyTElVVkRRd0h3by1yQUR0MXF5SkNaVFI3bHhyVko1cmRwTUZPWlB5b05TNXVNeGJlbXdvNlhsT2p5RUduenFiTzc0OW0yeVkyV3FDQjlDbmlzTzl3dFpCV3RreW1ZNkJxdXI2bkc4cnVfTElhVi1BUQ?oc=5\" target=\"_blank\" rel=\"nofollow noopener\">K\u0101 Zemgales pils\u0113t\u0101s sagaid\u012bs Jauno gadu?<\/a>&nbsp;&nbsp;Sejas.lv<\/li>\n<\/ol>\n","protected":false},"excerpt":{"rendered":"Kurzem\u0113 Jauno gadu sagaid\u012bs ar koncertiem, ugu\u0146o\u0161anu un ball\u0113m l\u012bdz r\u012bta gaismai&nbsp;&nbsp;1188.lv Ventspils Jaun\u0101 gada svin\u012bbas Lielaj\u0101 laukum\u0101&nbsp;&nbsp;Ventspils&hellip;\n","protected":false},"author":2,"featured_media":92169,"comment_status":"","ping_status":"","sticky":false,"template":"","format":"standard","meta":{"footnotes":""},"categories":[12],"tags":[129,22986,23144,23147,23,28,29,32,33,22,30,31,35,39,38,36,37,34,40,20,26,27,22987,23145,23148,22988,23146,23149,24,25,21],"class_list":{"0":"post-92168","1":"post","2":"type-post","3":"status-publish","4":"format-standard","5":"has-post-thumbnail","7":"category-latvija","8":"tag-__typenameadvicekeyword","9":"tag-id1990","10":"tag-id691","11":"tag-id731","12":"tag-aktualitates","13":"tag-breaking-news","14":"tag-breakingnews","15":"tag-featured-news","16":"tag-featurednews","17":"tag-headlines","18":"tag-latest-news","19":"tag-latestnews","20":"tag-latvia","21":"tag-latvian","22":"tag-latviesu","23":"tag-latviesu-valoda","24":"tag-latviesuvaloda","25":"tag-latvija","26":"tag-lv","27":"tag-news","28":"tag-popularakas-zinas","29":"tag-popularakaszinas","30":"tag-slugjaunais-gads","31":"tag-slugkurzeme","32":"tag-slugpirotehnika","33":"tag-titlejaunais-gads","34":"tag-titlekurzeme","35":"tag-titlepirotehnika","36":"tag-top-stories","37":"tag-topstories","38":"tag-zinas"},"share_on_mastodon":{"url":"","error":"Validation failed: Text character limit of 500 exceeded"},"_links":{"self":[{"href":"https:\/\/www.europesays.com\/lv\/wp-json\/wp\/v2\/posts\/92168","targetHints":{"allow":["GET"]}}],"collection":[{"href":"https:\/\/www.europesays.com\/lv\/wp-json\/wp\/v2\/posts"}],"about":[{"href":"https:\/\/www.europesays.com\/lv\/wp-json\/wp\/v2\/types\/post"}],"author":[{"embeddable":true,"href":"https:\/\/www.europesays.com\/lv\/wp-json\/wp\/v2\/users\/2"}],"replies":[{"embeddable":true,"href":"https:\/\/www.europesays.com\/lv\/wp-json\/wp\/v2\/comments?post=92168"}],"version-history":[{"count":0,"href":"https:\/\/www.europesays.com\/lv\/wp-json\/wp\/v2\/posts\/92168\/revisions"}],"wp:featuredmedia":[{"embeddable":true,"href":"https:\/\/www.europesays.com\/lv\/wp-json\/wp\/v2\/media\/92169"}],"wp:attachment":[{"href":"https:\/\/www.europesays.com\/lv\/wp-json\/wp\/v2\/media?parent=92168"}],"wp:term":[{"taxonomy":"category","embeddable":true,"href":"https:\/\/www.europesays.com\/lv\/wp-json\/wp\/v2\/categories?post=92168"},{"taxonomy":"post_tag","embeddable":true,"href":"https:\/\/www.europesays.com\/lv\/wp-json\/wp\/v2\/tags?post=92168"}],"curies":[{"name":"wp","href":"https:\/\/api.w.org\/{rel}","templated":true}]}}