{"id":92170,"date":"2026-01-02T04:46:07","date_gmt":"2026-01-02T04:46:07","guid":{"rendered":"https:\/\/www.europesays.com\/lv\/92170\/"},"modified":"2026-01-02T04:46:07","modified_gmt":"2026-01-02T04:46:07","slug":"baltijas-drosiba-patiesiba-par-nato-5-pantu","status":"publish","type":"post","link":"https:\/\/www.europesays.com\/lv\/92170\/","title":{"rendered":"Baltijas dro\u0161\u012bba: Paties\u012bba par NATO 5. pantu"},"content":{"rendered":"<p class=\"descr\">\u201cPolitiski idejisk\u0101 jucek\u013ca rezult\u0101ts ir viens: glob\u0101lais l\u012bdzsvars ir izjaukts. T\u0101 k\u0101 v\u0101j\u0101ka ir k\u013cuvusi tikai viena puse \u2013 Rietumi, glob\u0101las katastrofas varb\u016bt\u012bba ir pieaugusi, jo atsevi\u0161\u0137i sp\u0113l\u0113t\u0101ji var v\u0113l\u0113ties izmantot \u0161o izdev\u012bbu, lai p\u0101rdal\u012btu \u201cglob\u0101lo p\u012br\u0101gu\u201d,\u201d raksta kol\u0113\u0123is Bens Latkovskis. Bet \u201cglob\u0101lais p\u012br\u0101gs\u201d \u0161aj\u0101 gad\u012bjum\u0101 ir faktiski ir visa pasaule, jo diez vai atrad\u012bsies sp\u0113ki, kuri \u0161o p\u012br\u0101gu v\u0113l\u0113sies p\u0101rdal\u012bt mierm\u012bl\u012bgi. Par to \u201cNeatkar\u012bg\u0101s\u201d saruna ar NATO Strat\u0113\u0123isk\u0101s komunik\u0101cijas izcil\u012bbas centra direktoru J\u0101ni S\u0101rtu.<\/p>\n<p>Patlaban iez\u012bm\u0113jas t\u0101di apokaliptiski scen\u0101riji: pasaul\u0113 vair\u0101k tiek run\u0101ts par karu, maz\u0101k &#8211; par mieru. Vai tad miers nav lo\u0123isks un mierino\u0161s aspekts?<\/p>\n<p>Nezinu, kur tie scen\u0101riji par\u0101d\u0101s, ta\u010du es jau iepriek\u0161 teicu, ka nekas kardin\u0101li nav main\u012bjies. \u0160obr\u012bd daudzas valstis, kas nav biju\u0161as apmierin\u0101tas ar to pasaules k\u0101rt\u012bbu, ko nodro\u0161in\u0101ja ASV v\u0101jums, ir gatavas r\u012bkoties, tostarp ar\u012b ar milit\u0101riem l\u012bdzek\u013ciem. To m\u0113s redzam sakar\u0101 ar Krieviju, ar \u0136\u012bnu. \u0160aj\u0101 zi\u0146\u0101 nekas b\u016bt\u012bb\u0101 nav main\u012bjies.<\/p>\n<p>J\u016bs teic\u0101t &#8211; ASV v\u0101jumu?<\/p>\n<p>Noteikti. Ja sal\u012bdzina, piem\u0113ram, ra\u017eo\u0161anas apjomus, \u0136\u012bna jau ir apsteigusi ASV. Otr\u0101 lieta, kas \u013coti svar\u012bga, ir ASV politisk\u0101 sa\u0161\u0137elt\u012bba, nesp\u0113ja non\u0101kt pie kaut k\u0101diem kopsauc\u0113jiem, kas uz \u0101rpusi s\u016bta v\u0101juma sign\u0101lus. Par labu nen\u0101k tas, ka ASV veidot\u0101s alianses k\u013c\u016bst v\u0101j\u0101kas: to mijiedarb\u012bba vairs nav tik saskan\u012bga. \u0160ie faktori s\u016bta da\u017e\u0101dus sign\u0101lus. ASV par\u0101ds ir milz\u012bgs, no tiem \u0161os sign\u0101lus ar\u012b var izprast. Protams, inov\u0101cijas un ekonomisk\u0101 att\u012bst\u012bba apsteidz Eiropu, bet es ieteiktu apl\u016bkot tikko piemin\u0113tos argumentus.<\/p>\n<p>Un k\u0101 tad slavenais un sarg\u0101jo\u0161ais NATO <a href=\"https:\/\/nra.lv\/birka\/5-pants\/\" target=\"_blank\" rel=\"noopener nofollow\">5. pants<\/a>? Runas par to ar\u012b t\u0101 k\u0101 pieklusu\u0161as.<\/p>\n<p>5. pants ir visu valstu ap\u0146em\u0161an\u0101s atbalst\u012bt konkr\u0113to valsti vai t\u0101s valstis, kam agresors gatavojas uzbrukt. Pants pats par sevi &#8211; k\u0101 jau daudzk\u0101rt esmu teicis, &#8211; ir Rietumeiropas kop\u012bg\u0101s milit\u0101r\u0101s atbild\u012bbas klauzula, kas bija v\u0113l sp\u0113c\u012bg\u0101k noformul\u0113ta. Bet m\u0113s to pat neatceramies. Ir ne tikai 5. pants, bet ir ar\u012b proced\u016bras, uz kuru pamata valstu milit\u0101rie sp\u0113ki sadarbojas. Tie\u0161i t\u0101p\u0113c NATO ir tik jaud\u012bga organiz\u0101cija.<\/p>\n<p>Bet taj\u0101 br\u012bd\u012b, kad viens no valstu l\u012bderiem publiski diezgan skaidri pateic, ka vi\u0146\u0161 v\u0113l skat\u012bsies, vai vi\u0146\u0161 iev\u0113ros to 5. pantu, pret kuru valsti iev\u0113ros, pret kuru &#8211; ne, tad s\u0101kas \u0161aubas. Es joproj\u0101m uzskatu, ka attiec\u012bb\u0101 uz mums \u0161is 5. pants str\u0101d\u0101s, bet var saprast ar\u012b otro argumentu: \u0161ajos pasaules politiskajos apst\u0101k\u013cos m\u0113s nevaram visu l\u012bdz galam prognoz\u0113t.<\/p>\n<p>Vair\u0101k \u0161aubu nek\u0101 p\u0101rliec\u012bbas\u2026<\/p>\n<p>J\u0101skat\u0101s paties\u012bbai ac\u012bs. Dom\u0101ju, ka attiec\u012bb\u0101 uz Baltijas valst\u012bm 5. pants \u0161obr\u012bd str\u0101d\u0101tu ar\u012b no ASV puses.<\/p>\n<p>Savulaik bija v\u0113rojama ASV un Krievijas ideolo\u0123isk\u0101 pretst\u0101ve. Tagad vairs nav. Kara noziedznieks Putins un sv\u0101rst\u012bgais Tramps ir sirdsdraugi, staig\u0101, roci\u0146\u0101s sadevu\u0161ies un sarkanus pakl\u0101ji\u0146us viens otram izkl\u0101ju\u0161i. K\u0101p\u0113c tik krasas izmai\u0146as?<\/p>\n<p>Ja aukst\u0101 kara laikos kompartija Amerikas Savienotaj\u0101s Valst\u012bs b\u016btu tikusi pie varas, \u0161\u012bs izmai\u0146as neb\u016btu tik izteiktas. Vienk\u0101r\u0161i da\u013ca ASV politisk\u0101 spektra nesaskata Krieviju k\u0101 ienaidnieku. Citas lietas vi\u0146iem \u0161\u0137iet svar\u012bg\u0101kas par Krievijas savald\u012b\u0161anu. Bet taj\u0101 pa\u0161\u0101 laik\u0101 Trampa administr\u0101cijas da\u013ca uzskata, ka Krievija ir ASV pretiniece.<\/p>\n<p>Manupr\u0101t, tikai idiotiem nav skaidrs, ka Krievija ir galvenais agresors un drauds visai pasaulei.<\/p>\n<p>J\u0101, tiem, kuri seko l\u012bdzi visam, kas notiek Krievij\u0101, k\u0101 t\u0101 ir att\u012bst\u012bjusies un kas ir noticis Ukrain\u0101 no pirm\u0101s kara dienas, ir skaidrs. Bet tiem, kuri nevar Ukrainu no Baltkrievijas at\u0161\u0137irt, ir daudz viegl\u0101k iebarot Krievijas propagandu, ka vi\u0146i, sak, nav vain\u012bgi, vi\u0146us piespieda, visi tie apk\u0101rt\u0113jie sliktie apst\u0101k\u013ci vain\u012bgi, lai var\u0113tu slepkavot ukrai\u0146us. To, kas mums \u0161\u0137iet pa\u0161saprotami, daudziem citiem ir daudz viegl\u0101k ieb\u0101zt galv\u0101 k\u0101 mel\u012bgu propagandu. Zin\u0101m\u0101s ASV ideolo\u0123iskaj\u0101s grup\u0101s tas ir izdar\u012bts veiksm\u012bgi.<\/p>\n<p>Vai ASV nav drauds Eiropai?<\/p>\n<p>N\u0113, tik krasi es neteiktu. Protams, m\u0113s redzam ASV t\u012bkojumus p\u0113c Grenlandes. Iesp\u0113jams, tas atsvaidzino\u0161ais \u0161aj\u0101 situ\u0101cij\u0101 ir tas, ka vi\u0146i publiski saka un dara to, ko dom\u0101. Jo ASV interese par Grenlandi ir bijusi jau k\u0101du laiku, un tagad amerik\u0101\u0146i par to run\u0101 publiski un caursp\u012bd\u012bgi. Tas, ka ASV ir vair\u0101k gatavas iejaukties ES politiskajos procesos, gan ir skaidrs.<\/p>\n<p>Daudziem \u0161\u0137iet, ka Eiropas Savien\u012bbas aizst\u0101v\u012bba pret Krievijas agresiju ir liekul\u012bba.<\/p>\n<p>N\u0113, es t\u0101 nedom\u0101ju. \u0160obr\u012bd Ukraina daudz\u0113j\u0101d\u0101 zi\u0146\u0101 sp\u0113j karot tikai t\u0101p\u0113c, ka Eiropa to atbalsta. Neviens cits vairs to nedara. ASV pal\u012bdz\u012bbu ir samazin\u0101ju\u0161as. T\u0101p\u0113c teikt, ka Eiropa kaut ko nedara, b\u016btu nepareizi. Eiropa maks\u0101 par iero\u010diem, ko iep\u0113rk no ASV, lai Ukraina turpin\u0101tu c\u012bn\u012bties. Amerik\u0101\u0146iem tas ir bizness.<\/p>\n<p>Ja amerik\u0101\u0146i un krievi saiet ragos, s\u0101kas atomkar\u0161, t\u0101 ir apokalipse.<\/p>\n<p>T\u0101d\u0101s kategorij\u0101s es noteikti nedom\u0101tu. Putins negrib \u0161\u0101du rezult\u0101tu, t\u0101du negrib ar\u012b \u0136\u012bna un ASV. Mums gan ir b\u0113d\u012bgs v\u0113sturisks precedents &#8211; Pirmais pasaules kar\u0161, kad neviens \u012bsti negrib\u0113ja s\u0101kt karu, ta\u010du apst\u0101k\u013ci bija t\u0101di, ka tom\u0113r \u0161is kar\u0161 s\u0101k\u0101s.<\/p>\n<p>Tradicion\u0101lais jaut\u0101jums: gaisma tune\u013ca gal\u0101?<\/p>\n<p>Diez vai t\u0101 ir redzama\u2026 Pasaul\u0113 nestabilit\u0101te augs, nevis samazin\u0101sies. Ta\u010du atcer\u0113simies, ka ne jau pirmo reizi pasaule ir nestabila. Skaidrs, ka b\u016bs lieli sasp\u012bl\u0113jumi. Krievijas karam Ukrain\u0101 es neredzu iesp\u0113ju p\u0101rtraukties tuv\u0101kaj\u0101 laik\u0101. Ta\u010du m\u0113s neesam biju\u0161i tik lab\u0101 \u0123eogr\u0101fiskaj\u0101 situ\u0101cij\u0101.<\/p>\n<p>B\u016bdami blakus slepkavnieciskam agresoram?<\/p>\n<p>\u0122eogr\u0101fija vienm\u0113r ir bijusi m\u016bsu probl\u0113ma. Latvijas v\u0113stur\u0113 ir biju\u0161i daudzi gau\u017ei mirk\u013ci. J\u0101, agresors ir blakus un br\u012bvi nodarbojas ar genoc\u012bdu. Bet m\u0113s esam da\u013ca no sp\u0113c\u012bgas Eiropas (t\u0101 var\u0113ja b\u016bt sp\u0113c\u012bg\u0101ka, piekr\u012btu), ir ar\u012b kop\u012bg\u0101 tendence saprast lietas, mums joproj\u0101m ir labas attiec\u012bbas ar ASV. J\u0101, apst\u0101k\u013ci ir skarbi un, visticam\u0101k, tie pasliktin\u0101sies, bet m\u0113s vairs neesam skaidi\u0146a oke\u0101n\u0101, m\u0113s esam da\u013ca no ku\u0123a, kas tom\u0113r m\u0113\u0123ina iet noteikt\u0101 virzien\u0101.<\/p>\n<p>\t\t\t\t\t\tinfo<\/p>\n<p>Uzzini pirmais<br \/>kas interesants noticis Latvij\u0101 un pasaul\u0113,<br \/>pievienojoties mums <a href=\"https:\/\/t.me\/neatkariga\" rel=\"nofollow\">Telegram<\/a> vai <a href=\"https:\/\/whatsapp.com\/channel\/0029VaMLFUH5K3zLU5s4wm3y\" rel=\"nofollow noopener\" target=\"_blank\">Whatsapp<\/a> kan\u0101l\u0101<\/p>\n","protected":false},"excerpt":{"rendered":"\u201cPolitiski idejisk\u0101 jucek\u013ca rezult\u0101ts ir viens: glob\u0101lais l\u012bdzsvars ir izjaukts. T\u0101 k\u0101 v\u0101j\u0101ka ir k\u013cuvusi tikai viena puse&hellip;\n","protected":false},"author":2,"featured_media":92171,"comment_status":"","ping_status":"","sticky":false,"template":"","format":"standard","meta":{"footnotes":""},"categories":[14],"tags":[23,57,28,29,32,33,22,30,31,35,39,38,36,37,34,40,20,26,27,24,25,54,55,56,21,58],"class_list":{"0":"post-92170","1":"post","2":"type-post","3":"status-publish","4":"format-standard","5":"has-post-thumbnail","7":"category-zinas-no-arvalstim","8":"tag-aktualitates","9":"tag-arvalstim","10":"tag-breaking-news","11":"tag-breakingnews","12":"tag-featured-news","13":"tag-featurednews","14":"tag-headlines","15":"tag-latest-news","16":"tag-latestnews","17":"tag-latvia","18":"tag-latvian","19":"tag-latviesu","20":"tag-latviesu-valoda","21":"tag-latviesuvaloda","22":"tag-latvija","23":"tag-lv","24":"tag-news","25":"tag-popularakas-zinas","26":"tag-popularakaszinas","27":"tag-top-stories","28":"tag-topstories","29":"tag-world","30":"tag-world-news","31":"tag-worldnews","32":"tag-zinas","33":"tag-zinas-no-arvalstim"},"share_on_mastodon":{"url":"https:\/\/pubeurope.com\/@lv\/115823691863789263","error":""},"_links":{"self":[{"href":"https:\/\/www.europesays.com\/lv\/wp-json\/wp\/v2\/posts\/92170","targetHints":{"allow":["GET"]}}],"collection":[{"href":"https:\/\/www.europesays.com\/lv\/wp-json\/wp\/v2\/posts"}],"about":[{"href":"https:\/\/www.europesays.com\/lv\/wp-json\/wp\/v2\/types\/post"}],"author":[{"embeddable":true,"href":"https:\/\/www.europesays.com\/lv\/wp-json\/wp\/v2\/users\/2"}],"replies":[{"embeddable":true,"href":"https:\/\/www.europesays.com\/lv\/wp-json\/wp\/v2\/comments?post=92170"}],"version-history":[{"count":0,"href":"https:\/\/www.europesays.com\/lv\/wp-json\/wp\/v2\/posts\/92170\/revisions"}],"wp:featuredmedia":[{"embeddable":true,"href":"https:\/\/www.europesays.com\/lv\/wp-json\/wp\/v2\/media\/92171"}],"wp:attachment":[{"href":"https:\/\/www.europesays.com\/lv\/wp-json\/wp\/v2\/media?parent=92170"}],"wp:term":[{"taxonomy":"category","embeddable":true,"href":"https:\/\/www.europesays.com\/lv\/wp-json\/wp\/v2\/categories?post=92170"},{"taxonomy":"post_tag","embeddable":true,"href":"https:\/\/www.europesays.com\/lv\/wp-json\/wp\/v2\/tags?post=92170"}],"curies":[{"name":"wp","href":"https:\/\/api.w.org\/{rel}","templated":true}]}}