{"id":92183,"date":"2026-01-02T05:06:20","date_gmt":"2026-01-02T05:06:20","guid":{"rendered":"https:\/\/www.europesays.com\/lv\/92183\/"},"modified":"2026-01-02T05:06:20","modified_gmt":"2026-01-02T05:06:20","slug":"riga-gaidama-speciga-vetra-iedzivotaji-tiek-aicinati-but-piesardzigiem-lente-lv","status":"publish","type":"post","link":"https:\/\/www.europesays.com\/lv\/92183\/","title":{"rendered":"R\u012bg\u0101 gaid\u0101ma sp\u0113c\u012bga v\u0113tra; iedz\u012bvot\u0101ji tiek aicin\u0101ti b\u016bt piesardz\u012bgiem\u00a0\u2014\u00a0Lente.lv"},"content":{"rendered":"<p>R\u012bg\u0101 prognoz\u0113ta sp\u0113c\u012bga v\u0113tra<\/p>\n<p>R\u012bg\u0101 sestdienas p\u0113cpusdien\u0101 s\u0101ksies sp\u0113c\u012bga v\u0113tra, kas turpin\u0101sies l\u012bdz sv\u0113tdienas vidum. Latvijas Vides, \u0123eolo\u0123ijas un meteorolo\u0123ijas centrs (LV\u0122MC) ir izsludin\u0101jis oran\u017eo br\u012bdin\u0101jumu par v\u0113ju, kas liecina par potenci\u0101li b\u012bstamiem laikapst\u0101k\u013ciem, kas var rad\u012bt iev\u0113rojamus post\u012bjumus. K\u0101 inform\u0113 port\u0101ls NRA, R\u012bgas pa\u0161vald\u012bbas dienesti ir gatavi gaid\u0101m\u0101s v\u0113tras seku likvid\u0113\u0161anai. M\u0101rti\u0146\u0161 Vilemsons, R\u012bgas domes \u0100r\u0113j\u0101s komunik\u0101cijas noda\u013cas projektu koordinators, inform\u0113ja, ka dienesti ir gatavi rea\u0123\u0113t uz v\u0113tras rad\u012btajiem boj\u0101jumiem.<\/p>\n<p>Iedz\u012bvot\u0101ji aicin\u0101ti uz piesardz\u012bbu<\/p>\n<p>Lai pasarg\u0101tu sevi un savus tuviniekus, k\u0101 ar\u012b netrauc\u0113tu gl\u0101b\u0161anas dienestu darbam, R\u012bgas pa\u0161vald\u012bba stingri aicina iedz\u012bvot\u0101jus bez \u012bpa\u0161as nepiecie\u0161am\u012bbas neuztur\u0113ties \u0101rpus telp\u0101m. \u012apa\u0161i tiek l\u016bgts attur\u0113ties no galvaspils\u0113tas parku, kaps\u0113tu, atp\u016btas zonu un b\u0113rnu rota\u013cu laukumu apmekl\u0113\u0161anas, jo past\u0101v liels risks, ka v\u0113ja d\u0113\u013c var l\u016bzt koki un to zari. \u0160\u0101di gad\u012bjumi ir bie\u017ei v\u0113rojami sp\u0113c\u012bgu v\u0113tru laik\u0101. K\u0101 inform\u0113 port\u0101ls LSM, saska\u0146\u0101 ar meteorologu prognoz\u0113m, v\u0113ja br\u0101zmas sestdienas p\u0113cpusdien\u0101 Latvijas rietumu un centr\u0101lajos re\u0123ionos sasniegs 20-22 metrus sekund\u0113, bet piekrastes rajonos t\u0101s var sasniegt pat 25-28 metrus sekund\u0113. \u0160\u0101di v\u0113ja \u0101trumi tiek raksturoti k\u0101 \u013coti stipra v\u0113tra.<\/p>\n<p>Pa\u0161vald\u012bbas un gl\u0101b\u0161anas dienestu gatav\u012bba<\/p>\n<p>V\u0113tras seku likvid\u0113\u0161an\u0101 kop\u0101 ar Valsts ugunsdz\u0113s\u012bbas un gl\u0101b\u0161anas dienestu (VUGD) str\u0101d\u0101s ar\u012b pa\u0161vald\u012bbas dienestu p\u0101rst\u0101vji. Vi\u0146u uzdevums b\u016bs atbr\u012bvot teritorijas no kritu\u0161ajiem kokiem, labot boj\u0101jumus sabiedrisk\u0101 transporta kontaktt\u012bkliem un veikt citas nepiecie\u0161am\u0101s darb\u012bbas, tostarp monitor\u0113t \u016bdens l\u012bme\u0146a sv\u0101rst\u012bbas. Ja laika apst\u0101k\u013cu rad\u012btie post\u012bjumi apdraud cilv\u0113ku vesel\u012bbu un dz\u012bv\u012bbu, komunik\u0101cijas vai sabiedrisk\u0101 transporta kust\u012bbu, iedz\u012bvot\u0101ji aicin\u0101ti zvan\u012bt uz vienoto \u0101rk\u0101rtas pal\u012bdz\u012bbas t\u0101lru\u0146a numuru 112. T\u0101pat VUGD atg\u0101dina, ka gad\u012bjumos, ja paman\u012bti v\u0113ja nolauzti objekti, koki vai to zari, kas rada b\u012bstam\u012bbu un nepiecie\u0161ama t\u016bl\u012bt\u0113ja r\u012bc\u012bba, j\u0101zvana uz 112. Savuk\u0101rt, ja koks nog\u0101zies, bet nerada t\u016bl\u012bt\u0113ju b\u012bstam\u012bbu vai atrodas priv\u0101t\u0101 teritorij\u0101, iedz\u012bvot\u0101ji aicin\u0101ti zi\u0146ot pa pa\u0161vald\u012bbas vienoto diennakts t\u0101lruni 80001201 vai e-past\u0101 1201@riga.lv, pievienojot nol\u016bzu\u0161\u0101 koka fotofiks\u0101ciju. R\u012bgas pa\u0161vald\u012bba atg\u0101dina, ka sp\u0113c\u012bga v\u0113ja laik\u0101 ir sagaid\u0101ma koku zaru l\u016b\u0161ana un iesp\u0113jama ar\u012b koku g\u0101\u0161an\u0101s, nenostiprin\u0101ti priek\u0161meti var tikt aiznesti pa gaisu, radot boj\u0101jumus un apdraud\u0113jumu person\u012bgajai dro\u0161\u012bbai.<\/p>\n<p>Potenci\u0101lie riski un ieteikumi<\/p>\n<p>Sp\u0113c\u012bgais v\u0113j\u0161 var saboj\u0101t infrastrukt\u016bru, apgr\u016btin\u0101t brauk\u0161anas apst\u0101k\u013cus un izrais\u012bt elektroapg\u0101des trauc\u0113jumus. Piekrastes zon\u0101s vi\u013c\u0146u darb\u012bba var apdraud\u0113t infrastrukt\u016bru un izrais\u012bt izskalojumus. Daudzdz\u012bvok\u013cu m\u0101ju iem\u012btniekiem ieteicams nostiprin\u0101t vai p\u0101rvietot uz dro\u0161u vietu balkonos eso\u0161os priek\u0161metus, kas var\u0113tu rad\u012bt apdraud\u0113jumu. Priv\u0101tm\u0101ju iedz\u012bvot\u0101jiem j\u0101p\u0101rliecin\u0101s, ka pagalmos eso\u0161ie priek\u0161meti ir dro\u0161i nostiprin\u0101ti. Automa\u0161\u012bnas ieteicams novietot dro\u0161\u0101 att\u0101lum\u0101 no kokiem. Nokri\u0161\u0146i main\u012bsies no lietus uz slapju sniegu, un viet\u0101m var izveidoties l\u012bdz p\u0101ris centimetrus bieza sniega sega. V\u0113j\u0161 pak\u0101peniski s\u0101ks pierimt sv\u0113tdien dienas otraj\u0101 pus\u0113.<\/p>\n<p>Iepriek\u0161\u0113j\u0101s v\u0113tru sekas<\/p>\n<p>Pag\u0101ju\u0161\u0101s ned\u0113\u013cas nogal\u0113 R\u012bga jau piedz\u012bvoja v\u0113tru, kas galvaspils\u0113t\u0101 nodar\u012bja da\u017e\u0101dus post\u012bjumus \u2013 tika lauzti koki, boj\u0101ti jumti, apg\u0101ztas ce\u013ca z\u012bmes un boj\u0101tas fas\u0101des. Valsts ugunsdz\u0113s\u012bbas un gl\u0101b\u0161anas dienest\u0101 (VUGD) l\u012bdz sv\u0113tdienas p\u0113cpusdienai sa\u0146\u0113ma vair\u0101k nek\u0101 80 izsaukumu, bet pa\u0161vald\u012bbas zvanu centr\u0101 \u2013 vair\u0101k nek\u0101 100 zi\u0146ojumu. K\u0101 inform\u0113 R\u012bgas pa\u0161vald\u012bba, v\u0113j\u0161 bija boj\u0101jis se\u0161us jumtus, 17 ce\u013caz\u012bmes un 16 luksoforus, t\u0101pat bija apg\u0101ztas barjeras, \u017eogi, rekl\u0101mas stendi, norauti vadi, boj\u0101ti balkoni un fas\u0101des. Cietu\u0161as ar\u012b pieturvietu nojumes un Ziemassv\u0113tku rot\u0101jumi. T\u0101pat tika sa\u0146emti zi\u0146ojumi par 19 izg\u0101ztiem vai nolauztiem kokiem, k\u0101 ar\u012b boj\u0101t\u0101m zem kokiem novietotaj\u0101m automa\u0161\u012bn\u0101m. Atbild\u012bgie dienesti turpin\u0101ja sp\u0113c\u012bg\u0101 v\u0113ja rad\u012bto post\u012bjumu likvid\u0113\u0161anu.<\/p>\n","protected":false},"excerpt":{"rendered":"R\u012bg\u0101 prognoz\u0113ta sp\u0113c\u012bga v\u0113tra R\u012bg\u0101 sestdienas p\u0113cpusdien\u0101 s\u0101ksies sp\u0113c\u012bga v\u0113tra, kas turpin\u0101sies l\u012bdz sv\u0113tdienas vidum. Latvijas Vides, \u0123eolo\u0123ijas&hellip;\n","protected":false},"author":2,"featured_media":92184,"comment_status":"","ping_status":"","sticky":false,"template":"","format":"standard","meta":{"footnotes":""},"categories":[5],"tags":[23,28,29,334,32,33,22,152,30,31,35,39,38,36,37,34,40,20,26,27,10909,24,25,23025,4908,21],"class_list":{"0":"post-92183","1":"post","2":"type-post","3":"status-publish","4":"format-standard","5":"has-post-thumbnail","7":"category-aktualitates","8":"tag-aktualitates","9":"tag-breaking-news","10":"tag-breakingnews","11":"tag-drosiba","12":"tag-featured-news","13":"tag-featurednews","14":"tag-headlines","15":"tag-laika-prognoze","16":"tag-latest-news","17":"tag-latestnews","18":"tag-latvia","19":"tag-latvian","20":"tag-latviesu","21":"tag-latviesu-valoda","22":"tag-latviesuvaloda","23":"tag-latvija","24":"tag-lv","25":"tag-news","26":"tag-popularakas-zinas","27":"tag-popularakaszinas","28":"tag-rigas-pasvaldiba","29":"tag-top-stories","30":"tag-topstories","31":"tag-vetra-riga","32":"tag-vugd","33":"tag-zinas"},"share_on_mastodon":{"url":"https:\/\/pubeurope.com\/@lv\/115823770538696218","error":""},"_links":{"self":[{"href":"https:\/\/www.europesays.com\/lv\/wp-json\/wp\/v2\/posts\/92183","targetHints":{"allow":["GET"]}}],"collection":[{"href":"https:\/\/www.europesays.com\/lv\/wp-json\/wp\/v2\/posts"}],"about":[{"href":"https:\/\/www.europesays.com\/lv\/wp-json\/wp\/v2\/types\/post"}],"author":[{"embeddable":true,"href":"https:\/\/www.europesays.com\/lv\/wp-json\/wp\/v2\/users\/2"}],"replies":[{"embeddable":true,"href":"https:\/\/www.europesays.com\/lv\/wp-json\/wp\/v2\/comments?post=92183"}],"version-history":[{"count":0,"href":"https:\/\/www.europesays.com\/lv\/wp-json\/wp\/v2\/posts\/92183\/revisions"}],"wp:featuredmedia":[{"embeddable":true,"href":"https:\/\/www.europesays.com\/lv\/wp-json\/wp\/v2\/media\/92184"}],"wp:attachment":[{"href":"https:\/\/www.europesays.com\/lv\/wp-json\/wp\/v2\/media?parent=92183"}],"wp:term":[{"taxonomy":"category","embeddable":true,"href":"https:\/\/www.europesays.com\/lv\/wp-json\/wp\/v2\/categories?post=92183"},{"taxonomy":"post_tag","embeddable":true,"href":"https:\/\/www.europesays.com\/lv\/wp-json\/wp\/v2\/tags?post=92183"}],"curies":[{"name":"wp","href":"https:\/\/api.w.org\/{rel}","templated":true}]}}