{"id":92200,"date":"2026-01-02T05:44:10","date_gmt":"2026-01-02T05:44:10","guid":{"rendered":"https:\/\/www.europesays.com\/lv\/92200\/"},"modified":"2026-01-02T05:44:10","modified_gmt":"2026-01-02T05:44:10","slug":"entonijs-dzosua-paliek-nigerija-pec-autoavarijas-kura-gaja-boja-divi-cilveki-lente-lv","status":"publish","type":"post","link":"https:\/\/www.europesays.com\/lv\/92200\/","title":{"rendered":"Entonijs D\u017eo\u0161ua paliek Nig\u0113rij\u0101 p\u0113c autoav\u0101rijas, kur\u0101 g\u0101ja boj\u0101 divi cilv\u0113ki\u00a0\u2014\u00a0Lente.lv"},"content":{"rendered":"<p>Smaga av\u0101rija un boj\u0101g\u0101ju\u0161ie<\/p>\n<p>Britu boksa smag\u0101 svara biju\u0161ais \u010dempions Entonijs D\u017eo\u0161ua pagaid\u0101m uztur\u0113sies Nig\u0113rij\u0101, lai atvese\u013cotos no traum\u0101m, kas g\u016btas p\u0113c tra\u0123iskas autoav\u0101rijas. K\u0101 inform\u0113 telekan\u0101ls EuroNews, D\u017eo\u0161ua ar diviem pavado\u0146iem pirmdien uzbrauca st\u0101vo\u0161ai kravas automa\u0161\u012bnai Lagosas-Ibadan \u0161osej\u0101, kas savieno Ogunas \u0161tatu ar Lagosu. Diem\u017e\u0113l av\u0101rij\u0101 dz\u012bv\u012bbu zaud\u0113ja D\u017eo\u0161ua sp\u0113ka un kondicion\u0113\u0161anas trenera Sina Ghami un trenera Latifa &#8220;Latza&#8221; Ayodele.<\/p>\n<p>Atbr\u012bvo\u0161ana no slimn\u012bcas un cie\u0146a boj\u0101g\u0101ju\u0161ajiem<\/p>\n<p>Bokseris no Lagosas slimn\u012bcas tika izrakst\u012bts tre\u0161dienas p\u0113cpusdien\u0101. P\u0113c izrakst\u012b\u0161anas D\u017eo\u0161ua apmekl\u0113ja morgu, lai izr\u0101d\u012btu cie\u0146u saviem boj\u0101g\u0101ju\u0161ajiem draugiem. Akciju sabiedr\u012bba &#8220;Matchroom Boxing&#8221; izplat\u012bja pazi\u0146ojumu, ka D\u017eo\u0161ua &#8220;p\u0113d\u0113j\u0101s nakts laik\u0101 tika izlaists no slimn\u012bcas un tuv\u0101kaj\u0101s dien\u0101s uztur\u0113sies Nig\u0113rij\u0101&#8221;.<\/p>\n<p>Personisk\u0101s saiknes ar Nig\u0113riju<\/p>\n<p>Entonijam D\u017eo\u0161u ir \u0123imenes saknes Nig\u0113rij\u0101, un b\u0113rn\u012bb\u0101 vi\u0146\u0161 \u012bsu br\u012bdi apmekl\u0113ja intern\u0101tskolu \u0161aj\u0101 valst\u012b. Vi\u0146\u0161 ar\u012b ir Nig\u0113rijas pilsonis. Lagosas \u0161tata inform\u0101cijas komis\u0101rs Gbenga Omotoso tre\u0161dien nor\u0101d\u012bja, ka D\u017eo\u0161ua ir izrakst\u012bts, jo vi\u0146\u0161 ir &#8220;kl\u012bniski piem\u0113rots&#8221; atvese\u013co\u0161anai &#8220;m\u0101j\u0101s&#8221;. Tikai da\u017eas stundas pirms tra\u0123isk\u0101s av\u0101rijas D\u017eo\u0161ua un Ayodele soci\u0101lajos t\u012bklos public\u0113ja video, kur\u0101 vi\u0146i sp\u0113l\u0113 galda tenisu.<\/p>\n","protected":false},"excerpt":{"rendered":"Smaga av\u0101rija un boj\u0101g\u0101ju\u0161ie Britu boksa smag\u0101 svara biju\u0161ais \u010dempions Entonijs D\u017eo\u0161ua pagaid\u0101m uztur\u0113sies Nig\u0113rij\u0101, lai atvese\u013cotos no&hellip;\n","protected":false},"author":2,"featured_media":92201,"comment_status":"","ping_status":"","sticky":false,"template":"","format":"standard","meta":{"footnotes":""},"categories":[17],"tags":[2109,2153,19351,35,39,38,36,37,34,40,8752,23158,67],"class_list":{"0":"post-92200","1":"post","2":"type-post","3":"status-publish","4":"format-standard","5":"has-post-thumbnail","7":"category-sports","8":"tag-autoavarija","9":"tag-bokss","10":"tag-entonijs-dzosua","11":"tag-latvia","12":"tag-latvian","13":"tag-latviesu","14":"tag-latviesu-valoda","15":"tag-latviesuvaloda","16":"tag-latvija","17":"tag-lv","18":"tag-nigerija","19":"tag-smagsvars","20":"tag-sports"},"share_on_mastodon":{"url":"https:\/\/pubeurope.com\/@lv\/115823919923441685","error":""},"_links":{"self":[{"href":"https:\/\/www.europesays.com\/lv\/wp-json\/wp\/v2\/posts\/92200","targetHints":{"allow":["GET"]}}],"collection":[{"href":"https:\/\/www.europesays.com\/lv\/wp-json\/wp\/v2\/posts"}],"about":[{"href":"https:\/\/www.europesays.com\/lv\/wp-json\/wp\/v2\/types\/post"}],"author":[{"embeddable":true,"href":"https:\/\/www.europesays.com\/lv\/wp-json\/wp\/v2\/users\/2"}],"replies":[{"embeddable":true,"href":"https:\/\/www.europesays.com\/lv\/wp-json\/wp\/v2\/comments?post=92200"}],"version-history":[{"count":0,"href":"https:\/\/www.europesays.com\/lv\/wp-json\/wp\/v2\/posts\/92200\/revisions"}],"wp:featuredmedia":[{"embeddable":true,"href":"https:\/\/www.europesays.com\/lv\/wp-json\/wp\/v2\/media\/92201"}],"wp:attachment":[{"href":"https:\/\/www.europesays.com\/lv\/wp-json\/wp\/v2\/media?parent=92200"}],"wp:term":[{"taxonomy":"category","embeddable":true,"href":"https:\/\/www.europesays.com\/lv\/wp-json\/wp\/v2\/categories?post=92200"},{"taxonomy":"post_tag","embeddable":true,"href":"https:\/\/www.europesays.com\/lv\/wp-json\/wp\/v2\/tags?post=92200"}],"curies":[{"name":"wp","href":"https:\/\/api.w.org\/{rel}","templated":true}]}}