{"id":92204,"date":"2026-01-02T05:48:15","date_gmt":"2026-01-02T05:48:15","guid":{"rendered":"https:\/\/www.europesays.com\/lv\/92204\/"},"modified":"2026-01-02T05:48:15","modified_gmt":"2026-01-02T05:48:15","slug":"tris-cilveki-guvusi-nopietnas-traumas-lietojot-pirotehniku-3","status":"publish","type":"post","link":"https:\/\/www.europesays.com\/lv\/92204\/","title":{"rendered":"Tr\u012bs cilv\u0113ki guvu\u0161i nopietnas traumas, lietojot pirotehniku"},"content":{"rendered":"<p>Aizvad\u012btajos sv\u0113tkos tr\u012bs cilv\u0113ki guvu\u0161i nopietnas traumas, lietojot pirotehniku, a\u0123ent\u016bru LETA inform\u0113ja Neatliekam\u0101s medic\u012bnisk\u0101s pal\u012bdz\u012bbas dienest\u0101.<\/p>\n<p>Dienests aizvad\u012btaj\u0101 diennakt\u012b sa\u0146\u0113ma 1003 izsaukumus, kas b\u016btiski neat\u0161\u0137iras no izsaukumu skaita ierast\u0101s br\u012bvdien\u0101s, tom\u0113r tr\u012bs izsaukumi biju\u0161i saist\u012bb\u0101 ar pirotehniku, skaidroja dienest\u0101.<\/p>\n<p>Divos gad\u012bjumos petardes uzspr\u0101ga jauniem v\u012brie\u0161iem, 25 un 26 gadus veciem, pie sejas, t\u0101d\u0113\u013c g\u016btas nopietnas sejas traumas, tostarp br\u016bces, sejas apdegumi un acu boj\u0101jumi. Abos gad\u012bjumos darbo\u0161an\u0101s ar pirotehniku bijusi alkohola reibum\u0101.<\/p>\n<p>Tre\u0161aj\u0101 gad\u012bjum\u0101 cieta nepilngad\u012bgais &#8211; 17 gadus vecam z\u0113nam pirotehnika eksplod\u0113ja rok\u0101, radot plaukstas pirkstu traumas, tostarp apdegumus.<\/p>\n<p>\n                            Valodas k\u013c\u016bda rakst\u0101?<br \/>Iez\u012bm\u0113jiet tekstu un spiediet Zi\u0146ot par k\u013c\u016bdu pogas   , lai nos\u016bt\u012btu labojamo teksta fragmentu redaktoram!<\/p>\n<p>                                Zi\u0146ot par k\u013c\u016bdu<\/p>\n","protected":false},"excerpt":{"rendered":"Aizvad\u012btajos sv\u0113tkos tr\u012bs cilv\u0113ki guvu\u0161i nopietnas traumas, lietojot pirotehniku, a\u0123ent\u016bru LETA inform\u0113ja Neatliekam\u0101s medic\u012bnisk\u0101s pal\u012bdz\u012bbas dienest\u0101. Dienests aizvad\u012btaj\u0101&hellip;\n","protected":false},"author":2,"featured_media":92205,"comment_status":"","ping_status":"","sticky":false,"template":"","format":"standard","meta":{"footnotes":""},"categories":[5],"tags":[23,28,29,32,33,22,30,31,35,39,38,36,37,34,40,20,26,27,24,25,21],"class_list":{"0":"post-92204","1":"post","2":"type-post","3":"status-publish","4":"format-standard","5":"has-post-thumbnail","7":"category-aktualitates","8":"tag-aktualitates","9":"tag-breaking-news","10":"tag-breakingnews","11":"tag-featured-news","12":"tag-featurednews","13":"tag-headlines","14":"tag-latest-news","15":"tag-latestnews","16":"tag-latvia","17":"tag-latvian","18":"tag-latviesu","19":"tag-latviesu-valoda","20":"tag-latviesuvaloda","21":"tag-latvija","22":"tag-lv","23":"tag-news","24":"tag-popularakas-zinas","25":"tag-popularakaszinas","26":"tag-top-stories","27":"tag-topstories","28":"tag-zinas"},"share_on_mastodon":{"url":"https:\/\/pubeurope.com\/@lv\/115823935679709551","error":""},"_links":{"self":[{"href":"https:\/\/www.europesays.com\/lv\/wp-json\/wp\/v2\/posts\/92204","targetHints":{"allow":["GET"]}}],"collection":[{"href":"https:\/\/www.europesays.com\/lv\/wp-json\/wp\/v2\/posts"}],"about":[{"href":"https:\/\/www.europesays.com\/lv\/wp-json\/wp\/v2\/types\/post"}],"author":[{"embeddable":true,"href":"https:\/\/www.europesays.com\/lv\/wp-json\/wp\/v2\/users\/2"}],"replies":[{"embeddable":true,"href":"https:\/\/www.europesays.com\/lv\/wp-json\/wp\/v2\/comments?post=92204"}],"version-history":[{"count":0,"href":"https:\/\/www.europesays.com\/lv\/wp-json\/wp\/v2\/posts\/92204\/revisions"}],"wp:featuredmedia":[{"embeddable":true,"href":"https:\/\/www.europesays.com\/lv\/wp-json\/wp\/v2\/media\/92205"}],"wp:attachment":[{"href":"https:\/\/www.europesays.com\/lv\/wp-json\/wp\/v2\/media?parent=92204"}],"wp:term":[{"taxonomy":"category","embeddable":true,"href":"https:\/\/www.europesays.com\/lv\/wp-json\/wp\/v2\/categories?post=92204"},{"taxonomy":"post_tag","embeddable":true,"href":"https:\/\/www.europesays.com\/lv\/wp-json\/wp\/v2\/tags?post=92204"}],"curies":[{"name":"wp","href":"https:\/\/api.w.org\/{rel}","templated":true}]}}