{"id":92210,"date":"2026-01-02T06:05:07","date_gmt":"2026-01-02T06:05:07","guid":{"rendered":"https:\/\/www.europesays.com\/lv\/92210\/"},"modified":"2026-01-02T06:05:07","modified_gmt":"2026-01-02T06:05:07","slug":"limbazu-novada-mainisies-maksa-par-neskirotu-sadzives-atkritumu-izvesanu","status":"publish","type":"post","link":"https:\/\/www.europesays.com\/lv\/92210\/","title":{"rendered":"Limba\u017eu novad\u0101 main\u012bsies maksa par ne\u0161\u0137irotu sadz\u012bves atkritumu izve\u0161anu"},"content":{"rendered":"<p>Atkritumu apsaimnieko\u0161anas maksas palielin\u0101\u0161ana saist\u012bta ar pieaugu\u0161\u0101m atkritumu apsaimnieko\u0161anas izmaks\u0101m \u2013 ieguld\u012bjumiem dal\u012bti v\u0101kto atkritumu infrastrukt\u016br\u0101, datu b\u0101zu un re\u0123istru uztur\u0113\u0161an\u0101, minim\u0101l\u0101s darba algas un infl\u0101cijas pieaugumu, k\u0101 ar\u012b Sabiedrisko pakalpojumu regul\u0113\u0161anas komisijas apstiprin\u0101to augst\u0101ku ne\u0161\u0137irotu sadz\u012bves atkritumu apstr\u0101des tarifu. No 2026. gada 1. janv\u0101ra jaunais tarifs b\u016bs 151,44 euro\/tonn\u0101.<\/p>\n","protected":false},"excerpt":{"rendered":"Atkritumu apsaimnieko\u0161anas maksas palielin\u0101\u0161ana saist\u012bta ar pieaugu\u0161\u0101m atkritumu apsaimnieko\u0161anas izmaks\u0101m \u2013 ieguld\u012bjumiem dal\u012bti v\u0101kto atkritumu infrastrukt\u016br\u0101, datu b\u0101zu&hellip;\n","protected":false},"author":2,"featured_media":92211,"comment_status":"","ping_status":"","sticky":false,"template":"","format":"standard","meta":{"footnotes":""},"categories":[12],"tags":[23,28,29,32,33,22,30,31,35,39,38,36,37,34,40,20,26,27,24,25,21],"class_list":{"0":"post-92210","1":"post","2":"type-post","3":"status-publish","4":"format-standard","5":"has-post-thumbnail","7":"category-latvija","8":"tag-aktualitates","9":"tag-breaking-news","10":"tag-breakingnews","11":"tag-featured-news","12":"tag-featurednews","13":"tag-headlines","14":"tag-latest-news","15":"tag-latestnews","16":"tag-latvia","17":"tag-latvian","18":"tag-latviesu","19":"tag-latviesu-valoda","20":"tag-latviesuvaloda","21":"tag-latvija","22":"tag-lv","23":"tag-news","24":"tag-popularakas-zinas","25":"tag-popularakaszinas","26":"tag-top-stories","27":"tag-topstories","28":"tag-zinas"},"share_on_mastodon":{"url":"https:\/\/pubeurope.com\/@lv\/115824002491094096","error":""},"_links":{"self":[{"href":"https:\/\/www.europesays.com\/lv\/wp-json\/wp\/v2\/posts\/92210","targetHints":{"allow":["GET"]}}],"collection":[{"href":"https:\/\/www.europesays.com\/lv\/wp-json\/wp\/v2\/posts"}],"about":[{"href":"https:\/\/www.europesays.com\/lv\/wp-json\/wp\/v2\/types\/post"}],"author":[{"embeddable":true,"href":"https:\/\/www.europesays.com\/lv\/wp-json\/wp\/v2\/users\/2"}],"replies":[{"embeddable":true,"href":"https:\/\/www.europesays.com\/lv\/wp-json\/wp\/v2\/comments?post=92210"}],"version-history":[{"count":0,"href":"https:\/\/www.europesays.com\/lv\/wp-json\/wp\/v2\/posts\/92210\/revisions"}],"wp:featuredmedia":[{"embeddable":true,"href":"https:\/\/www.europesays.com\/lv\/wp-json\/wp\/v2\/media\/92211"}],"wp:attachment":[{"href":"https:\/\/www.europesays.com\/lv\/wp-json\/wp\/v2\/media?parent=92210"}],"wp:term":[{"taxonomy":"category","embeddable":true,"href":"https:\/\/www.europesays.com\/lv\/wp-json\/wp\/v2\/categories?post=92210"},{"taxonomy":"post_tag","embeddable":true,"href":"https:\/\/www.europesays.com\/lv\/wp-json\/wp\/v2\/tags?post=92210"}],"curies":[{"name":"wp","href":"https:\/\/api.w.org\/{rel}","templated":true}]}}