{"id":92239,"date":"2026-01-02T06:50:07","date_gmt":"2026-01-02T06:50:07","guid":{"rendered":"https:\/\/www.europesays.com\/lv\/92239\/"},"modified":"2026-01-02T06:50:07","modified_gmt":"2026-01-02T06:50:07","slug":"latvijas-u20-hokejisti-pret-zviedriju-dodas-cina-par-pasaules-cempionata-pusfinalu","status":"publish","type":"post","link":"https:\/\/www.europesays.com\/lv\/92239\/","title":{"rendered":"Latvijas U20 hokejisti pret Zviedriju dodas c\u012b\u0146\u0101 par pasaules \u010dempion\u0101ta pusfin\u0101lu"},"content":{"rendered":"<p>Latvijas hokejisti pirmaj\u0101 ma\u010d\u0101 ar <a href=\"https:\/\/tv3.lv\/sports\/hokejs\/latvijas-u20-hokeja-izlase-pasaules-cempionata-pirmaja-maca-izrauj-punktu-pret-kanadu\/\" rel=\"nofollow noopener\" target=\"_blank\">1:2 papildlaik\u0101 zaud\u0113ja Kan\u0101dai<\/a>, otraj\u0101 c\u012b\u0146\u0101 ar <a href=\"https:\/\/tv3.lv\/sports\/hokejs\/pasaules-cempionata-otraja-spele-latvijas-u20-hokejisti-kapitule-vicecempionei-somijai\/\" rel=\"nofollow noopener\" target=\"_blank\">0:8 kapitul\u0113ja Somijai<\/a>, turpin\u0101jum\u0101 ar <a href=\"https:\/\/tv3.lv\/sports\/hokejs\/latvijas-u20-hokeja-izlase-apber-daniju-ar-metienu-krusu-un-ieklust-ceturtdalfinala\/\" rel=\"nofollow noopener\" target=\"_blank\">6:3 p\u0101rsp\u0113ja D\u0101niju<\/a>, nodro\u0161inot vietu ceturtda\u013cfin\u0101l\u0101, bet c\u012b\u0146\u0101 par tre\u0161o vietu grup\u0101 ar <a href=\"https:\/\/tv3.lv\/sports\/hokejs\/latvijas-u20-hokeja-izlase-siva-cina-piekapjas-cehijai\/\" rel=\"nofollow noopener\" target=\"_blank\">2:4 piek\u0101p\u0101s \u010cehijai<\/a>.<\/p>\n<p>Zviedri grupu turn\u012bru nosl\u0113dza bez zaud\u0113tiem punktiem, sp\u0113\u013cu pamatlaikos p\u0101rsp\u0113jot Slov\u0101kiju 3:2, \u0160veici 4:2, V\u0101ciju 8:1 un ASV 6:3.<\/p>\n<p>P\u0101r\u0113jos ceturtda\u013cfin\u0101los 23.30 tiksies \u010cehija ar \u0160veici, 1.00 ASV ar Somiju un 3.30 Kan\u0101da ar Slov\u0101kiju. Pusfin\u0101la p\u0101ri tiks veidoti, komandas izs\u0113jot p\u0113c ceturtda\u013cfin\u0101la.<\/p>\n<p>Piektdien 19.30 V\u0101cija ar D\u0101niju sp\u0113kosies par palik\u0161anu augst\u0101kaj\u0101 div\u012bzij\u0101. \u0160\u012b ma\u010da zaud\u0113t\u0101ju n\u0101kam\u0101 gada meistarsac\u012bkst\u0113s aizst\u0101s Norv\u0113\u0123ija.<\/p>\n<p>Latvijas U20 izlase sp\u0113c\u012bg\u0101kaj\u0101 div\u012bzij\u0101 sp\u0113l\u0113 piekto gadu p\u0113c k\u0101rtas. Trijos no iepriek\u0161\u0113jiem \u010detriem turn\u012briem latvie\u0161i iek\u013cuva ceturtda\u013cfin\u0101l\u0101, bet reizi (2023. gad\u0101) sp\u0113l\u0113ja par vietas saglab\u0101\u0161anu elit\u0113.<\/p>\n<p class=\"tv3-fw-500\">Zi\u0146o par k\u013c\u016bdu rakst\u0101<\/p>\n<p class=\"d-md-block d-none\">Iez\u012bm\u0113 k\u013c\u016bdaino tekstu un spied Ctrl+Enter.<\/p>\n<p class=\"d-md-none d-block\">Iez\u012bm\u0113 k\u013c\u016bdaino tekstu un zi\u0146o par to!<\/p>\n","protected":false},"excerpt":{"rendered":"Latvijas hokejisti pirmaj\u0101 ma\u010d\u0101 ar 1:2 papildlaik\u0101 zaud\u0113ja Kan\u0101dai, otraj\u0101 c\u012b\u0146\u0101 ar 0:8 kapitul\u0113ja Somijai, turpin\u0101jum\u0101 ar 6:3&hellip;\n","protected":false},"author":2,"featured_media":92240,"comment_status":"","ping_status":"","sticky":false,"template":"","format":"standard","meta":{"footnotes":""},"categories":[17],"tags":[22218,35,39,38,36,37,34,40,67],"class_list":{"0":"post-92239","1":"post","2":"type-post","3":"status-publish","4":"format-standard","5":"has-post-thumbnail","7":"category-sports","8":"tag-iihflatvijas-u20-izlase-hokejau20-pasaules-cempionats-hokeja","9":"tag-latvia","10":"tag-latvian","11":"tag-latviesu","12":"tag-latviesu-valoda","13":"tag-latviesuvaloda","14":"tag-latvija","15":"tag-lv","16":"tag-sports"},"share_on_mastodon":{"url":"https:\/\/pubeurope.com\/@lv\/115824179450981408","error":""},"_links":{"self":[{"href":"https:\/\/www.europesays.com\/lv\/wp-json\/wp\/v2\/posts\/92239","targetHints":{"allow":["GET"]}}],"collection":[{"href":"https:\/\/www.europesays.com\/lv\/wp-json\/wp\/v2\/posts"}],"about":[{"href":"https:\/\/www.europesays.com\/lv\/wp-json\/wp\/v2\/types\/post"}],"author":[{"embeddable":true,"href":"https:\/\/www.europesays.com\/lv\/wp-json\/wp\/v2\/users\/2"}],"replies":[{"embeddable":true,"href":"https:\/\/www.europesays.com\/lv\/wp-json\/wp\/v2\/comments?post=92239"}],"version-history":[{"count":0,"href":"https:\/\/www.europesays.com\/lv\/wp-json\/wp\/v2\/posts\/92239\/revisions"}],"wp:featuredmedia":[{"embeddable":true,"href":"https:\/\/www.europesays.com\/lv\/wp-json\/wp\/v2\/media\/92240"}],"wp:attachment":[{"href":"https:\/\/www.europesays.com\/lv\/wp-json\/wp\/v2\/media?parent=92239"}],"wp:term":[{"taxonomy":"category","embeddable":true,"href":"https:\/\/www.europesays.com\/lv\/wp-json\/wp\/v2\/categories?post=92239"},{"taxonomy":"post_tag","embeddable":true,"href":"https:\/\/www.europesays.com\/lv\/wp-json\/wp\/v2\/tags?post=92239"}],"curies":[{"name":"wp","href":"https:\/\/api.w.org\/{rel}","templated":true}]}}