{"id":92251,"date":"2026-01-02T07:16:23","date_gmt":"2026-01-02T07:16:23","guid":{"rendered":"https:\/\/www.europesays.com\/lv\/92251\/"},"modified":"2026-01-02T07:16:23","modified_gmt":"2026-01-02T07:16:23","slug":"zelenskis-vesture-nav-bijis-neviena-kara-ko-krievija-izbeigtu-pec-savas-velesanas-1188-lv","status":"publish","type":"post","link":"https:\/\/www.europesays.com\/lv\/92251\/","title":{"rendered":"Zelenskis: V\u0113stur\u0113 nav bijis neviena kara, ko Krievija izbeigtu p\u0113c savas v\u0113l\u0113\u0161an\u0101s &#8211; 1188.lv"},"content":{"rendered":"<ol>\n<li><a href=\"https:\/\/news.google.com\/rss\/articles\/CBMiswFBVV95cUxPSlNXSF9mRXhZZ3hVeDlER0VVYXlSOEZLYnh0YUU0enlhX3RvdHZOUHY3U3p3N004TU1KQkE1REVQdkZER01RZ3E2VEVudkxDZ3h5ckM0STdlRVlMelZ2N3dXRXpPS0p3NVo2b2xBZ2RJbHlxdmg4VVd4aVlGZG91SVc0Y3NnR0FEVXk5bm5VOGI3dEtXbEZNME0yVHRhUzR2R3F1alR5Qk1adEoyQ1hLUHNiUQ?oc=5\" target=\"_blank\" rel=\"nofollow noopener\">Zelenskis: V\u0113stur\u0113 nav bijis neviena kara, ko Krievija izbeigtu p\u0113c savas v\u0113l\u0113\u0161an\u0101s<\/a>&nbsp;&nbsp;1188.lv<\/li>\n<li><a href=\"https:\/\/news.google.com\/rss\/articles\/CBMixgFBVV95cUxNb2VWNldFZ3NRQUtDWHlQb1ZtTC1Ld1hLNjRpTmx5UzFtVzBrMTZZd05tSUk1Qi1IdEgyT0FTQy1zemdCWWdFc3JCVjE5OG9fcjBwVEJ6eVVnSlE1MVFQWTltYWdadERpeHlfbnJtOVU1TThpcm9kWHRXM0Eyc0FWYmtfQk50bWFqeldYbGJ2ZWZ3VHlUUXJKVDIzV1dvU2UzcjFscU13QjBYcmRxdGFmdGR2TXhaa040aHdxajdxZEhMRkZBTVE?oc=5\" target=\"_blank\" rel=\"nofollow noopener\">Zelenskis Jaungada uzrun\u0101: Ukraina v\u0113las mieru, bet ne par katru cenu \/ Raksts<\/a>&nbsp;&nbsp;LSM<\/li>\n<li><a href=\"https:\/\/news.google.com\/rss\/articles\/CBMioAFBVV95cUxOLUVLRnNTdldRYklYamFSZ2VtbDJUZTdROG92WnhrSU9XVXd4OEdpWWcxa2xZdEpacndjdExKM2VKN0swM3N2cldXV2doMUY3VnVqbDR2eVVoNUM0Vm5CN0VFYVh2QmcwTUpwaERQU0dxd1BfSDFTVDBxSHZXLXRqWFNLTXJkM1NOcV9vbTVudFVvcDZYVWdqZGhSdEtuamYz?oc=5\" target=\"_blank\" rel=\"nofollow noopener\">Donbasa iedz\u012bvot\u0101ji TV3 Zi\u0146\u0101m: Krievi m\u016bs \u201catbr\u012bvo\u201d no norm\u0101las dz\u012bves<\/a>&nbsp;&nbsp;tv3.lv<\/li>\n<li><a href=\"https:\/\/news.google.com\/rss\/articles\/CBMirwFBVV95cUxPTGVObzFTbTFvNFZfQWRNWXBtX1NBT2tIRVI0MVBGbV8tN0hxSVhKOXhuNEl3V0IwRmdqLU93RlMyN0hfVFdQN3prblIwUGRoRlVfXzFkTUh3RDdOa0RJTVVmUVZyYy1zVHB0dWdGY3NZZkpPUkMtS2RKa1JoWEdMMkVlcUVlM3NYQWhqakJaY3c2NTFWODdhdGFTaGFsLU5Ib1FaT284RVpzTkpGVzZN?oc=5\" target=\"_blank\" rel=\"nofollow noopener\">\u201cKaut vi\u0146\u0161 nospr\u0101gtu!\u201d Zelenskis netaupa emocijas sav\u0101 Ziemassv\u0113tku uzrun\u0101<\/a>&nbsp;&nbsp;Jauns.lv<\/li>\n<li><a href=\"https:\/\/news.google.com\/rss\/articles\/CBMikwFBVV95cUxObWowUFg5dmFwM3F2SXIzTjZiNDR4UV95emE0dEhxUFNQOHRVaXd0ZVoxLTlxUGt6VkdUdG9WbkkwRjgxdUhrNnhtZWhOelB2SkFJeWMtSlNYczRRLWZkNlo4UWtMOGN2bWk4b2E0Vkg5YzVVSDJKN0hvTnFlM0RoOEtmYlFjVVZSMnNYYzR1NXIwdFk?oc=5\" target=\"_blank\" rel=\"nofollow noopener\">\u201cKaut vi\u0146\u0161 nomirtu!\u201d Zelenskis Ziemassv\u0113tku uzrun\u0101 izsaka ukrai\u0146u kop\u012bgo sapni<\/a>&nbsp;&nbsp;NRA<\/li>\n<\/ol>\n","protected":false},"excerpt":{"rendered":"Zelenskis: V\u0113stur\u0113 nav bijis neviena kara, ko Krievija izbeigtu p\u0113c savas v\u0113l\u0113\u0161an\u0101s&nbsp;&nbsp;1188.lv Zelenskis Jaungada uzrun\u0101: Ukraina v\u0113las mieru,&hellip;\n","protected":false},"author":2,"featured_media":92252,"comment_status":"","ping_status":"","sticky":false,"template":"","format":"standard","meta":{"footnotes":""},"categories":[14],"tags":[129,470,473,23,57,28,29,32,33,22,30,31,35,39,38,36,37,34,40,20,26,27,471,474,472,475,24,25,54,55,56,21,58],"class_list":{"0":"post-92251","1":"post","2":"type-post","3":"status-publish","4":"format-standard","5":"has-post-thumbnail","7":"category-zinas-no-arvalstim","8":"tag-__typenameadvicekeyword","9":"tag-id532","10":"tag-id549","11":"tag-aktualitates","12":"tag-arvalstim","13":"tag-breaking-news","14":"tag-breakingnews","15":"tag-featured-news","16":"tag-featurednews","17":"tag-headlines","18":"tag-latest-news","19":"tag-latestnews","20":"tag-latvia","21":"tag-latvian","22":"tag-latviesu","23":"tag-latviesu-valoda","24":"tag-latviesuvaloda","25":"tag-latvija","26":"tag-lv","27":"tag-news","28":"tag-popularakas-zinas","29":"tag-popularakaszinas","30":"tag-slugkars-ukraina","31":"tag-slugkrievijas-iebrukums-ukraina","32":"tag-titlekars-ukraina","33":"tag-titlekrievijas-iebrukums-ukraina","34":"tag-top-stories","35":"tag-topstories","36":"tag-world","37":"tag-world-news","38":"tag-worldnews","39":"tag-zinas","40":"tag-zinas-no-arvalstim"},"share_on_mastodon":{"url":"","error":"Validation failed: Text character limit of 500 exceeded"},"_links":{"self":[{"href":"https:\/\/www.europesays.com\/lv\/wp-json\/wp\/v2\/posts\/92251","targetHints":{"allow":["GET"]}}],"collection":[{"href":"https:\/\/www.europesays.com\/lv\/wp-json\/wp\/v2\/posts"}],"about":[{"href":"https:\/\/www.europesays.com\/lv\/wp-json\/wp\/v2\/types\/post"}],"author":[{"embeddable":true,"href":"https:\/\/www.europesays.com\/lv\/wp-json\/wp\/v2\/users\/2"}],"replies":[{"embeddable":true,"href":"https:\/\/www.europesays.com\/lv\/wp-json\/wp\/v2\/comments?post=92251"}],"version-history":[{"count":0,"href":"https:\/\/www.europesays.com\/lv\/wp-json\/wp\/v2\/posts\/92251\/revisions"}],"wp:featuredmedia":[{"embeddable":true,"href":"https:\/\/www.europesays.com\/lv\/wp-json\/wp\/v2\/media\/92252"}],"wp:attachment":[{"href":"https:\/\/www.europesays.com\/lv\/wp-json\/wp\/v2\/media?parent=92251"}],"wp:term":[{"taxonomy":"category","embeddable":true,"href":"https:\/\/www.europesays.com\/lv\/wp-json\/wp\/v2\/categories?post=92251"},{"taxonomy":"post_tag","embeddable":true,"href":"https:\/\/www.europesays.com\/lv\/wp-json\/wp\/v2\/tags?post=92251"}],"curies":[{"name":"wp","href":"https:\/\/api.w.org\/{rel}","templated":true}]}}