{"id":9226,"date":"2025-10-01T02:13:06","date_gmt":"2025-10-01T02:13:06","guid":{"rendered":"https:\/\/www.europesays.com\/lv\/9226\/"},"modified":"2025-10-01T02:13:06","modified_gmt":"2025-10-01T02:13:06","slug":"ek-pieskir-42-miljonus-eiro-latvijas-lauksaimniekiem-lai-mazinatu-laikapstaklu-raditos-postijumus-lente-lv","status":"publish","type":"post","link":"https:\/\/www.europesays.com\/lv\/9226\/","title":{"rendered":"EK pie\u0161\u0137ir 4,2 miljonus eiro Latvijas lauksaimniekiem, lai mazin\u0101tu laikapst\u0101k\u013cu rad\u012btos post\u012bjumus\u00a0\u2014\u00a0Lente.lv"},"content":{"rendered":"<p>Eiropas Komisijas finansi\u0101lais gl\u0101bi\u0146\u0161 Latvijas lauksaimniekiem<\/p>\n<p>\u0160\u012b gada posto\u0161ie laikapst\u0101k\u013ci, kas izpaud\u0101s gan k\u0101 pavasara salnas, gan k\u0101 vasaras lietavas, ir rad\u012bju\u0161i iev\u0113rojamus zaud\u0113jumus Latvijas lauksaimniec\u012bbas nozar\u0113. Rea\u0123\u0113jot uz \u0161o kr\u012bzes situ\u0101ciju, Eiropas Komisija (EK) ir pie\u0161\u0137\u012brusi 4,2 miljonus eiro k\u0101 \u0101rk\u0101rtas atbalstu, lai pal\u012bdz\u0113tu lauksaimniekiem mazin\u0101t dabas stihiju rad\u012btos post\u012bjumus un atjaunot savu saimniec\u012bbu darb\u012bbu. \u0160is solis ir svar\u012bgs apliecin\u0101jums Eiropas Savien\u012bbas (ES) solidarit\u0101tei ar Latvijas zemniekiem, kuri sask\u0101ru\u0161ies ar nepieredz\u0113tiem izaicin\u0101jumiem.<\/p>\n<p>Laikapst\u0101k\u013cu rad\u012bto post\u012bjumu apm\u0113rs<\/p>\n<p>\u0160\u012b gada neolamv\u0113jamie laikapst\u0101k\u013ci, s\u0101kot ar saln\u0101m pavasar\u012b, kas sk\u0101ra aug\u013cud\u0101rzus un ogul\u0101jus, un turpinot ar ilgsto\u0161\u0101m lietav\u0101m vasaras otraj\u0101 pus\u0113, kas izrais\u012bja pl\u016bdus un p\u0101rmitrin\u0101tu augsni, ir piln\u012bb\u0101 vai da\u013c\u0113ji izpost\u012bju\u0161i daudzas kult\u016bras. Lauku atbalsta dienesta dati liecina, ka zaud\u0113jumi potenci\u0101li var\u0113tu sasniegt pat 93 miljonus eiro, skarot graudkopjus, d\u0101rze\u0146kopjus un aug\u013ckopjus. \u0160\u012b situ\u0101cija ir rad\u012bjusi nopietnas ba\u017eas par saimniec\u012bbu sp\u0113ju izpild\u012bt savas finansi\u0101l\u0101s un l\u012bgumsaist\u012bbas.<\/p>\n<p>Atbalsta meh\u0101nisms un izmaksa<\/p>\n<p>Pie\u0161\u0137irtais 4,2 miljonu eiro atbalsts tiks novirz\u012bts tie\u0161i tiem lauksaimniekiem, kuri visvair\u0101k cietu\u0161i no \u0161\u012b gada dabas katastrof\u0101m. Zemkop\u012bbas ministrija jau ir uzs\u0101kusi darbu pie atbalsta izmaksas nosac\u012bjumu izstr\u0101des un pl\u0101no sadarboties ar lauksaimnieku organiz\u0101cij\u0101m, lai nodro\u0161in\u0101tu efekt\u012bvu un taisn\u012bgu l\u012bdzek\u013cu sadali. Galvenais m\u0113r\u0137is ir pal\u012bdz\u0113t nozarei atg\u016bties un stiprin\u0101t t\u0101s notur\u012bbu pret turpm\u0101k\u0101m klimata p\u0101rmai\u0146\u0101m. Finans\u0113jums ir j\u0101izmaks\u0101 l\u012bdz 2026. gada 30. apr\u012blim.<\/p>\n","protected":false},"excerpt":{"rendered":"Eiropas Komisijas finansi\u0101lais gl\u0101bi\u0146\u0161 Latvijas lauksaimniekiem \u0160\u012b gada posto\u0161ie laikapst\u0101k\u013ci, kas izpaud\u0101s gan k\u0101 pavasara salnas, gan k\u0101&hellip;\n","protected":false},"author":2,"featured_media":9227,"comment_status":"","ping_status":"","sticky":false,"template":"","format":"standard","meta":{"footnotes":""},"categories":[5],"tags":[23,28,29,512,3605,32,33,22,30,31,35,39,38,36,37,34,3604,40,3606,20,26,27,24,25,3607,21],"class_list":{"0":"post-9226","1":"post","2":"type-post","3":"status-publish","4":"format-standard","5":"has-post-thumbnail","7":"category-aktualitates","8":"tag-aktualitates","9":"tag-breaking-news","10":"tag-breakingnews","11":"tag-eiropas-komisija","12":"tag-es-atbalsts","13":"tag-featured-news","14":"tag-featurednews","15":"tag-headlines","16":"tag-latest-news","17":"tag-latestnews","18":"tag-latvia","19":"tag-latvian","20":"tag-latviesu","21":"tag-latviesu-valoda","22":"tag-latviesuvaloda","23":"tag-latvija","24":"tag-latvijas-lauksaimnieki","25":"tag-lv","26":"tag-nelabveligi-laikapstakli","27":"tag-news","28":"tag-popularakas-zinas","29":"tag-popularakaszinas","30":"tag-top-stories","31":"tag-topstories","32":"tag-zemkopibas-ministrija","33":"tag-zinas"},"share_on_mastodon":{"url":"","error":""},"_links":{"self":[{"href":"https:\/\/www.europesays.com\/lv\/wp-json\/wp\/v2\/posts\/9226","targetHints":{"allow":["GET"]}}],"collection":[{"href":"https:\/\/www.europesays.com\/lv\/wp-json\/wp\/v2\/posts"}],"about":[{"href":"https:\/\/www.europesays.com\/lv\/wp-json\/wp\/v2\/types\/post"}],"author":[{"embeddable":true,"href":"https:\/\/www.europesays.com\/lv\/wp-json\/wp\/v2\/users\/2"}],"replies":[{"embeddable":true,"href":"https:\/\/www.europesays.com\/lv\/wp-json\/wp\/v2\/comments?post=9226"}],"version-history":[{"count":0,"href":"https:\/\/www.europesays.com\/lv\/wp-json\/wp\/v2\/posts\/9226\/revisions"}],"wp:featuredmedia":[{"embeddable":true,"href":"https:\/\/www.europesays.com\/lv\/wp-json\/wp\/v2\/media\/9227"}],"wp:attachment":[{"href":"https:\/\/www.europesays.com\/lv\/wp-json\/wp\/v2\/media?parent=9226"}],"wp:term":[{"taxonomy":"category","embeddable":true,"href":"https:\/\/www.europesays.com\/lv\/wp-json\/wp\/v2\/categories?post=9226"},{"taxonomy":"post_tag","embeddable":true,"href":"https:\/\/www.europesays.com\/lv\/wp-json\/wp\/v2\/tags?post=9226"}],"curies":[{"name":"wp","href":"https:\/\/api.w.org\/{rel}","templated":true}]}}