{"id":92263,"date":"2026-01-02T07:36:07","date_gmt":"2026-01-02T07:36:07","guid":{"rendered":"https:\/\/www.europesays.com\/lv\/92263\/"},"modified":"2026-01-02T07:36:07","modified_gmt":"2026-01-02T07:36:07","slug":"latvijas-majoklu-cenas-joprojam-ir-30-40-zemakas-neka-lietuva-vai-igaunija-norada-yit-latvija","status":"publish","type":"post","link":"https:\/\/www.europesays.com\/lv\/92263\/","title":{"rendered":"Latvijas m\u0101jok\u013cu cenas joproj\u0101m ir 30-40% zem\u0101kas nek\u0101 Lietuv\u0101 vai Igaunij\u0101, nor\u0101da &#8220;YIT Latvija&#8221;"},"content":{"rendered":"<p>Komp\u0101nija turpin\u0101s darbu ar\u012b pie &#8220;YIT Latvija&#8221; l\u012bdz \u0161im v\u0113rien\u012bg\u0101k\u0101 projekta &#8211; &#8220;Rub\u012bns&#8221; Zolit\u016bd\u0113. &#8220;YIT Latvija&#8221; 2026. gad\u0101 pl\u0101no akt\u012bvi turpin\u0101t darbu pie t\u0101diem jau s\u0101ktiem projektiem k\u0101 &#8220;Silvas nami&#8221; Purvciem\u0101 un &#8220;M\u0101rpagalmi&#8221; \u0100genskaln\u0101, t\u0101pat iecer\u0113ti ar\u012b jaunu projektu b\u016bvniec\u012bbas pieteikumi, t\u0101d\u0113j\u0101di sekm\u0113jot dz\u012bvojam\u0101 fonda att\u012bst\u012bbu Latvij\u0101.<\/p>\n<p>Jau v\u0113st\u012bts, ka &#8220;YIT Latvija&#8221; apgroz\u012bjums 2024. gad\u0101 bija 35,246 miljoni eiro, kas ir 2,4 reizes vair\u0101k nek\u0101 2023. gad\u0101, bet uz\u0146\u0113muma pe\u013c\u0146a palielin\u0101j\u0101s par 47% un bija 2,83 miljoni eiro, liecina &#8220;Firmas.lv&#8221; inform\u0101cija.<\/p>\n<p>&#8220;YIT Latvija&#8221; re\u0123istr\u0113ta 1998. gad\u0101, un uz\u0146\u0113muma pamatkapit\u0101ls ir 47 429 278 eiro. &#8220;YIT Latvija&#8221; \u012bpa\u0161nieks ir Somijas uz\u0146\u0113mums &#8220;YIT Housing&#8221;.<\/p>\n<p>&#8220;YIT&#8221; str\u0101d\u0101 asto\u0146\u0101s valst\u012bs &#8211; Latvij\u0101, Lietuv\u0101, Igaunij\u0101, Somij\u0101, \u010cehij\u0101, Slov\u0101kij\u0101, Zviedrij\u0101 un Polij\u0101. Uz\u0146\u0113muma apgroz\u012bjums 2024. gad\u0101 sasniedza 1,8 miljardus eiro. &#8220;YIT Corporation&#8221; akcijas tiek kot\u0113tas &#8220;Nasdaq Helsinki&#8221; bir\u017e\u0101.<\/p>\n","protected":false},"excerpt":{"rendered":"Komp\u0101nija turpin\u0101s darbu ar\u012b pie &#8220;YIT Latvija&#8221; l\u012bdz \u0161im v\u0113rien\u012bg\u0101k\u0101 projekta &#8211; &#8220;Rub\u012bns&#8221; Zolit\u016bd\u0113. &#8220;YIT Latvija&#8221; 2026. gad\u0101&hellip;\n","protected":false},"author":2,"featured_media":92264,"comment_status":"","ping_status":"","sticky":false,"template":"","format":"standard","meta":{"footnotes":""},"categories":[5],"tags":[23,28,29,32,33,22,22135,30,31,35,39,38,36,37,34,40,4139,20,26,27,24,25,21],"class_list":{"0":"post-92263","1":"post","2":"type-post","3":"status-publish","4":"format-standard","5":"has-post-thumbnail","7":"category-aktualitates","8":"tag-aktualitates","9":"tag-breaking-news","10":"tag-breakingnews","11":"tag-featured-news","12":"tag-featurednews","13":"tag-headlines","14":"tag-ipasums","15":"tag-latest-news","16":"tag-latestnews","17":"tag-latvia","18":"tag-latvian","19":"tag-latviesu","20":"tag-latviesu-valoda","21":"tag-latviesuvaloda","22":"tag-latvija","23":"tag-lv","24":"tag-nekustamais-ipasums","25":"tag-news","26":"tag-popularakas-zinas","27":"tag-popularakaszinas","28":"tag-top-stories","29":"tag-topstories","30":"tag-zinas"},"share_on_mastodon":{"url":"https:\/\/pubeurope.com\/@lv\/115824360413135172","error":""},"_links":{"self":[{"href":"https:\/\/www.europesays.com\/lv\/wp-json\/wp\/v2\/posts\/92263","targetHints":{"allow":["GET"]}}],"collection":[{"href":"https:\/\/www.europesays.com\/lv\/wp-json\/wp\/v2\/posts"}],"about":[{"href":"https:\/\/www.europesays.com\/lv\/wp-json\/wp\/v2\/types\/post"}],"author":[{"embeddable":true,"href":"https:\/\/www.europesays.com\/lv\/wp-json\/wp\/v2\/users\/2"}],"replies":[{"embeddable":true,"href":"https:\/\/www.europesays.com\/lv\/wp-json\/wp\/v2\/comments?post=92263"}],"version-history":[{"count":0,"href":"https:\/\/www.europesays.com\/lv\/wp-json\/wp\/v2\/posts\/92263\/revisions"}],"wp:featuredmedia":[{"embeddable":true,"href":"https:\/\/www.europesays.com\/lv\/wp-json\/wp\/v2\/media\/92264"}],"wp:attachment":[{"href":"https:\/\/www.europesays.com\/lv\/wp-json\/wp\/v2\/media?parent=92263"}],"wp:term":[{"taxonomy":"category","embeddable":true,"href":"https:\/\/www.europesays.com\/lv\/wp-json\/wp\/v2\/categories?post=92263"},{"taxonomy":"post_tag","embeddable":true,"href":"https:\/\/www.europesays.com\/lv\/wp-json\/wp\/v2\/tags?post=92263"}],"curies":[{"name":"wp","href":"https:\/\/api.w.org\/{rel}","templated":true}]}}