{"id":92267,"date":"2026-01-02T07:38:08","date_gmt":"2026-01-02T07:38:08","guid":{"rendered":"https:\/\/www.europesays.com\/lv\/92267\/"},"modified":"2026-01-02T07:38:08","modified_gmt":"2026-01-02T07:38:08","slug":"darzins-par-smitu-vins-savu-potencialu-jau-realize-labi-ari-beninos-viss-ir-kartiba","status":"publish","type":"post","link":"https:\/\/www.europesays.com\/lv\/92267\/","title":{"rendered":"D\u0101rzi\u0146\u0161 par \u0160mitu: Vi\u0146\u0161 savu potenci\u0101lu jau realiz\u0113 labi, ar\u012b \u201cb\u0113ni\u0146os\u201d viss ir k\u0101rt\u012bb\u0101"},"content":{"rendered":"<p>                                <img decoding=\"async\" src=\"https:\/\/www.europesays.com\/lv\/wp-content\/uploads\/2026\/01\/alberts-smits-sportazinas-com-2-750x450.jpg\"   alt=\"Alberts \u0160mits\" class=\"post-featured-image\"\/><\/p>\n<p>Alberts \u0160mits | Foto: Tim Austen \/ IIHF<\/p>\n<p>Latvijas hokeja izlases galven\u0101 trenera asistents <a href=\"https:\/\/www.sportazinas.com\/atsl%C4%93gv%C4%81rdi\/lauris-darzins\" rel=\"nofollow noopener\" target=\"_blank\">Lauris D\u0101rzi\u0146\u0161<\/a> intervij\u0101 \u201cLatvijas Telev\u012bzijai\u201d <a href=\"https:\/\/www.youtube.com\/watch?v=1EUx5Ym4C0o\" target=\"_blank\" rel=\"noreferrer noopener nofollow\">koment\u0113jis<\/a> aizsarga Alberta \u0160mita sniegumu.<\/p>\n<p>Pa\u0161laik ASV norisin\u0101s U20 pasaules \u010dempion\u0101ts, kur\u0101 piedal\u0101s ar\u012b Latvijas izlase. Jaunatnes valstsvien\u012bb\u0101 sp\u0113l\u0113 ar\u012b 18 gadus vecais \u0160mits, kuram tiek prognoz\u0113ta vieta \u0161\u012b gada NHL drafta pirmaj\u0101 k\u0101rt\u0101, savuk\u0101rt da\u017ei no apskatniekiem paredz, ka aizsargs var\u0113tu tikt izv\u0113l\u0113ts ar\u012b starp pirmajiem desmit sp\u0113l\u0113t\u0101jiem.<\/p>\n<p>\u0160mits p\u0113rn aizvad\u012bja vair\u0101kus ma\u010dus ar\u012b pieaugu\u0161o izlas\u0113. \u201cViena lieta ir inform\u0101cija, ko tu ieg\u016bsti, statistika, videoklipi. Bet redzot vi\u0146u ar\u012b treni\u0146proces\u0101, var redz\u0113t, ka vi\u0146am ir \u0161is lielais potenci\u0101ls, kuru jau vi\u0146\u0161 diezgan labi realiz\u0113. Dom\u0101ju, tur ar\u012b \u201cb\u0113\u0146i\u0146os\u201d viss ir k\u0101rt\u012bb\u0101, vi\u0146am piem\u012bt TOP sp\u0113l\u0113t\u0101ja harizma. Cerams, ar \u0161o \u010dempion\u0101tu vi\u0146\u0161 ieg\u016bs v\u0113l p\u0101rliec\u012bbu, iem\u0101c\u012bsies k\u013c\u016bt par l\u012bderi un ka vi\u0146u ar\u012b nov\u0113rt\u0113s,\u201d cer\u012bbu pau\u017e D\u0101rzi\u0146\u0161.<\/p>\n<p>\u201cGalvenais, lai draft\u0101 aiziet pirmaj\u0101 k\u0101rt\u0101, lai zin\u0101m, ka vi\u0146am tiks dotas iesp\u0113jas. Un ja kaut kur att\u012bst\u012bba p\u0101ris m\u0113ne\u0161us b\u016bs stagn\u0101cija, vi\u0146am t\u0101pat tiks dotas iesp\u0113jas, ja vi\u0146\u0161 b\u016bs komandas pirm\u0101 izv\u0113le,\u201d uzsver biju\u0161ais valstsvien\u012bbas uzbruc\u0113js.<\/p>\n<p>U20 \u010dempion\u0101t\u0101 \u0160mits \u010detr\u0101s sp\u0113l\u0113s sakr\u0101jis tikpat (1+3) punktu, savuk\u0101rt vi\u0146a vid\u0113jais sp\u0113les laiks 24 min\u016btes un devi\u0146as sekundes ir otrais liel\u0101kais vis\u0101 turn\u012br\u0101.<\/p>\n","protected":false},"excerpt":{"rendered":"Alberts \u0160mits | Foto: Tim Austen \/ IIHF Latvijas hokeja izlases galven\u0101 trenera asistents Lauris D\u0101rzi\u0146\u0161 intervij\u0101 \u201cLatvijas&hellip;\n","protected":false},"author":2,"featured_media":92268,"comment_status":"","ping_status":"","sticky":false,"template":"","format":"standard","meta":{"footnotes":""},"categories":[17],"tags":[35,39,38,36,37,34,40,67],"class_list":{"0":"post-92267","1":"post","2":"type-post","3":"status-publish","4":"format-standard","5":"has-post-thumbnail","7":"category-sports","8":"tag-latvia","9":"tag-latvian","10":"tag-latviesu","11":"tag-latviesu-valoda","12":"tag-latviesuvaloda","13":"tag-latvija","14":"tag-lv","15":"tag-sports"},"share_on_mastodon":{"url":"https:\/\/pubeurope.com\/@lv\/115824368190411734","error":""},"_links":{"self":[{"href":"https:\/\/www.europesays.com\/lv\/wp-json\/wp\/v2\/posts\/92267","targetHints":{"allow":["GET"]}}],"collection":[{"href":"https:\/\/www.europesays.com\/lv\/wp-json\/wp\/v2\/posts"}],"about":[{"href":"https:\/\/www.europesays.com\/lv\/wp-json\/wp\/v2\/types\/post"}],"author":[{"embeddable":true,"href":"https:\/\/www.europesays.com\/lv\/wp-json\/wp\/v2\/users\/2"}],"replies":[{"embeddable":true,"href":"https:\/\/www.europesays.com\/lv\/wp-json\/wp\/v2\/comments?post=92267"}],"version-history":[{"count":0,"href":"https:\/\/www.europesays.com\/lv\/wp-json\/wp\/v2\/posts\/92267\/revisions"}],"wp:featuredmedia":[{"embeddable":true,"href":"https:\/\/www.europesays.com\/lv\/wp-json\/wp\/v2\/media\/92268"}],"wp:attachment":[{"href":"https:\/\/www.europesays.com\/lv\/wp-json\/wp\/v2\/media?parent=92267"}],"wp:term":[{"taxonomy":"category","embeddable":true,"href":"https:\/\/www.europesays.com\/lv\/wp-json\/wp\/v2\/categories?post=92267"},{"taxonomy":"post_tag","embeddable":true,"href":"https:\/\/www.europesays.com\/lv\/wp-json\/wp\/v2\/tags?post=92267"}],"curies":[{"name":"wp","href":"https:\/\/api.w.org\/{rel}","templated":true}]}}