{"id":92271,"date":"2026-01-02T07:42:03","date_gmt":"2026-01-02T07:42:03","guid":{"rendered":"https:\/\/www.europesays.com\/lv\/92271\/"},"modified":"2026-01-02T07:42:03","modified_gmt":"2026-01-02T07:42:03","slug":"kas-ir-2025-gada-visvairak-parmerigi-lietotais-vards","status":"publish","type":"post","link":"https:\/\/www.europesays.com\/lv\/92271\/","title":{"rendered":"Kas ir 2025. gada visvair\u0101k p\u0101rm\u0113r\u012bgi lietotais v\u0101rds?"},"content":{"rendered":"<p>\u0160is izteiciens ierindojies starp 10 popul\u0101r\u0101kajiem &#8220;Aizliegto v\u0101rdu saraksta&#8221; ierakstiem, ko ceturtdien publiskoja Lake Superior State universit\u0101te.<\/p>\n<p>Top 10 sarakst\u0101 iek\u013cauti ar\u012b v\u0101rdi un fr\u0101zes &#8220;demure&#8221;, &#8220;incentivize&#8221;, &#8220;perfect&#8221;, &#8220;gift\/gifted&#8221;, &#8220;my bad&#8221; un &#8220;reach out&#8221;. Fr\u0101zes &#8220;my bad&#8221; un &#8220;reach out&#8221; sarakst\u0101 par\u0101d\u012bju\u0161\u0101s jau iepriek\u0161 &#8211; 1998. un 1994. gad\u0101.<\/p>\n<p>&#8220;Saraksts \u013coti labi atspogu\u013co jaun\u0101k\u0101s paaudzes modes un sarunvalodas tendences,&#8221; sac\u012bja universit\u0101tes prezidents Deivids Treviss.<\/p>\n<p>&#8220;Soci\u0101lie mediji rada liel\u0101kas iesp\u0113jas v\u0101rdus p\u0101rprast vai lietot nepareizi. M\u0113s izmantojam terminus, kas galvenok\u0101rt tiek izplat\u012bti \u012bszi\u0146\u0101s vai ierakstos bez \u0137erme\u0146a valodas vai balss inton\u0101cijas konteksta. T\u0101p\u0113c \u0161os v\u0101rdus ir \u013coti viegli p\u0101rprast.&#8221;<\/p>\n<p>2025. gad\u0101 &#8220;6-7&#8221; \u013coti mulsin\u0101ja vec\u0101kus, skolot\u0101jus un cilv\u0113kus virs 40 gadu vecuma.<\/p>\n<p>Bet ko \u012bsti noz\u012bm\u0113 &#8220;6\u20137&#8221;? Tas strauji izplat\u012bj\u0101s vasar\u0101, \u012bpa\u0161i Z paaudzes vid\u016b, un daudzi to uzskata par bezj\u0113dz\u012bgu izteicienu &#8211; iek\u0161\u0113ju joku, ko izvirz\u012bja soci\u0101lie mediji.<\/p>\n<p>&#8220;Neuztraucieties, m\u0113s visi v\u0113l joproj\u0101m m\u0113\u0123in\u0101m saprast, ko tie\u0161i tas noz\u012bm\u0113,&#8221; rakst\u012bja v\u0101rdn\u012bcas redaktori.<\/p>\n<p>Katru skaitli var izrun\u0101t atsevi\u0161\u0137i \u2014 &#8220;se\u0161i, septi\u0146i&#8221;. Tos var ar\u012b apvienot k\u0101 skaitli 67. Koled\u017eu basketbola sp\u0113l\u0113s da\u013ca l\u012bdzjut\u0113ju pat gavil\u0113, kad komanda sasniedz \u0161o punktu skaitu.<\/p>\n<p>&#8220;6\u20137&#8221; nok\u013c\u016b\u0161ana aizliegto v\u0101rdu saraksta aug\u0161gal\u0101 ierindo to l\u012bdz\u0101s citiem iepriek\u0161 pla\u0161i kritiz\u0113tiem un p\u0101rm\u0113r\u012bgi lietotiem izteicieniem.<\/p>\n","protected":false},"excerpt":{"rendered":"\u0160is izteiciens ierindojies starp 10 popul\u0101r\u0101kajiem &#8220;Aizliegto v\u0101rdu saraksta&#8221; ierakstiem, ko ceturtdien publiskoja Lake Superior State universit\u0101te. Top&hellip;\n","protected":false},"author":2,"featured_media":92272,"comment_status":"","ping_status":"","sticky":false,"template":"","format":"standard","meta":{"footnotes":""},"categories":[5],"tags":[23171,23,28,29,32,33,22,30,31,35,39,38,36,37,34,40,20,23173,26,27,24,25,23172,21],"class_list":{"0":"post-92271","1":"post","2":"type-post","3":"status-publish","4":"format-standard","5":"has-post-thumbnail","7":"category-aktualitates","8":"tag-6-7","9":"tag-aktualitates","10":"tag-breaking-news","11":"tag-breakingnews","12":"tag-featured-news","13":"tag-featurednews","14":"tag-headlines","15":"tag-latest-news","16":"tag-latestnews","17":"tag-latvia","18":"tag-latvian","19":"tag-latviesu","20":"tag-latviesu-valoda","21":"tag-latviesuvaloda","22":"tag-latvija","23":"tag-lv","24":"tag-news","25":"tag-parmerigi-lietotais-vards","26":"tag-popularakas-zinas","27":"tag-popularakaszinas","28":"tag-top-stories","29":"tag-topstories","30":"tag-trendi","31":"tag-zinas"},"share_on_mastodon":{"url":"https:\/\/pubeurope.com\/@lv\/115824383923941080","error":""},"_links":{"self":[{"href":"https:\/\/www.europesays.com\/lv\/wp-json\/wp\/v2\/posts\/92271","targetHints":{"allow":["GET"]}}],"collection":[{"href":"https:\/\/www.europesays.com\/lv\/wp-json\/wp\/v2\/posts"}],"about":[{"href":"https:\/\/www.europesays.com\/lv\/wp-json\/wp\/v2\/types\/post"}],"author":[{"embeddable":true,"href":"https:\/\/www.europesays.com\/lv\/wp-json\/wp\/v2\/users\/2"}],"replies":[{"embeddable":true,"href":"https:\/\/www.europesays.com\/lv\/wp-json\/wp\/v2\/comments?post=92271"}],"version-history":[{"count":0,"href":"https:\/\/www.europesays.com\/lv\/wp-json\/wp\/v2\/posts\/92271\/revisions"}],"wp:featuredmedia":[{"embeddable":true,"href":"https:\/\/www.europesays.com\/lv\/wp-json\/wp\/v2\/media\/92272"}],"wp:attachment":[{"href":"https:\/\/www.europesays.com\/lv\/wp-json\/wp\/v2\/media?parent=92271"}],"wp:term":[{"taxonomy":"category","embeddable":true,"href":"https:\/\/www.europesays.com\/lv\/wp-json\/wp\/v2\/categories?post=92271"},{"taxonomy":"post_tag","embeddable":true,"href":"https:\/\/www.europesays.com\/lv\/wp-json\/wp\/v2\/tags?post=92271"}],"curies":[{"name":"wp","href":"https:\/\/api.w.org\/{rel}","templated":true}]}}