{"id":92275,"date":"2026-01-02T07:46:23","date_gmt":"2026-01-02T07:46:23","guid":{"rendered":"https:\/\/www.europesays.com\/lv\/92275\/"},"modified":"2026-01-02T07:46:23","modified_gmt":"2026-01-02T07:46:23","slug":"ukraina-saskaras-ar-jaunu-krievijas-dronu-uzbrukumu-vilni-kars-turpinas-2026-gada-lente-lv","status":"publish","type":"post","link":"https:\/\/www.europesays.com\/lv\/92275\/","title":{"rendered":"Ukraina saskaras ar jaunu Krievijas dronu uzbrukumu vilni, kar\u0161 turpin\u0101s 2026. gad\u0101\u00a0\u2014\u00a0Lente.lv"},"content":{"rendered":"<p>Krievija uzs\u0101k karu 2026. gad\u0101 ar vair\u0101k nek\u0101 200 dronu uzbrukumiem<\/p>\n<p>Ukrainas prezidents Volodimirs Zelenskis ceturtdien pazi\u0146oja, ka Krievija turpina savu karu &#8220;uz jauno gadu&#8221;, pret Ukrainu raidot vair\u0101k nek\u0101 200 dronus, galvenok\u0101rt m\u0113r\u0137\u0113jot uz ener\u0123\u0113tikas infrastrukt\u016bru. K\u0101 inform\u0113 telekan\u0101ls EuroNews, Zelenskis soci\u0101lajos medijos nor\u0101d\u012bjis: &#8220;Krievija apzin\u0101ti ienes karu jaunaj\u0101 gad\u0101 \u2013 nakts laik\u0101 pret Ukrainu raid\u012bti vair\u0101k nek\u0101 divi simti triecienu dronu,&#8221; piebilstot, ka &#8220;m\u0113r\u0137i bija m\u016bsu ener\u0123\u0113tikas infrastrukt\u016bra.&#8221;.<\/p>\n<p>Krievijas sp\u0113ki nakts laik\u0101 vair\u0101k\u0101s dronu uzbrukumu vi\u013c\u0146os m\u0113r\u0137\u0113ja Odesas apgabalu, pazi\u0146oja re\u0123ion\u0101l\u0101 vad\u012bt\u0101js O\u013cegs Kipers. Telegram kan\u0101l\u0101 Kipers inform\u0113ja, ka tika boj\u0101ta divst\u0101vu dz\u012bvojam\u0101 \u0113ka un ka drona tr\u0101p\u012bjums dz\u012bvokl\u012b 17. st\u0101v\u0101 daudzdz\u012bvok\u013cu \u0113k\u0101 nenostr\u0101d\u0101ja. Cietu\u0161o nav zi\u0146ots.<\/p>\n<p>Cilv\u0113ku upuri un ievainojumi vair\u0101kos re\u0123ionos<\/p>\n<p>Herson\u0101 Krievijas triecieni p\u0113d\u0113j\u0101s diennakts laik\u0101 nogalin\u0101ja vienu cilv\u0113ku un ievainoja \u010detrus, savuk\u0101rt Do\u0146eckas apgabal\u0101 uzbrukumi nogalin\u0101ja vienu cilv\u0113ku, nor\u0101d\u012bju\u0161i re\u0123ion\u0101lie gubernatori. V\u0113l 12 cilv\u0113ki ievainoti Zapori\u017e\u017eas, Harkivas un Sumu apgabalos.<\/p>\n<p>Ukrainas Gaisa sp\u0113ku ikdienas zi\u0146ojum\u0101 teikts, ka pretgaisa aizsardz\u012bbas sp\u0113ki notrieku\u0161i vai neitraliz\u0113ju\u0161i 176 no 205 droniem, kas nakt\u012b m\u0113r\u0137\u0113ja valsti. Tika re\u0123istr\u0113ti 24 triecienu dronu tr\u0101p\u012bjumi 15 viet\u0101s, un uzbrukums joproj\u0101m turpin\u0101j\u0101s.<\/p>\n<p>Zelenskis par miera sarunu izredz\u0113m un starptautisko diplom\u0101tiju<\/p>\n<p>Sav\u0101 Jaungada uzrun\u0101 iepriek\u0161\u0113j\u0101 vakar\u0101 Zelenskis nor\u0101d\u012bja, ka miera vieno\u0161an\u0101s ir &#8220;90% gatava&#8221;, ta\u010du br\u012bdin\u0101ja, ka atliku\u0161ie 10%, kas, dom\u0101jams, ietver galvenos domstarp\u012bbu punktus, piem\u0113ram, teritoriju, &#8220;noteiks miera likteni, Ukrainas un Eiropas likteni, to, k\u0101 dz\u012bvos cilv\u0113ki.&#8221;.<\/p>\n<p>Biju\u0161\u0101 ASV prezidenta Donalda Trampa \u012bpa\u0161ais s\u016btnis St\u012bvs V\u012btkovs tre\u0161dien pazi\u0146oja, ka vi\u0146am, ASV valsts sekret\u0101ram Markam Rubio un Trampa znots un padomniekam D\u017earedam Ku\u0161neram bija &#8220;produkt\u012bva saruna&#8221; ar Lielbrit\u0101nijas, Francijas, V\u0101cijas un Ukrainas nacion\u0101l\u0101s dro\u0161\u012bbas padomniekiem, lai &#8220;apspriestu n\u0101kamos so\u013cus Eiropas miera proces\u0101.&#8221;.<\/p>\n<blockquote>\n<p>&#8220;M\u0113s koncentr\u0113j\u0101mies uz to, k\u0101 praktisk\u0101 veid\u0101 virz\u012bt diskusijas uz priek\u0161u (Trampa) miera procesa v\u0101rd\u0101, tostarp stiprinot dro\u0161\u012bbas garantijas un izstr\u0101d\u0101jot efekt\u012bvus deeskal\u0101cijas meh\u0101nismus, lai pal\u012bdz\u0113tu izbeigt karu un nodro\u0161in\u0101tu, ka tas neatjaunojas,&#8221; V\u012btkovs teicis ierakst\u0101 X platform\u0101.<\/p>\n<\/blockquote>\n<p>Ukrainas galvenais sarunu ved\u0113js Rustems Umarovs ar\u012b apstiprin\u0101ja, ka Eiropas un Ukrainas amatpersonas pl\u0101no tikties sestdien, savuk\u0101rt Zelenskis n\u0101kamned\u0113\u013c pl\u0101nojis sarunas ar Eiropas l\u012bderiem.<\/p>\n","protected":false},"excerpt":{"rendered":"Krievija uzs\u0101k karu 2026. gad\u0101 ar vair\u0101k nek\u0101 200 dronu uzbrukumiem Ukrainas prezidents Volodimirs Zelenskis ceturtdien pazi\u0146oja, ka&hellip;\n","protected":false},"author":2,"featured_media":92276,"comment_status":"","ping_status":"","sticky":false,"template":"","format":"standard","meta":{"footnotes":""},"categories":[14],"tags":[23,57,28,29,12668,5346,32,33,22,3131,234,30,31,35,39,38,36,37,34,40,20,26,27,24,25,276,54,55,56,21,58],"class_list":{"0":"post-92275","1":"post","2":"type-post","3":"status-publish","4":"format-standard","5":"has-post-thumbnail","7":"category-zinas-no-arvalstim","8":"tag-aktualitates","9":"tag-arvalstim","10":"tag-breaking-news","11":"tag-breakingnews","12":"tag-dronu-uzbrukums","13":"tag-energetikas-infrastruktura","14":"tag-featured-news","15":"tag-featurednews","16":"tag-headlines","17":"tag-kars","18":"tag-krievija","19":"tag-latest-news","20":"tag-latestnews","21":"tag-latvia","22":"tag-latvian","23":"tag-latviesu","24":"tag-latviesu-valoda","25":"tag-latviesuvaloda","26":"tag-latvija","27":"tag-lv","28":"tag-news","29":"tag-popularakas-zinas","30":"tag-popularakaszinas","31":"tag-top-stories","32":"tag-topstories","33":"tag-ukraina","34":"tag-world","35":"tag-world-news","36":"tag-worldnews","37":"tag-zinas","38":"tag-zinas-no-arvalstim"},"share_on_mastodon":{"url":"https:\/\/pubeurope.com\/@lv\/115824399712146357","error":""},"_links":{"self":[{"href":"https:\/\/www.europesays.com\/lv\/wp-json\/wp\/v2\/posts\/92275","targetHints":{"allow":["GET"]}}],"collection":[{"href":"https:\/\/www.europesays.com\/lv\/wp-json\/wp\/v2\/posts"}],"about":[{"href":"https:\/\/www.europesays.com\/lv\/wp-json\/wp\/v2\/types\/post"}],"author":[{"embeddable":true,"href":"https:\/\/www.europesays.com\/lv\/wp-json\/wp\/v2\/users\/2"}],"replies":[{"embeddable":true,"href":"https:\/\/www.europesays.com\/lv\/wp-json\/wp\/v2\/comments?post=92275"}],"version-history":[{"count":0,"href":"https:\/\/www.europesays.com\/lv\/wp-json\/wp\/v2\/posts\/92275\/revisions"}],"wp:featuredmedia":[{"embeddable":true,"href":"https:\/\/www.europesays.com\/lv\/wp-json\/wp\/v2\/media\/92276"}],"wp:attachment":[{"href":"https:\/\/www.europesays.com\/lv\/wp-json\/wp\/v2\/media?parent=92275"}],"wp:term":[{"taxonomy":"category","embeddable":true,"href":"https:\/\/www.europesays.com\/lv\/wp-json\/wp\/v2\/categories?post=92275"},{"taxonomy":"post_tag","embeddable":true,"href":"https:\/\/www.europesays.com\/lv\/wp-json\/wp\/v2\/tags?post=92275"}],"curies":[{"name":"wp","href":"https:\/\/api.w.org\/{rel}","templated":true}]}}