{"id":92291,"date":"2026-01-02T08:00:06","date_gmt":"2026-01-02T08:00:06","guid":{"rendered":"https:\/\/www.europesays.com\/lv\/92291\/"},"modified":"2026-01-02T08:00:06","modified_gmt":"2026-01-02T08:00:06","slug":"dienvidparka-autors-apnemies-pamatigi-izazet-donaldu-trampu","status":"publish","type":"post","link":"https:\/\/www.europesays.com\/lv\/92291\/","title":{"rendered":"Dienvidparka autors ap\u0146\u0113mies pamat\u012bgi iz\u0101z\u0113t Donaldu Trampu"},"content":{"rendered":"<p class=\"descr\">Seri\u0101la \u201cDienvidparks\u201d (South Park) autors Tobijs Mortons atkl\u0101jis, ka pirms vair\u0101kiem m\u0113ne\u0161iem ieg\u0101d\u0101jies Trampa-Kenedija centra dom\u0113na v\u0101rdus, lai \u0101z\u0113tu ASV prezidentu Donaldu Trampu, v\u0113sta tablo\u012bds NME.<\/p>\n<p>Febru\u0101r\u012b par kult\u016bras un m\u0101kslas centra priek\u0161s\u0113d\u0113t\u0101ju tika iev\u0113l\u0113ts<a href=\"https:\/\/nra.lv\/birka\/asv-prezidents\/\" target=\"_blank\" rel=\"noopener nofollow\"> ASV prezidents<\/a>. Vi\u0146\u0161 pazi\u0146oja par saviem pl\u0101niem main\u012bt norises vietas programmu un atcelt vair\u0101kus pilnvaroto padomes locek\u013cus.<\/p>\n<p>V\u0113l\u0101k, \u0161\u012b m\u0113ne\u0161a s\u0101kum\u0101 <a href=\"https:\/\/nra.lv\/birka\/vasingtona\/\" target=\"_blank\" rel=\"noopener nofollow\">Va\u0161ingtonas<\/a> kult\u016bras un m\u0101kslas centra valde, kas ir cie\u0161i saist\u012bta ar Trampu, nobalsoja par \u0113kas p\u0101rd\u0113v\u0113\u0161anu par \u201cTrampa Kenedija\u201d centru.<\/p>\n<p>Tagad Mortons atkl\u0101jis, ka sen jau bija paredz\u0113jis nosaukuma mai\u0146u un august\u0101 ieg\u0101d\u0101jies ties\u012bbas uz interneta dom\u0113niem trumpkennedycenter.org, gan trumpkennedycenter.com.<\/p>\n<p>\u201cTikl\u012bdz Tramps \u0161ogad s\u0101ka likvid\u0113t <a href=\"https:\/\/nra.lv\/pasaule\/509625-asv-kenedija-centrs-iegust-trampa-vardu.htm\" target=\"_blank\" rel=\"noopener nofollow\">Kenedija centra<\/a> valdi, es nodom\u0101ju: \u201cJ\u0101, \u0161is nosaukums tiks izmantots \u0113kas dizain\u0101,\u201d Mortons past\u0101st\u012bja \u017eurn\u0101listiem. \u201cP\u0101r\u0113jais notika p\u0113c grafika.\u201d<\/p>\n<p>Mortons neatkl\u0101ja, k\u0101 vi\u0146\u0161 pl\u0101no izmantot ieg\u0101d\u0101tos dom\u0113nus, ta\u010du iemin\u0113j\u0101s, ka &#8220;tas absol\u016bti atspogu\u013cos \u0161\u012b br\u012b\u017ea absurdu. Daudz p\u0101rsteigumu. Tom\u0113r da\u017eas lietas ir patie\u0161\u0101m gr\u016bti parod\u0113t.&#8221;<\/p>\n<p>\u201cKenedija centrs vienm\u0113r ir bijusi <a href=\"https:\/\/nra.lv\/birka\/kulturas-centrs\/\" target=\"_blank\" rel=\"noopener nofollow\">kult\u016bras<\/a> instit\u016bcija, kuras m\u0113r\u0137is ir p\u0101rsp\u0113t jebkuru administr\u0101ciju vai person\u012bbu,\u201d vi\u0146\u0161 piebilda. \u201cTas ir paredz\u0113ts, lai godin\u0101tu kult\u016bru, nevis ego. Kad tas k\u013cuva par person\u012bgo z\u012bmolu, sat\u012bra k\u013cuva neizb\u0113gama.\u201d<\/p>\n<p>Lai gan <a href=\"https:\/\/nra.lv\/birka\/rakstnieki\/\" target=\"_blank\" rel=\"noopener nofollow\">rakstnieks<\/a> teica, ka Trampa administr\u0101cija ar vi\u0146u nav sazin\u0101jusies ar l\u016bgumu ieg\u0101d\u0101ties dom\u0113nus, vi\u0146\u0161 past\u0101st\u012bja, ka ir sa\u0146\u0113mis piepras\u012bjumus no &#8220;da\u017eiem nejau\u0161iem juristiem, kuri p\u0101rliecino\u0161i paskaidro, ka sat\u012bra tagad ir nelikum\u012bga&#8221;.<\/p>\n<p>J\u016bnij\u0101 <a href=\"https:\/\/nra.lv\/birka\/donalds-tramps\/\" target=\"_blank\" rel=\"noopener nofollow\">Trampu<\/a>, vi\u0146a pirm\u0101s viz\u012btes laik\u0101 centr\u0101 kop\u0161 st\u0101\u0161an\u0101s priek\u0161s\u0113d\u0113t\u0101ja amat\u0101, sagaid\u012bja dragkv\u012bna \u201cd\u0101mas\u201d un pamat\u012bgi izsvilpa. Bet pa\u0161laik Kenedija centra prezidents pieprasa 1 miljonu dol\u0101ru no m\u016bzi\u0137a \u010caka Reda, kur\u0161 \u0113kas nosaukuma mai\u0146as d\u0113\u013c atc\u0113la lielo Ziemassv\u0113tku vakara koncertu.<\/p>\n<p>Citviet <a href=\"https:\/\/nra.lv\/birka\/dzimijs-kimels\/\" target=\"_blank\" rel=\"noopener nofollow\">D\u017eimijs Kimels<\/a> \u0161oned\u0113\u013c \u201cChannel 4\u201d kan\u0101l\u0101 Lielbrit\u0101nijas skat\u012bt\u0101jiem sniedza kod\u012bgu alternat\u012bvu Trampa Ziemassv\u0113tku v\u0113st\u012bjumam sakot: &#8220;No fa\u0161isma viedok\u013ca \u0161is ir bijis patie\u0161\u0101m lielisks gads&#8221;.<\/p>\n<p>Seri\u0101ls &#8220;Dienvidparks&#8221; \u0161ogad vair\u0101kk\u0101rt non\u0101cis zi\u0146u virsrakstos, jo jaun\u0101kaj\u0101 sezon\u0101 vair\u0101kas reizes izsm\u0113ja ASV prezidentu.<\/p>\n<p>\t\t\t\t\t\tinfo<\/p>\n<p>Uzzini pirmais<br \/>kas interesants noticis Latvij\u0101 un pasaul\u0113,<br \/>pievienojoties mums <a href=\"https:\/\/t.me\/neatkariga\" rel=\"nofollow\">Telegram<\/a> vai <a href=\"https:\/\/whatsapp.com\/channel\/0029VaMLFUH5K3zLU5s4wm3y\" rel=\"nofollow noopener\" target=\"_blank\">Whatsapp<\/a> kan\u0101l\u0101<\/p>\n","protected":false},"excerpt":{"rendered":"Seri\u0101la \u201cDienvidparks\u201d (South Park) autors Tobijs Mortons atkl\u0101jis, ka pirms vair\u0101kiem m\u0113ne\u0161iem ieg\u0101d\u0101jies Trampa-Kenedija centra dom\u0113na v\u0101rdus, lai&hellip;\n","protected":false},"author":2,"featured_media":92292,"comment_status":"","ping_status":"","sticky":false,"template":"","format":"standard","meta":{"footnotes":""},"categories":[5],"tags":[23,28,29,32,33,22,30,31,35,39,38,36,37,34,40,20,26,27,24,25,21],"class_list":{"0":"post-92291","1":"post","2":"type-post","3":"status-publish","4":"format-standard","5":"has-post-thumbnail","7":"category-aktualitates","8":"tag-aktualitates","9":"tag-breaking-news","10":"tag-breakingnews","11":"tag-featured-news","12":"tag-featurednews","13":"tag-headlines","14":"tag-latest-news","15":"tag-latestnews","16":"tag-latvia","17":"tag-latvian","18":"tag-latviesu","19":"tag-latviesu-valoda","20":"tag-latviesuvaloda","21":"tag-latvija","22":"tag-lv","23":"tag-news","24":"tag-popularakas-zinas","25":"tag-popularakaszinas","26":"tag-top-stories","27":"tag-topstories","28":"tag-zinas"},"share_on_mastodon":{"url":"https:\/\/pubeurope.com\/@lv\/115824454762168970","error":""},"_links":{"self":[{"href":"https:\/\/www.europesays.com\/lv\/wp-json\/wp\/v2\/posts\/92291","targetHints":{"allow":["GET"]}}],"collection":[{"href":"https:\/\/www.europesays.com\/lv\/wp-json\/wp\/v2\/posts"}],"about":[{"href":"https:\/\/www.europesays.com\/lv\/wp-json\/wp\/v2\/types\/post"}],"author":[{"embeddable":true,"href":"https:\/\/www.europesays.com\/lv\/wp-json\/wp\/v2\/users\/2"}],"replies":[{"embeddable":true,"href":"https:\/\/www.europesays.com\/lv\/wp-json\/wp\/v2\/comments?post=92291"}],"version-history":[{"count":0,"href":"https:\/\/www.europesays.com\/lv\/wp-json\/wp\/v2\/posts\/92291\/revisions"}],"wp:featuredmedia":[{"embeddable":true,"href":"https:\/\/www.europesays.com\/lv\/wp-json\/wp\/v2\/media\/92292"}],"wp:attachment":[{"href":"https:\/\/www.europesays.com\/lv\/wp-json\/wp\/v2\/media?parent=92291"}],"wp:term":[{"taxonomy":"category","embeddable":true,"href":"https:\/\/www.europesays.com\/lv\/wp-json\/wp\/v2\/categories?post=92291"},{"taxonomy":"post_tag","embeddable":true,"href":"https:\/\/www.europesays.com\/lv\/wp-json\/wp\/v2\/tags?post=92291"}],"curies":[{"name":"wp","href":"https:\/\/api.w.org\/{rel}","templated":true}]}}