{"id":92296,"date":"2026-01-02T08:07:20","date_gmt":"2026-01-02T08:07:20","guid":{"rendered":"https:\/\/www.europesays.com\/lv\/92296\/"},"modified":"2026-01-02T08:07:20","modified_gmt":"2026-01-02T08:07:20","slug":"45-gadus-veca-elena-ljadova-ir-parliecinata-vegetariete-un-nevelas-filmeties-kopa-ar-viru-vladimiru-vdovicenkovu","status":"publish","type":"post","link":"https:\/\/www.europesays.com\/lv\/92296\/","title":{"rendered":"45 gadus vec\u0101 Elena Ljadova ir p\u0101rliecin\u0101ta ve\u0123et\u0101riete un nev\u0113las film\u0113ties kop\u0101 ar v\u012bru Vladimiru Vdovi\u010denkovu"},"content":{"rendered":"<p>P\u0113c aktrises atz\u012b\u0161an\u0101s vi\u0146ai nav k\u0101da nopietna hobija, lai gan intere\u0161u ir daudz.<\/p>\n<p>Elena Ljadova, pieredz\u0113jusi jauno lidojumu meite\u0146u mentore dr\u0101m\u0101 \u00ab\u0412\u043e\u0437\u0434\u0443\u0445\u00bb, \u013coti m\u012bl ce\u013cot ar vilcienu. Bie\u017ei ce\u013cojumos kop\u0101 ar v\u012bru, aktieri Vladimiru Vdovi\u010denkovu, vi\u0146iem l\u012bdzi ir ar\u012b dz\u012bvnieki. Piem\u0113ram, reiz ce\u013cojum\u0101 uz dienvidiem vi\u0146i l\u012bdzi \u0146\u0113ma \u010divavu Simbu. K\u0101 p\u0101rvieto\u0161an\u0101s l\u012bdzekli Elena izv\u0113las vilcienu ar\u012b t\u0101p\u0113c, ka tur m\u012blulis nerej un netrauc\u0113 p\u0101r\u0113jiem pasa\u017eieriem.<\/p>\n<p><img decoding=\"async\" src=\"https:\/\/www.europesays.com\/lv\/wp-content\/uploads\/2026\/01\/392109.jpg\" alt=\"392109.jpg\"\/><\/p>\n<p>P\u0101ri nev\u0113las film\u0113ties kop\u0101, lai gan pied\u0101v\u0101jumi n\u0101k. Intervij\u0101 izdevumam \u00ab\u041a\u0438\u043d\u043e\u0440\u0435\u043f\u043e\u0440\u0442\u0451\u0440\u00bb Elena t\u0101 izskaidroja atteikuma no kop\u012bg\u0101m film\u0113\u0161an\u0101m iemeslu: \u00abMateri\u0101li, ko pied\u0101v\u0101, visbie\u017e\u0101k ir konflikt\u0113jo\u0161a rakstura. Es nev\u0113los ar savu v\u012bru konflikt\u0113t pat lomas d\u0113\u013c. Es nev\u0113los uz vi\u0146u kliegt, nev\u0113los, lai vi\u0146\u0161 kliegtu uz mani. M\u0113s visp\u0101r \u0161aj\u0101 dz\u012bv\u0113 satik\u0101mies citu iemeslu d\u0113\u013c. Kino m\u016bs satuvin\u0101ja. Bet tas nenoz\u012bm\u0113, ka mums visu laiku kadr\u0101 j\u0101b\u016bt kop\u0101\u00bb.<\/p>\n<p><img decoding=\"async\" src=\"https:\/\/www.europesays.com\/lv\/wp-content\/uploads\/2026\/01\/392087.jpg\" alt=\"392087.jpg\"\/><\/p>\n<p>Elena ir p\u0101rliecin\u0101ta ve\u0123et\u0101riete. Vi\u0146a uzskata, ka \u0113st sev l\u012bdz\u012bgus rad\u012bjumus nav cilv\u0113ka lab\u0101kais sasniegums. Ve\u0123et\u0101risms main\u012bjis vi\u0146as skat\u012bjumu uz dz\u012bvi, vi\u0146a past\u0101st\u012bja \u017eurn\u0101lam \u00ab7 \u0434\u043d\u0435\u0439\u00bb: \u00abL\u012bdz tam tu pa\u0161p\u0101rliecin\u0101ti sevi uzskati par rad\u012b\u0161anas virsotni, bet visus p\u0101r\u0113jos \u2014 par pak\u013cautu sugu, stulbiem un bezj\u016bt\u012bgiem. Esmu p\u0101rliecin\u0101ta, ka m\u0113s nemaz neesam rad\u012b\u0161anas virsotne. Un visp\u0101r man t\u0101 k\u0101 \u0161\u0137iet d\u012bvaini \u0113st vistu, kas p\u0113c uzb\u016bves l\u012bdz\u012bga manam sunim\u00bb.<\/p>\n<p><img decoding=\"async\" src=\"https:\/\/www.europesays.com\/lv\/wp-content\/uploads\/2026\/01\/392081.jpg\" alt=\"392081.jpg\"\/><\/p>\n<p>P\u0113c aktrises atz\u012b\u0161an\u0101s vi\u0146ai nav k\u0101da nopietna hobija, lai gan intere\u0161u ir daudz. Papildus ce\u013cojumiem aktrisei pat\u012bk gatavot, las\u012bt rakstus par NLO un kosmosu, fotograf\u0113t savus su\u0146us un dabu. Reiz aktrise veica intelekta testu, un izr\u0101d\u012bj\u0101s, ka vi\u0146ai ir \u013coti augsts IQ. Ta\u010du vi\u0146a nemaz neno\u017e\u0113lo, ka k\u013cuva par aktrisi, nevis par zin\u0101tnieci. Profesija \u013cauj Elenai p\u0101rv\u0113rsties par ikvienu, bet teleskopu var ar\u012b l\u016bgt k\u0101 d\u0101vanu dzim\u0161anas dien\u0101.<\/p>\n<p><img decoding=\"async\" src=\"https:\/\/www.europesays.com\/lv\/wp-content\/uploads\/2026\/01\/392084.jpg\" alt=\"392084.jpg\"\/><\/p>\n<p>\n                            Valodas k\u013c\u016bda rakst\u0101?<br \/>Iez\u012bm\u0113jiet tekstu un spiediet Zi\u0146ot par k\u013c\u016bdu pogas   , lai nos\u016bt\u012btu labojamo teksta fragmentu redaktoram!<\/p>\n<p>                                Zi\u0146ot par k\u013c\u016bdu<\/p>\n","protected":false},"excerpt":{"rendered":"P\u0113c aktrises atz\u012b\u0161an\u0101s vi\u0146ai nav k\u0101da nopietna hobija, lai gan intere\u0161u ir daudz. Elena Ljadova, pieredz\u0113jusi jauno lidojumu&hellip;\n","protected":false},"author":2,"featured_media":92297,"comment_status":"","ping_status":"","sticky":false,"template":"","format":"standard","meta":{"footnotes":""},"categories":[19],"tags":[89,90,35,39,38,36,37,34,40],"class_list":{"0":"post-92296","1":"post","2":"type-post","3":"status-publish","4":"format-standard","5":"has-post-thumbnail","7":"category-izklaide","8":"tag-entertainment","9":"tag-izklaide","10":"tag-latvia","11":"tag-latvian","12":"tag-latviesu","13":"tag-latviesu-valoda","14":"tag-latviesuvaloda","15":"tag-latvija","16":"tag-lv"},"share_on_mastodon":{"url":"https:\/\/pubeurope.com\/@lv\/115824482240142798","error":""},"_links":{"self":[{"href":"https:\/\/www.europesays.com\/lv\/wp-json\/wp\/v2\/posts\/92296","targetHints":{"allow":["GET"]}}],"collection":[{"href":"https:\/\/www.europesays.com\/lv\/wp-json\/wp\/v2\/posts"}],"about":[{"href":"https:\/\/www.europesays.com\/lv\/wp-json\/wp\/v2\/types\/post"}],"author":[{"embeddable":true,"href":"https:\/\/www.europesays.com\/lv\/wp-json\/wp\/v2\/users\/2"}],"replies":[{"embeddable":true,"href":"https:\/\/www.europesays.com\/lv\/wp-json\/wp\/v2\/comments?post=92296"}],"version-history":[{"count":0,"href":"https:\/\/www.europesays.com\/lv\/wp-json\/wp\/v2\/posts\/92296\/revisions"}],"wp:featuredmedia":[{"embeddable":true,"href":"https:\/\/www.europesays.com\/lv\/wp-json\/wp\/v2\/media\/92297"}],"wp:attachment":[{"href":"https:\/\/www.europesays.com\/lv\/wp-json\/wp\/v2\/media?parent=92296"}],"wp:term":[{"taxonomy":"category","embeddable":true,"href":"https:\/\/www.europesays.com\/lv\/wp-json\/wp\/v2\/categories?post=92296"},{"taxonomy":"post_tag","embeddable":true,"href":"https:\/\/www.europesays.com\/lv\/wp-json\/wp\/v2\/tags?post=92296"}],"curies":[{"name":"wp","href":"https:\/\/api.w.org\/{rel}","templated":true}]}}