{"id":92312,"date":"2026-01-02T08:28:05","date_gmt":"2026-01-02T08:28:05","guid":{"rendered":"https:\/\/www.europesays.com\/lv\/92312\/"},"modified":"2026-01-02T08:28:05","modified_gmt":"2026-01-02T08:28:05","slug":"latvijas-kaimini-pieversas-laimei-ai-un-globalam-parmainam-lente-lv","status":"publish","type":"post","link":"https:\/\/www.europesays.com\/lv\/92312\/","title":{"rendered":"Latvijas kaimi\u0146i piev\u0113r\u0161as laimei, AI un glob\u0101l\u0101m p\u0101rmai\u0146\u0101m\u00a0\u2014\u00a0Lente.lv"},"content":{"rendered":"<p>Jaun\u0101 gada s\u0101kums ar da\u017e\u0101d\u0101m priorit\u0101t\u0113m<\/p>\n<p>At\u0161\u0137ir\u012bgas priorit\u0101tes un uzsvari domin\u0113ja m\u016bsu kaimi\u0146valstu prezidentu Jaungada uzrun\u0101s, atz\u012bm\u0113jot 2026. gada iest\u0101\u0161anos. Kam\u0113r da\u017ei l\u012bderi izv\u0113l\u0113j\u0101s \u201cm\u012b\u013ci \u0123imeniskas\u201d runas, citi dzi\u013c\u0101k analiz\u0113ja politisk\u0101s tendences un glob\u0101l\u0101s norises. K\u0101 inform\u0113 port\u0101ls jauns.lv, viena no iev\u0113rojam\u0101kaj\u0101m at\u0161\u0137ir\u012bb\u0101m bija Lietuvas prezidenta runas form\u0101ts, kas bija gandr\u012bz asto\u0146as reizes \u012bs\u0101ka nek\u0101 Somijas prezidenta uzrunai.<\/p>\n<p>Somija \u2013 laim\u012bg\u0101k\u0101 zeme un ambiciozi m\u0113r\u0137i<\/p>\n<p>Somija jau asto\u0146us gadus p\u0113c k\u0101rtas tiek atz\u012bta par pasaules laim\u012bg\u0101ko valsti, apliecinot savu unik\u0101lo pieeju sabiedr\u012bbas labkl\u0101j\u012bbas veicin\u0101\u0161an\u0101. Jaungada uzrun\u0101 Somijas prezidents Aleksandrs Stubbs uzsv\u0113ra tr\u012bs galvenos m\u0113r\u0137us 2026. gadam: miers, izaugsme un g\u0101d\u012bba. Vi\u0146\u0161 izteica p\u0101rliec\u012bbu, ka Somija ir modelis cit\u0101m valst\u012bm ar savu atv\u0113rto un demokr\u0101tisko sabiedr\u012bbu, augsto dz\u012bves l\u012bmeni un pasaules l\u012bme\u0146a izgl\u012bt\u012bbas sist\u0113mu. Prezidents ar\u012b nor\u0101d\u012bja uz nepiecie\u0161am\u012bbu stiprin\u0101t iek\u0161\u0113jo vienot\u012bbu, br\u012bdinot par polariz\u0101cijas b\u012bstam\u012bbu. Stubbs uzsv\u0113ra, ka, lai gan glob\u0101l\u0101s probl\u0113mas, piem\u0113ram, klimata p\u0101rmai\u0146as un m\u0101ksl\u012bgais intelekts, ir j\u0101risina kop\u0101 ar starptautiskiem partneriem, ikvienam Somijas iedz\u012bvot\u0101jam ir iesp\u0113ja ietekm\u0113t savas valsts n\u0101kotni ar sav\u0101m darb\u012bb\u0101m.<\/p>\n<p>Lietuva un Igaunija \u2013 atbild\u012bba, attiec\u012bbas un tehnolo\u0123ijas<\/p>\n<p>Lietuvas prezidents Gitans Naus\u0113da sav\u0101 uzrun\u0101 aicin\u0101ja dal\u012bties v\u0113rt\u012bg\u0101s idej\u0101s un patiesi ieklaus\u012bties cits cit\u0101, uzsverot atbild\u012bbas noz\u012bmi un nepalik\u0161anu vienaldz\u012bgam. Vi\u0146\u0161 ar\u012b piemin\u0113ja nepiecie\u0161am\u012bbu stiprin\u0101t nacion\u0101lo aizsardz\u012bbu un palielin\u0101t bud\u017eeta l\u012bdzek\u013cus \u0161im m\u0113r\u0137im, k\u0101 ar\u012b nodro\u0161in\u0101t ener\u0123\u0113tisko neatkar\u012bbu. Lietuvas prezidenta run\u0101 \u012bpa\u0161i izc\u0113l\u0101s vi\u0146a sievas Di\u0101nas piedal\u012b\u0161an\u0101s, kas pie\u0161\u0137\u012bra tai \u0123imenisk\u0101ku pieska\u0146u. Igaunijas prezidents Alars Kariss savuk\u0101rt piev\u0113rs\u0101s tehnolo\u0123iskaj\u0101m p\u0101rmai\u0146\u0101m, nor\u0101dot uz m\u0101ksl\u012bg\u0101 intelekta (MI) pieaugo\u0161o lomu. Vi\u0146\u0161 aicin\u0101ja tautie\u0161us vair\u0101k tic\u0113t sev un stiprin\u0101t valsti, lai t\u0101 b\u016btu dro\u0161a un laba dz\u012bvesvieta visiem iedz\u012bvot\u0101jiem. Kariss ar\u012b uzsv\u0113ra nepiecie\u0161am\u012bbu stiprin\u0101t Eiropas patst\u0101v\u012bbu un dro\u0161\u012bbu pasaul\u0113, kas saskaras ar arvien jauniem izaicin\u0101jumiem.<\/p>\n<p>Latvija un Valsts prezidenta aicin\u0101jums<\/p>\n<p>Latvijas Valsts prezidents Edgars Rink\u0113vi\u010ds sav\u0101 Jaungada uzrun\u0101 aicin\u0101ja ikvienu b\u016bt atbild\u012bgam un nepalikt vienaldz\u012bgam, uzsverot, ka sabiedr\u012bbas dro\u0161\u012bbas pamats ir savstarp\u0113ja uztic\u0113\u0161an\u0101s un pa\u0161u cilv\u0113ku r\u012bc\u012bba. Vi\u0146\u0161 aicin\u0101ja iedz\u012bvot\u0101jus nebaid\u012bties \u201csap\u0146ot, dar\u012bt, k\u013c\u016bd\u012bties un atkal dar\u012bt\u201d, uzsverot, ka katra cilv\u0113ka ieguld\u012bjums ir svar\u012bgs valsts att\u012bst\u012bb\u0101. Rink\u0113vi\u010ds izc\u0113la ar\u012b ikdienas \u201cs\u012bkumus\u201d, piem\u0113ram, atstarot\u0101ju lieto\u0161anu vai klasesbiedriem piezvan\u012b\u0161anu, k\u0101 svar\u012bgus elementus, kas veido kop\u0113jo sabiedr\u012bbas dro\u0161\u012bbu un labkl\u0101j\u012bbu. Prezidents pauda p\u0101rliec\u012bbu, ka 2026. gads b\u016bs labs, ja sabiedr\u012bba b\u016bs godpr\u0101t\u012bga, atbild\u012bga un izpal\u012bdz\u012bga.<\/p>\n<p>Glob\u0101l\u0101s tendences un n\u0101kotnes izaicin\u0101jumi<\/p>\n<p>Jaungada uzrun\u0101s tika skartas ar\u012b glob\u0101las p\u0101rmai\u0146as un n\u0101kotnes izaicin\u0101jumi. Tika piemin\u0113tas t\u0101das t\u0113mas k\u0101 m\u0101ksl\u012bgais intelekts, kas jau paredzams k\u013c\u016bs par noz\u012bm\u012bgu priorit\u0101ti uz\u0146\u0113m\u0113jdarb\u012bb\u0101. T\u0101pat tika aktualiz\u0113ti dro\u0161\u012bbas jaut\u0101jumi un nepiecie\u0161am\u012bba stiprin\u0101t Eiropas patst\u0101v\u012bbu glob\u0101laj\u0101 ar\u0113n\u0101. Latvijas kontekst\u0101, gaid\u0101mais 2026. gads sola b\u016bt noz\u012bm\u012bgs ar\u012b kiberdro\u0161\u012bbas jom\u0101, paredzot iesp\u0113jamu kiberdro\u0161\u012bbas incidentu un inform\u0101cijas nopl\u016bdi, kas var\u0113tu atkl\u0101t jaunus aspektus par sist\u0113mu darb\u012bbu. Tiek prognoz\u0113ts ar\u012b jauna politisk\u0101 sp\u0113ka par\u0101d\u012b\u0161an\u0101s un izgl\u012bt\u012bbas reformu att\u012bst\u012bba. \u0160ie faktori kopum\u0101 veido priek\u0161statu par sare\u017e\u0123\u012btu, bet dinamisku n\u0101kotni, kur\u0101 nepiecie\u0161ama gan nacion\u0101l\u0101 vienot\u012bba, gan glob\u0101la sadarb\u012bba.<\/p>\n","protected":false},"excerpt":{"rendered":"Jaun\u0101 gada s\u0101kums ar da\u017e\u0101d\u0101m priorit\u0101t\u0113m At\u0161\u0137ir\u012bgas priorit\u0101tes un uzsvari domin\u0113ja m\u016bsu kaimi\u0146valstu prezidentu Jaungada uzrun\u0101s, atz\u012bm\u0113jot 2026.&hellip;\n","protected":false},"author":2,"featured_media":92313,"comment_status":"","ping_status":"","sticky":false,"template":"","format":"standard","meta":{"footnotes":""},"categories":[14],"tags":[23,57,28,29,32,33,22,23178,30,31,35,39,38,36,37,34,40,87,20,26,27,23179,490,24,25,54,55,56,21,58],"class_list":{"0":"post-92312","1":"post","2":"type-post","3":"status-publish","4":"format-standard","5":"has-post-thumbnail","7":"category-zinas-no-arvalstim","8":"tag-aktualitates","9":"tag-arvalstim","10":"tag-breaking-news","11":"tag-breakingnews","12":"tag-featured-news","13":"tag-featurednews","14":"tag-headlines","15":"tag-jaungada-uzrunas","16":"tag-latest-news","17":"tag-latestnews","18":"tag-latvia","19":"tag-latvian","20":"tag-latviesu","21":"tag-latviesu-valoda","22":"tag-latviesuvaloda","23":"tag-latvija","24":"tag-lv","25":"tag-maksligais-intelekts","26":"tag-news","27":"tag-popularakas-zinas","28":"tag-popularakaszinas","29":"tag-prezidenti","30":"tag-somija","31":"tag-top-stories","32":"tag-topstories","33":"tag-world","34":"tag-world-news","35":"tag-worldnews","36":"tag-zinas","37":"tag-zinas-no-arvalstim"},"share_on_mastodon":{"url":"https:\/\/pubeurope.com\/@lv\/115824564900132705","error":""},"_links":{"self":[{"href":"https:\/\/www.europesays.com\/lv\/wp-json\/wp\/v2\/posts\/92312","targetHints":{"allow":["GET"]}}],"collection":[{"href":"https:\/\/www.europesays.com\/lv\/wp-json\/wp\/v2\/posts"}],"about":[{"href":"https:\/\/www.europesays.com\/lv\/wp-json\/wp\/v2\/types\/post"}],"author":[{"embeddable":true,"href":"https:\/\/www.europesays.com\/lv\/wp-json\/wp\/v2\/users\/2"}],"replies":[{"embeddable":true,"href":"https:\/\/www.europesays.com\/lv\/wp-json\/wp\/v2\/comments?post=92312"}],"version-history":[{"count":0,"href":"https:\/\/www.europesays.com\/lv\/wp-json\/wp\/v2\/posts\/92312\/revisions"}],"wp:featuredmedia":[{"embeddable":true,"href":"https:\/\/www.europesays.com\/lv\/wp-json\/wp\/v2\/media\/92313"}],"wp:attachment":[{"href":"https:\/\/www.europesays.com\/lv\/wp-json\/wp\/v2\/media?parent=92312"}],"wp:term":[{"taxonomy":"category","embeddable":true,"href":"https:\/\/www.europesays.com\/lv\/wp-json\/wp\/v2\/categories?post=92312"},{"taxonomy":"post_tag","embeddable":true,"href":"https:\/\/www.europesays.com\/lv\/wp-json\/wp\/v2\/tags?post=92312"}],"curies":[{"name":"wp","href":"https:\/\/api.w.org\/{rel}","templated":true}]}}