{"id":92390,"date":"2026-01-02T09:35:15","date_gmt":"2026-01-02T09:35:15","guid":{"rendered":"https:\/\/www.europesays.com\/lv\/92390\/"},"modified":"2026-01-02T09:35:15","modified_gmt":"2026-01-02T09:35:15","slug":"jauni-infrastrukturas-objekti-un-socialie-majokli-lente-lv","status":"publish","type":"post","link":"https:\/\/www.europesays.com\/lv\/92390\/","title":{"rendered":"jauni infrastrukt\u016bras objekti un soci\u0101lie m\u0101jok\u013ci\u00a0\u2014\u00a0Lente.lv"},"content":{"rendered":"<p>2025. gads Kurzem\u0113 \u2013 v\u0113rien\u012bgu b\u016bvniec\u012bbas projektu gads<\/p>\n<p>Kurzemes re\u0123ions 2025. gad\u0101 piedz\u012bvo iev\u0113rojamu b\u016bvniec\u012bbas aktivit\u0101ti, ko raksturo gan jaunu infrastrukt\u016bras objektu nodo\u0161ana ekspluat\u0101cij\u0101, gan soci\u0101l\u0101s infrastrukt\u016bras att\u012bst\u012bba. K\u0101 inform\u0113 Latvijas Sabiedriskie Mediji, gada nogal\u0113 ekspluat\u0101cij\u0101 nodots jaunais Liep\u0101jas cietums, Ventspil\u012b pabeigta pirm\u0101 jaun\u0101 zem\u0101s \u012bres daudzdz\u012bvok\u013cu m\u0101ju k\u0101rta, vair\u0101k\u0101s viet\u0101s Kurzem\u0113 uzs\u0101kta modernu pansion\u0101tu celtniec\u012bba, bet Liep\u0101j\u0101 atkl\u0101tas pirm\u0101s jaun\u0101s ielas biju\u0161\u0101s r\u016bpn\u012bcas &#8220;Liep\u0101jas metalurgs&#8221; teritorij\u0101. T\u0101pat Grobi\u0146\u0101 uzst\u0101d\u012bts Latvij\u0101 pirmais sinhronais kompensators, kas stiprina valsts energosist\u0113mas dro\u0161umu un savienojumu ar Eiropas t\u012bkliem.<\/p>\n<p>\u0160ie pozit\u012bvie notikumi gan nesp\u0113j piln\u012bb\u0101 aiz\u0113not tra\u0123isko statistiku uz Latvijas autoce\u013ciem, jo 2025. gads Kurzem\u0113 ir bijis \u012bpa\u0161i smags satiksmes negad\u012bjumu zi\u0146\u0101.<\/p>\n<p>Liep\u0101jas cietums \u2013 modern\u0101kais Zieme\u013ceirop\u0101<\/p>\n<p>Viens no noz\u012bm\u012bg\u0101kajiem 2025. gada b\u016bvniec\u012bbas projektiem ir jaunais Liep\u0101jas cietums, kas 28. august\u0101 tika nodots ekspluat\u0101cij\u0101, apsteidzot pl\u0101notos termi\u0146us un radot 5,3 miljonu eiro ietaup\u012bjumu valsts bud\u017eet\u0101. \u0160is modernais cietumu komplekss, kas izb\u016bv\u0113ts uz 30,5 hekt\u0101rus liela zemesgabala, paredz\u0113ts 1200 ieslodz\u012btajiem un ir apr\u012bkots ar administrat\u012bvo \u0113ku, uz\u0146em\u0161anas un \u012bpa\u0161o re\u017e\u012bmu korpusu, izgl\u012bt\u012bbas un nodarbin\u0101t\u012bbas bloku, k\u0101 ar\u012b vair\u0101kiem dz\u012bvojamiem kompleksiem. Projekta kop\u0113j\u0101s izmaksas sasniedza 125,8 miljonus eiro (bez PVN). Tiek uzsv\u0113rts, ka tas ir pirmais cietums Latvij\u0101, kas celts no jauna p\u0113c neatkar\u012bbas atjauno\u0161anas, un tas atbild\u012bs Eiropas Padomes cilv\u0113kties\u012bbu standartiem, pilnveidojot ieslodz\u012bto resocializ\u0101cijas procesu. Paredzams, ka cietums s\u0101ks pilnv\u0113rt\u012bgu darb\u012bbu 2026. gada mart\u0101, kad tiks pabeigta t\u0101 apr\u012bko\u0161ana un person\u0101la apm\u0101c\u012bba.<\/p>\n<p>Jauni m\u0101jok\u013ci Ventspil\u012b un moderna apr\u016bpe senioriem vis\u0101 Kurzem\u0113<\/p>\n<p>Ventspil\u012b 2025. gad\u0101 notikusi noz\u012bm\u012bga att\u012bst\u012bba m\u0101jok\u013cu jom\u0101 \u2013 pabeigta pirmo jauno zem\u0101s \u012bres daudzdz\u012bvok\u013cu m\u0101ju b\u016bvniec\u012bba Saules iel\u0101 122. \u0160is ir pirmais \u0161\u0101da veida projekts Ventspil\u012b vair\u0101k nek\u0101 35 gadu laik\u0101, un tas tiek \u012bstenots ar ALTUM un Eiropas Savien\u012bbas Atvese\u013co\u0161anas fonda atbalstu. Projekt\u0101 pl\u0101nots izb\u016bv\u0113t divas piecst\u0101vu \u0113kas ar kopum\u0101 60 dz\u012bvok\u013ciem, un interese par \u012bri ir \u013coti liela. T\u0101pat Kurzem\u0113 vair\u0101k\u0101s viet\u0101s ir uzs\u0101kta modernu pansion\u0101tu b\u016bvniec\u012bba, lai nodro\u0161in\u0101tu kvalitat\u012bvu apr\u016bpi senioriem. Piem\u0113ram, Laidzes pagast\u0101 norisin\u0101s soci\u0101l\u0101s apr\u016bpes centra b\u016bvniec\u012bba, kas paredz\u0113ta l\u012bdz gada beig\u0101m nodot \u0113kas zem jumta. Liep\u0101j\u0101 ar\u012b s\u0101kta jaunu senioru m\u0101ju kompleksa b\u016bvniec\u012bba, kas pied\u0101v\u0101s 48 cilv\u0113kiem dz\u012bvot \u0123imeniskai videi pietuvin\u0101t\u0101 vid\u0113 ar nepiecie\u0161amo apr\u016bpi.<\/p>\n<p>Industri\u0101l\u0101s zonas atdz\u012bvojas un ener\u0123\u0113tikas dro\u0161\u012bba tiek stiprin\u0101ta<\/p>\n<p>Liep\u0101j\u0101, biju\u0161\u0101s r\u016bpn\u012bcas &#8220;Liep\u0101jas metalurgs&#8221; teritorij\u0101, svin\u012bgi atkl\u0101tas pirm\u0101s tr\u012bs jaunizb\u016bv\u0113t\u0101s ielas \u2013 In\u017eenieru, Eksporta un Dzelzsgriez\u0113ja iela. \u0160is ir pirmais solis, lai teritoriju pak\u0101peniski atgrieztu pils\u0113tas ekonomiskaj\u0101 aprit\u0113 un piesaist\u012btu jaunus investorus, pl\u0101nojot kopum\u0101 izb\u016bv\u0113t asto\u0146as jaunas ielas. Industri\u0101l\u0101 parka att\u012bst\u012bbas iecere paredz piesaist\u012bt priv\u0101t\u0101s invest\u012bcijas vair\u0101k nek\u0101 275 miljonu eiro apm\u0113r\u0101 un rad\u012bt vismaz 1500 darbavietas.<\/p>\n<p>Ener\u0123\u0113tikas jom\u0101 noz\u012bm\u012bgs sasniegums ir pirm\u0101 sinhron\u0101 kompensatora stacijas uzst\u0101d\u012b\u0161ana Grobi\u0146\u0101, kas notika 9. janv\u0101r\u012b. \u0160\u012b iek\u0101rta ir Latvijas ener\u0123\u0113tisk\u0101s neatkar\u012bbas un dro\u0161\u012bbas nodro\u0161in\u0101\u0161anas projekta da\u013ca, kas nepiecie\u0161ama Baltijas valstu sinhroniz\u0101cijai ar kontinent\u0101l\u0101s Eiropas energot\u012bkliem. Kopum\u0101 Latvij\u0101 pl\u0101nots uzst\u0101d\u012bt tr\u012bs \u0161\u0101das stacijas \u2013 viena Grobi\u0146\u0101, otra Ventspil\u012b un tre\u0161\u0101 L\u012bksn\u0101, un t\u0101s nodro\u0161in\u0101s sist\u0113mas inerci un stabilit\u0101ti, \u012bpa\u0161i svar\u012bgi tas ir p\u0113c atvieno\u0161an\u0101s no BRELL t\u012bkla.<\/p>\n<p>Tra\u0123iskais gads uz ce\u013ciem Kurzem\u0113<\/p>\n<p>Neskatoties uz iev\u0113rojamo b\u016bvniec\u012bbas progresu un infrastrukt\u016bras att\u012bst\u012bbu Kurzem\u0113 2025. gad\u0101, gadu aiz\u0113no b\u0113d\u012bg\u0101 statistika uz autoce\u013ciem. \u0160is ir bijis tra\u0123isks gads satiksmes negad\u012bjumu zi\u0146\u0101, ar iev\u0113rojami pieaugu\u0161u boj\u0101g\u0101ju\u0161o skaitu. Daudzi negad\u012bjumi saist\u012bti ar p\u0101rgalv\u012bgu brauk\u0161anu, neuzman\u012bgiem manevriem un, diem\u017e\u0113l, satiksmes dal\u012bbnieku neapdom\u012bbu. Apr\u0113\u0137ini liecina, ka aptuveni 15% gad\u012bjumu dz\u012bv\u012bbu var\u0113ja nov\u0113rst, ja tiktu lietotas dro\u0161\u012bbas jostas. Valsts policija nor\u0101da, ka, sal\u012bdzinot ar iepriek\u0161\u0113jo gadu, negad\u012bjumu ar smagi ievainotajiem skaits ir audzis, un ar\u012b boj\u0101g\u0101ju\u0161o skaits ir pieaudzis. Diem\u017e\u0113l \u0161ogad satiksmes negad\u012bjumos dz\u012bv\u012bbu zaud\u0113ju\u0161i ar\u012b asto\u0146i b\u0113rni.<\/p>\n","protected":false},"excerpt":{"rendered":"2025. gads Kurzem\u0113 \u2013 v\u0113rien\u012bgu b\u016bvniec\u012bbas projektu gads Kurzemes re\u0123ions 2025. gad\u0101 piedz\u012bvo iev\u0113rojamu b\u016bvniec\u012bbas aktivit\u0101ti, ko raksturo&hellip;\n","protected":false},"author":2,"featured_media":92391,"comment_status":"","ping_status":"","sticky":false,"template":"","format":"standard","meta":{"footnotes":""},"categories":[12],"tags":[23,28,29,634,32,33,22,12979,1502,30,31,35,39,38,36,37,34,444,40,20,26,27,24,25,2988,21],"class_list":{"0":"post-92390","1":"post","2":"type-post","3":"status-publish","4":"format-standard","5":"has-post-thumbnail","7":"category-latvija","8":"tag-aktualitates","9":"tag-breaking-news","10":"tag-breakingnews","11":"tag-buvnieciba","12":"tag-featured-news","13":"tag-featurednews","14":"tag-headlines","15":"tag-infrastruktura","16":"tag-kurzeme","17":"tag-latest-news","18":"tag-latestnews","19":"tag-latvia","20":"tag-latvian","21":"tag-latviesu","22":"tag-latviesu-valoda","23":"tag-latviesuvaloda","24":"tag-latvija","25":"tag-liepaja","26":"tag-lv","27":"tag-news","28":"tag-popularakas-zinas","29":"tag-popularakaszinas","30":"tag-top-stories","31":"tag-topstories","32":"tag-ventspils","33":"tag-zinas"},"share_on_mastodon":{"url":"https:\/\/pubeurope.com\/@lv\/115824828479474302","error":""},"_links":{"self":[{"href":"https:\/\/www.europesays.com\/lv\/wp-json\/wp\/v2\/posts\/92390","targetHints":{"allow":["GET"]}}],"collection":[{"href":"https:\/\/www.europesays.com\/lv\/wp-json\/wp\/v2\/posts"}],"about":[{"href":"https:\/\/www.europesays.com\/lv\/wp-json\/wp\/v2\/types\/post"}],"author":[{"embeddable":true,"href":"https:\/\/www.europesays.com\/lv\/wp-json\/wp\/v2\/users\/2"}],"replies":[{"embeddable":true,"href":"https:\/\/www.europesays.com\/lv\/wp-json\/wp\/v2\/comments?post=92390"}],"version-history":[{"count":0,"href":"https:\/\/www.europesays.com\/lv\/wp-json\/wp\/v2\/posts\/92390\/revisions"}],"wp:featuredmedia":[{"embeddable":true,"href":"https:\/\/www.europesays.com\/lv\/wp-json\/wp\/v2\/media\/92391"}],"wp:attachment":[{"href":"https:\/\/www.europesays.com\/lv\/wp-json\/wp\/v2\/media?parent=92390"}],"wp:term":[{"taxonomy":"category","embeddable":true,"href":"https:\/\/www.europesays.com\/lv\/wp-json\/wp\/v2\/categories?post=92390"},{"taxonomy":"post_tag","embeddable":true,"href":"https:\/\/www.europesays.com\/lv\/wp-json\/wp\/v2\/tags?post=92390"}],"curies":[{"name":"wp","href":"https:\/\/api.w.org\/{rel}","templated":true}]}}