{"id":92404,"date":"2026-01-02T09:50:15","date_gmt":"2026-01-02T09:50:15","guid":{"rendered":"https:\/\/www.europesays.com\/lv\/92404\/"},"modified":"2026-01-02T09:50:15","modified_gmt":"2026-01-02T09:50:15","slug":"tv3-aicina-latviesus-sagaidit-jauno-2026-gadu-ar-iespaidigu-svetku-programmu-lente-lv","status":"publish","type":"post","link":"https:\/\/www.europesays.com\/lv\/92404\/","title":{"rendered":"TV3 aicina latvie\u0161us sagaid\u012bt Jauno 2026. gadu ar iespaid\u012bgu sv\u0113tku programmu\u00a0\u2014\u00a0Lente.lv"},"content":{"rendered":"<p>Vecgada vakara pied\u0101v\u0101jums: horoskopi, gada apskats un m\u016bzika<\/p>\n<p>Telekan\u0101ls TV3 gatavo v\u0113rien\u012bgu Vecgada vakara un Jaungada programmu, lai kop\u0101 ar skat\u012bt\u0101jiem atskat\u012btos uz aizvad\u012bt\u0101 gada notikumiem un sagaid\u012btu 2026. gadu. K\u0101 zi\u0146o telekan\u0101ls TV3, 31. decembr\u012b skat\u012bt\u0101jus sagaid\u012bs raid\u012bjuma \u201cBez Tabu\u201d speci\u0101lizlaidums ar 2026. gada horoskopiem. T\u0101pat tiks noskaidroti 2025. gada balvu ieguv\u0113ji, un TV3 Zi\u0146u dienesta komanda pied\u0101v\u0101s gada notikumu apskatu, sniedzot anal\u012btisku un informat\u012bvu ieskatu svar\u012bg\u0101kaj\u0101s 2025. gada epizod\u0113s \u2013 gan starptautisk\u0101s, gan iek\u0161politisk\u0101s aktualit\u0101t\u0113s, k\u0101 ar\u012b noz\u012bm\u012bg\u0101s tra\u0123\u0113dij\u0101s un uzvar\u0101s.<\/p>\n<p>\u201cN\u0101kamais b\u016bs v\u0113l lab\u0101ks!\u201d \u2013 kr\u0101\u0161\u0146ais Jaungada \u0161ovs<\/p>\n<p>Galvenais sv\u0113tku notikums b\u016bs TV3 un radio \u201cStar FM\u201d kop\u012bgi veidotais Jaungada \u0161ovs \u201cN\u0101kamais b\u016bs v\u0113l lab\u0101ks!\u201d, kas \u0113ter\u0101 non\u0101ks 31. decembr\u012b pulksten 21:30. \u0160is pas\u0101kums vienlaikus iez\u012bm\u0113 ar\u012b radio \u201cStar FM\u201d 25. jubilejas svin\u012bbu gada nosl\u0113gumu. \u0160ovs, kas ierakst\u012bts Zemgales Olimpiskaj\u0101 centr\u0101 Jelgav\u0101, pulc\u0113s asto\u0146as \u201cStar FM\u201d person\u012bbas \u2013 J\u0101ni Romanovski, Baibu Sipenieci-Gavari, Egonu Reitera, Maiju Roz\u012bti, R\u016btu Dvinsku, M\u0101rti\u0146u Spuri, Oskaru Lepers un M\u0101ri Grigali, kuri pirmo reizi Vecgada \u0161ov\u0101 uzst\u0101sies kop\u012bg\u0101 skatuv\u0113. Vi\u0146i kop\u0101 ar Latvijas spo\u017e\u0101kaj\u0101m m\u016bzikas zvaigzn\u0113m nodro\u0161in\u0101s sv\u0113tku atmosf\u0113ru, izpildot gan klaus\u012bt\u0101ju iem\u012b\u013cot\u0101k\u0101s dziesmas, gan jaun\u0101kos hitus, kas biju\u0161i popul\u0101ri p\u0113d\u0113jo 25 gadu laik\u0101. Starp gaid\u0101majiem m\u0101ksliniekiem ir t\u0101di grupas un izpild\u012bt\u0101ji k\u0101 \u201cInstrumenti\u201d, \u201cMusiqq\u201d, Ivo Fomins, Chris Noah, \u201cSudden Lights\u201d, \u201cThe Sound Poets\u201d, \u201cAstro`n`out\u201d, Olas, \u201cCiti z\u0113ni\u201d, Ozols, Andris \u0112rglis, Lauris Reiniks, Aija Andrejeva un daudzi citi.<\/p>\n<p>\u201cPr\u0101ta V\u0113tra\u201d grandiozais koncerts no Me\u017eaparka<\/p>\n<p>P\u0113c \u0161ova skat\u012bt\u0101ji var\u0113s baud\u012bt grupas \u201cPr\u0101ta V\u0113tra\u201d iespaid\u012bgo koncertu no Me\u017eaparka. Lai gan 2025. gad\u0101 \u201cPr\u0101ta V\u0113tra\u201d aizvad\u012bja savu \u201cPirm\u0101s dienas t\u016bri\u201d ar nosl\u0113guma koncertu Me\u017eaparka Lielaj\u0101 estr\u0101d\u0113, 2026. gada 1. janv\u0101ra programm\u0101 kan\u0101l\u0101 TV3 iek\u013cauts koncertieraksts. Grupas jaun\u0101kais koncertieraksts no Me\u017eaparka, kas ietver 27 dziesmas, ir pieejams ar\u012b digit\u0101l\u0101 video form\u0101t\u0101.<\/p>\n<p>Jaungada sagaid\u012b\u0161ana 1. janv\u0101r\u012b<\/p>\n<p>1. janv\u0101r\u012b kan\u0101la TV3 programma turpin\u0101sies ar sv\u0113tku raid\u012bjumiem. Jau pusnakt\u012b p\u0113c Jaungada \u0161ova b\u016bs iesp\u0113ja noskat\u012bties \u201cPr\u0101ta V\u0113tra\u201d koncertu no Me\u017eaparka, bet v\u0113l\u0101k \u0113ter\u0101 b\u016bs ar\u012b citi raid\u012bjumi, kas papildin\u0101s gadumijas svin\u012bbas.<\/p>\n","protected":false},"excerpt":{"rendered":"Vecgada vakara pied\u0101v\u0101jums: horoskopi, gada apskats un m\u016bzika Telekan\u0101ls TV3 gatavo v\u0113rien\u012bgu Vecgada vakara un Jaungada programmu, lai&hellip;\n","protected":false},"author":2,"featured_media":92405,"comment_status":"","ping_status":"","sticky":false,"template":"","format":"standard","meta":{"footnotes":""},"categories":[19],"tags":[89,90,23193,35,39,38,36,37,34,40,15300,267,15960],"class_list":{"0":"post-92404","1":"post","2":"type-post","3":"status-publish","4":"format-standard","5":"has-post-thumbnail","7":"category-izklaide","8":"tag-entertainment","9":"tag-izklaide","10":"tag-jaungada-sovs","11":"tag-latvia","12":"tag-latvian","13":"tag-latviesu","14":"tag-latviesu-valoda","15":"tag-latviesuvaloda","16":"tag-latvija","17":"tag-lv","18":"tag-prata-vetra","19":"tag-tv3","20":"tag-vecgada-vakars"},"share_on_mastodon":{"url":"https:\/\/pubeurope.com\/@lv\/115824887291407242","error":""},"_links":{"self":[{"href":"https:\/\/www.europesays.com\/lv\/wp-json\/wp\/v2\/posts\/92404","targetHints":{"allow":["GET"]}}],"collection":[{"href":"https:\/\/www.europesays.com\/lv\/wp-json\/wp\/v2\/posts"}],"about":[{"href":"https:\/\/www.europesays.com\/lv\/wp-json\/wp\/v2\/types\/post"}],"author":[{"embeddable":true,"href":"https:\/\/www.europesays.com\/lv\/wp-json\/wp\/v2\/users\/2"}],"replies":[{"embeddable":true,"href":"https:\/\/www.europesays.com\/lv\/wp-json\/wp\/v2\/comments?post=92404"}],"version-history":[{"count":0,"href":"https:\/\/www.europesays.com\/lv\/wp-json\/wp\/v2\/posts\/92404\/revisions"}],"wp:featuredmedia":[{"embeddable":true,"href":"https:\/\/www.europesays.com\/lv\/wp-json\/wp\/v2\/media\/92405"}],"wp:attachment":[{"href":"https:\/\/www.europesays.com\/lv\/wp-json\/wp\/v2\/media?parent=92404"}],"wp:term":[{"taxonomy":"category","embeddable":true,"href":"https:\/\/www.europesays.com\/lv\/wp-json\/wp\/v2\/categories?post=92404"},{"taxonomy":"post_tag","embeddable":true,"href":"https:\/\/www.europesays.com\/lv\/wp-json\/wp\/v2\/tags?post=92404"}],"curies":[{"name":"wp","href":"https:\/\/api.w.org\/{rel}","templated":true}]}}