{"id":92412,"date":"2026-01-02T09:56:08","date_gmt":"2026-01-02T09:56:08","guid":{"rendered":"https:\/\/www.europesays.com\/lv\/92412\/"},"modified":"2026-01-02T09:56:08","modified_gmt":"2026-01-02T09:56:08","slug":"lieluzvedums-indulis-un-arija-dzirnam-40-riga-izpelnas-stavovacijas-lente-lv","status":"publish","type":"post","link":"https:\/\/www.europesays.com\/lv\/92412\/","title":{"rendered":"Lieluzvedums &#8220;Indulis un \u0100rija. Dzirn\u0101m 40&#8221; R\u012bg\u0101 izpeln\u0101s st\u0101vov\u0101cijas\u00a0\u2014\u00a0Lente.lv"},"content":{"rendered":"<p>Lieluzvedums &#8220;Indulis un \u0100rija. Dzirn\u0101m 40&#8221; R\u012bg\u0101 izpeln\u0101s st\u0101vov\u0101cijas<\/p>\n<p>L\u0101\u010dpl\u0113\u0161a dien\u0101, 11. novembr\u012b, pilnaj\u0101 &#8220;Xiaomi Ar\u0113n\u0101&#8221; R\u012bg\u0101 notika patriotiskais deju lieluzvedums &#8220;Indulis un \u0100rija. Dzirn\u0101m 40&#8221;. K\u0101 zi\u0146o Latvijas Av\u012bze, pas\u0101kums tika izr\u0101d\u012bts divas reizes, un abi seansi nosl\u0113dz\u0101s ar skat\u012bt\u0101ju st\u0101vov\u0101cij\u0101m un sirsn\u012bgiem aplausiem. Deju skolas &#8220;Dzirnas&#8221; dejot\u0101ji, vad\u012bt\u0101ji un visa izr\u0101des m\u0101ksliniecisk\u0101 komanda sa\u0146\u0113ma peln\u012btu atzin\u012bbu par \u0161o skaisto un iespaid\u012bgo notikumu.<\/p>\n<p>Divas noz\u012bm\u012bgas jubilejas vienkop<\/p>\n<p>Pas\u0101kums vienlaikus godin\u0101ja divas noz\u012bm\u012bgas jubilejas \u2013 dzejnieka Rai\u0146a 160. dzim\u0161anas dienu un deju skolas &#8220;Dzirnas&#8221; 40. gadadienu. \u0160is notikums apliecin\u0101ja m\u0101kslas sp\u0113ju vienot un iedvesmot, radot patriotisku st\u0101stu par n\u0101ciju, t\u0101s sp\u0113ku un viedumu.<\/p>\n<p>Rai\u0146a mantojums deju valod\u0101<\/p>\n<p>Jaunais iestud\u0113jums balst\u012bts uz Rai\u0146a romantisk\u0101s tra\u0123\u0113dijas &#8220;Indulis un \u0100rija&#8221; mot\u012bviem, pied\u0101v\u0101jot laikmet\u012bgu interpret\u0101ciju dejas valod\u0101. Horeogr\u0101fs Agris Da\u0146i\u013cevi\u010ds uzsv\u0113ris, ka izr\u0101de veidota, lai rosin\u0101tu skat\u012bt\u0101jus dom\u0101t un just, nevis sniegt gatavas atbildes, atspogu\u013cojot Rai\u0146a dai\u013cradei rakstur\u012bgo dzi\u013cumu. Ori\u0123in\u0101lm\u016bziku uzvedumam rad\u012bjis komponists Valters P\u016bce, un to dz\u012bvaj\u0101 izpild\u012bjis kameror\u0137estris &#8220;Sinfonietta R\u012bga&#8221; kop\u0101 ar jaunie\u0161u kori &#8220;Balsis&#8221;.<\/p>\n<p>Re\u017eisora redz\u0113jums un patriotiskais v\u0113st\u012bjums<\/p>\n<p>Re\u017eisors Intars Re\u0161etins-P\u0113tersons, kur\u0161 ir ar\u012b zemessargs, uzsv\u0113ris izr\u0101des aktualit\u0101ti m\u016bsdienu \u0123eopolitiskaj\u0101 situ\u0101cij\u0101, radot patriotisku st\u0101stu par n\u0101ciju, likteni un sen\u010diem. Vi\u0146\u0161 nor\u0101d\u012bjis, ka izr\u0101de ir iesp\u0113ja aizdom\u0101ties par identit\u0101ti un atbild\u012bbu \u0161odien, akcent\u0113jot nepiecie\u0161am\u012bbu b\u016bt salied\u0113tiem un raudz\u012bties gai\u0161\u0101 n\u0101kotn\u0113. Izr\u0101de nav moraliz\u0113jo\u0161a, bet gan mudina skat\u012bt\u0101jus uz p\u0101rdom\u0101m un dzi\u013c\u0101k\u0101m izj\u016bt\u0101m.<\/p>\n<p>Vair\u0101k nek\u0101 600 dejot\u0101ju uz skatuves<\/p>\n<p>Lieluzvedum\u0101 piedal\u012bj\u0101s vair\u0101k nek\u0101 600 dejot\u0101ju, radot iespaid\u012bgu skatuves pieredzi. Taj\u0101 iesaist\u012bj\u0101s visu paaud\u017eu &#8220;Dzirnu&#8221; dejot\u0101ji, k\u0101 ar\u012b pieaicin\u0101tie deju kolekt\u012bvi &#8220;Lielupe&#8221; un &#8220;Ogre&#8221;, papildus piedal\u012bj\u0101s ar\u012b dejot\u0101ji kop\u0101 ar saviem vec\u0101kiem. \u0160\u0101ds pla\u0161ais dal\u012bbnieku loks \u013c\u0101va uz skatuves sav\u012bt da\u017e\u0101das paaudzes un deju pieredzes, radot dinamiska un emocion\u0101li pies\u0101tin\u0101ta uzveduma. &#8220;Dzirnu&#8221; rado\u0161ais lidojums un tehnisk\u0101 var\u0113\u0161ana vienm\u0113r saglab\u0101 latvisk\u0101s pamatv\u0113rt\u012bbas un m\u012blest\u012bbu pret deju, ko apliecina ar\u012b skolas moto \u2013 dejot ir laime!<\/p>\n","protected":false},"excerpt":{"rendered":"Lieluzvedums &#8220;Indulis un \u0100rija. Dzirn\u0101m 40&#8221; R\u012bg\u0101 izpeln\u0101s st\u0101vov\u0101cijas L\u0101\u010dpl\u0113\u0161a dien\u0101, 11. novembr\u012b, pilnaj\u0101 &#8220;Xiaomi Ar\u0113n\u0101&#8221; R\u012bg\u0101 notika&hellip;\n","protected":false},"author":2,"featured_media":92413,"comment_status":"","ping_status":"","sticky":false,"template":"","format":"standard","meta":{"footnotes":""},"categories":[19],"tags":[14904,5104,89,1377,90,11267,35,39,38,36,37,34,40,1068],"class_list":{"0":"post-92412","1":"post","2":"type-post","3":"status-publish","4":"format-standard","5":"has-post-thumbnail","7":"category-izklaide","8":"tag-deju-lieluzvedums","9":"tag-dzirnas","10":"tag-entertainment","11":"tag-indulis-un-arija","12":"tag-izklaide","13":"tag-lacplesa-diena","14":"tag-latvia","15":"tag-latvian","16":"tag-latviesu","17":"tag-latviesu-valoda","18":"tag-latviesuvaloda","19":"tag-latvija","20":"tag-lv","21":"tag-xiaomi-arena"},"share_on_mastodon":{"url":"https:\/\/pubeurope.com\/@lv\/115824910873171373","error":""},"_links":{"self":[{"href":"https:\/\/www.europesays.com\/lv\/wp-json\/wp\/v2\/posts\/92412","targetHints":{"allow":["GET"]}}],"collection":[{"href":"https:\/\/www.europesays.com\/lv\/wp-json\/wp\/v2\/posts"}],"about":[{"href":"https:\/\/www.europesays.com\/lv\/wp-json\/wp\/v2\/types\/post"}],"author":[{"embeddable":true,"href":"https:\/\/www.europesays.com\/lv\/wp-json\/wp\/v2\/users\/2"}],"replies":[{"embeddable":true,"href":"https:\/\/www.europesays.com\/lv\/wp-json\/wp\/v2\/comments?post=92412"}],"version-history":[{"count":0,"href":"https:\/\/www.europesays.com\/lv\/wp-json\/wp\/v2\/posts\/92412\/revisions"}],"wp:featuredmedia":[{"embeddable":true,"href":"https:\/\/www.europesays.com\/lv\/wp-json\/wp\/v2\/media\/92413"}],"wp:attachment":[{"href":"https:\/\/www.europesays.com\/lv\/wp-json\/wp\/v2\/media?parent=92412"}],"wp:term":[{"taxonomy":"category","embeddable":true,"href":"https:\/\/www.europesays.com\/lv\/wp-json\/wp\/v2\/categories?post=92412"},{"taxonomy":"post_tag","embeddable":true,"href":"https:\/\/www.europesays.com\/lv\/wp-json\/wp\/v2\/tags?post=92412"}],"curies":[{"name":"wp","href":"https:\/\/api.w.org\/{rel}","templated":true}]}}