{"id":92416,"date":"2026-01-02T10:00:09","date_gmt":"2026-01-02T10:00:09","guid":{"rendered":"https:\/\/www.europesays.com\/lv\/92416\/"},"modified":"2026-01-02T10:00:09","modified_gmt":"2026-01-02T10:00:09","slug":"japartrauc-si-mazosanas-tik-garas-svetku-brivdienas-dalai-sabiedribas-jau-ir-apnikusas","status":"publish","type":"post","link":"https:\/\/www.europesays.com\/lv\/92416\/","title":{"rendered":"\u201cJ\u0101p\u0101rtrauc \u0161\u012b m\u0101\u017eo\u0161an\u0101s!\u201d Tik gar\u0101s sv\u0113tku br\u012bvdienas da\u013cai sabiedr\u012bbas jau ir apniku\u0161as"},"content":{"rendered":"<p>    <img decoding=\"async\" src=\"https:\/\/www.europesays.com\/lv\/wp-content\/uploads\/2026\/01\/Zagarkalnaa_sleepo.jpg\" alt=\"&#10;\"\/><\/p>\n<p>Foto: Ilze P\u0113tersone un Riekstukalna, \u017dagarkalna un Rei\u0146a trases publicit\u0101tes foto\n<\/p>\n<p>2026. gad\u0101 tiek p\u0101rceltas divas darba dienas. Darba diena 2. janv\u0101r\u012b, kas ir piektdiena un iekr\u012bt starp sv\u0113tku dienu ceturtdienu \u2013 1. janv\u0101ri, un sestdienu \u2013 3. janv\u0101ri, tiek p\u0101rcelta uz sestdienu \u2013 17. janv\u0101ri. Savuk\u0101rt pirmdiena 22. j\u016bnijs, kas iekr\u012bt starp sv\u0113tdienu \u2013 21. j\u016bniju, un sv\u0113tku dienu otrdienu \u2013 23. j\u016bniju, k\u0101 darba diena tiks p\u0101rcelta uz sestdienu \u2013 27. j\u016bniju, inform\u0113 Labkl\u0101j\u012bbas ministrija.<\/p>\n<p>        Las\u012bt\u0101kie<br \/>\n        <a data-imagesrc=\"{&quot;300&quot;:&quot;https:\\\/\\\/lastatic.ams3.cdn.digitaloceanspaces.com\\\/2015\\\/01\\\/VWPassatB6_11-300x200.jpg&quot;,&quot;80&quot;:&quot;https:\\\/\\\/lastatic.ams3.cdn.digitaloceanspaces.com\\\/2015\\\/01\\\/VWPassatB6_11-80x48.jpg&quot;,&quot;112&quot;:&quot;https:\\\/\\\/lastatic.ams3.cdn.digitaloceanspaces.com\\\/2015\\\/01\\\/VWPassatB6_11-112x64.jpg&quot;,&quot;664&quot;:&quot;https:\\\/\\\/lastatic.ams3.cdn.digitaloceanspaces.com\\\/2015\\\/01\\\/VWPassatB6_11-664x443.jpg&quot;,&quot;239&quot;:&quot;https:\\\/\\\/lastatic.ams3.cdn.digitaloceanspaces.com\\\/2015\\\/01\\\/VWPassatB6_11-239x160.jpg&quot;,&quot;263&quot;:&quot;https:\\\/\\\/lastatic.ams3.cdn.digitaloceanspaces.com\\\/2015\\\/01\\\/VWPassatB6_11-263x175.jpg&quot;,&quot;506&quot;:&quot;https:\\\/\\\/lastatic.ams3.cdn.digitaloceanspaces.com\\\/2015\\\/01\\\/VWPassatB6_11-506x338.jpg&quot;,&quot;118&quot;:&quot;https:\\\/\\\/lastatic.ams3.cdn.digitaloceanspaces.com\\\/2015\\\/01\\\/VWPassatB6_11-118x70.jpg&quot;,&quot;348&quot;:&quot;https:\\\/\\\/lastatic.ams3.cdn.digitaloceanspaces.com\\\/2015\\\/01\\\/VWPassatB6_11-348x225.jpg&quot;,&quot;640&quot;:&quot;https:\\\/\\\/lastatic.ams3.cdn.digitaloceanspaces.com\\\/2015\\\/01\\\/VWPassatB6_11-640x534.jpg&quot;,&quot;90&quot;:&quot;https:\\\/\\\/lastatic.ams3.cdn.digitaloceanspaces.com\\\/2015\\\/01\\\/VWPassatB6_11-90x58.jpg&quot;,&quot;800&quot;:&quot;https:\\\/\\\/lastatic.ams3.cdn.digitaloceanspaces.com\\\/2015\\\/01\\\/VWPassatB6_11.jpg&quot;}\" data-focuspoint=\"&quot;&quot;\" data-p=\"2485867\" href=\"https:\/\/www.la.lv\/ja-tev-pieder-kada-no-sim-7-automasinam-iespejams-ir-istais-bridis-sakt-domat-par-pardosanu\" class=\"content-item lazy-load\" wp_automatic_readability=\"27.5\" rel=\"nofollow noopener\" target=\"_blank\"><\/p>\n<p>                                <img decoding=\"async\" src=\"\" alt=\"\" style=\"\" data-imageid=\"\"\/><\/p>\n<p>\n                                                Ja tev pieder k\u0101da no \u0161\u012bm 7 automa\u0161\u012bn\u0101m, iesp\u0113jams, ir \u012bstais br\u012bdis s\u0101kt dom\u0101t par p\u0101rdo\u0161anu\n                            <\/p>\n<p><\/a><a data-imagesrc=\"{&quot;300&quot;:&quot;https:\\\/\\\/lastatic.ams3.cdn.digitaloceanspaces.com\\\/2022\\\/01\\\/krievija-300x190.jpg&quot;,&quot;1024&quot;:&quot;https:\\\/\\\/lastatic.ams3.cdn.digitaloceanspaces.com\\\/2022\\\/01\\\/krievija-1024x649.jpg&quot;,&quot;768&quot;:&quot;https:\\\/\\\/lastatic.ams3.cdn.digitaloceanspaces.com\\\/2022\\\/01\\\/krievija-768x487.jpg&quot;,&quot;200&quot;:&quot;https:\\\/\\\/lastatic.ams3.cdn.digitaloceanspaces.com\\\/2022\\\/01\\\/krievija-200x127.jpg&quot;,&quot;400&quot;:&quot;https:\\\/\\\/lastatic.ams3.cdn.digitaloceanspaces.com\\\/2022\\\/01\\\/krievija-400x253.jpg&quot;,&quot;500&quot;:&quot;https:\\\/\\\/lastatic.ams3.cdn.digitaloceanspaces.com\\\/2022\\\/01\\\/krievija-500x317.jpg&quot;,&quot;800&quot;:&quot;https:\\\/\\\/lastatic.ams3.cdn.digitaloceanspaces.com\\\/2022\\\/01\\\/krievija-800x507.jpg&quot;,&quot;1000&quot;:&quot;https:\\\/\\\/lastatic.ams3.cdn.digitaloceanspaces.com\\\/2022\\\/01\\\/krievija-1000x634.jpg&quot;,&quot;1190&quot;:&quot;https:\\\/\\\/lastatic.ams3.cdn.digitaloceanspaces.com\\\/2022\\\/01\\\/krievija.jpg&quot;}\" data-focuspoint=\"&quot;&quot;\" data-p=\"2475998\" href=\"https:\/\/www.la.lv\/navejosa-slimiba-ar-kuru-var-inficeties-pat-no-pasmaju-aboliem-arste-atklaj-interesantas-detalas-par-leptospirozi\" class=\"content-item lazy-load\" wp_automatic_readability=\"27\" rel=\"nofollow noopener\" target=\"_blank\"><\/p>\n<p>                                <img decoding=\"async\" src=\"\" alt=\"\" style=\"\" data-imageid=\"\"\/><\/p>\n<p>                                            N\u0101v\u0113jo\u0161\u0101 slim\u012bba, ar kuru var infic\u0113ties pat no pa\u0161m\u0101ju \u0101boliem. \u0100rste atkl\u0101j interesantas deta\u013cas par leptospirozi<\/p>\n<p><\/a><a data-imagesrc=\"{&quot;300&quot;:&quot;https:\\\/\\\/lastatic.ams3.cdn.digitaloceanspaces.com\\\/2026\\\/01\\\/shutterstock_2685252749-300x172.jpg&quot;,&quot;1024&quot;:&quot;https:\\\/\\\/lastatic.ams3.cdn.digitaloceanspaces.com\\\/2026\\\/01\\\/shutterstock_2685252749-1024x589.jpg&quot;,&quot;1536&quot;:&quot;https:\\\/\\\/lastatic.ams3.cdn.digitaloceanspaces.com\\\/2026\\\/01\\\/shutterstock_2685252749-1536x883.jpg&quot;,&quot;500&quot;:&quot;https:\\\/\\\/lastatic.ams3.cdn.digitaloceanspaces.com\\\/2026\\\/01\\\/shutterstock_2685252749-500x287.jpg&quot;,&quot;800&quot;:&quot;https:\\\/\\\/lastatic.ams3.cdn.digitaloceanspaces.com\\\/2026\\\/01\\\/shutterstock_2685252749-800x460.jpg&quot;,&quot;2560&quot;:&quot;https:\\\/\\\/lastatic.ams3.cdn.digitaloceanspaces.com\\\/2026\\\/01\\\/shutterstock_2685252749-scaled.jpg&quot;}\" data-focuspoint=\"&quot;&quot;\" data-p=\"2485210\" href=\"https:\/\/www.la.lv\/lielais-2026-gada-horoskops-visam-zodiaka-zimem-kas-gaidams-attiecibas-finansu-joma-un-kada-bus-veseliba\" class=\"content-item lazy-load\" wp_automatic_readability=\"27\" rel=\"nofollow noopener\" target=\"_blank\"><\/p>\n<p>                                <img decoding=\"async\" src=\"\" alt=\"\" style=\"\" data-imageid=\"\"\/><\/p>\n<p>                                Kokteilis<\/p>\n<p>\n                                                Lielais 2026. gada horoskops vis\u0101m zodiaka z\u012bm\u0113m \u2013 kas gaid\u0101ms attiec\u012bb\u0101s, finan\u0161u jom\u0101 un k\u0101da b\u016bs vesel\u012bba?\n                            <\/p>\n<p><\/a><br \/>\n        <a class=\"read-more\" href=\"https:\/\/www.la.lv\/top\" rel=\"nofollow noopener\" target=\"_blank\">Las\u012bt citas zi\u0146as<\/a><\/p>\n<p>Cik zin\u0101ms, daudziem str\u0101d\u0101jo\u0161ajiem p\u0113rn\u0101 gada nogale visp\u0101r bijusi br\u012bvdien\u0101m bag\u0101ta, jo da\u017ei darba dev\u0113ji l\u0113mu\u0161i pie\u0161\u0137irt gar\u0101kas br\u012bvdienas, bet da\u017ei darba \u0146\u0113m\u0113ji \u0161o laiku izmantoju\u0161i atva\u013cin\u0101jumam \u2013 par sal\u012bdzino\u0161i maz atva\u013cin\u0101juma dien\u0101m bija iesp\u0113jams sa\u0146emt sam\u0113r\u0101 garu \u201cbr\u012bv\u012bbu\u201d.<\/p>\n<p>Tom\u0113r izskat\u0101s, ka da\u017eiem jau ir apnicis, k\u0101 ar\u012b j\u016btama neapmierin\u0101t\u012bba par p\u0101rceltaj\u0101m darba dien\u0101m, kas noz\u012bm\u0113, ka, piem\u0113ram, 17.janv\u0101ra darbdienas d\u0113\u013c taj\u0101 ned\u0113\u013c\u0101 b\u016bs gr\u016bt\u0101k, jo b\u016bs vair\u0101k darbdienu.<\/p>\n<p>    CITI \u0160OBR\u012aD LASA<\/p>\n<p>Diskusija par \u0161o t\u0113mu rais\u0101s ar\u012b soct\u012bkl\u0101 \u201cX\u201d, kur k\u0101ds lietot\u0101js nor\u0101da, ka vi\u0146\u0161 \u0161odien str\u0101d\u0101jot: \u201c\u0160odien man ir darba diena. Latvij\u0101 daudziem ir br\u012bvdiena, jo ir p\u0101rcelta uz kaut k\u0101du sestdienu. Manupr\u0101t, j\u0101p\u0101rtrauc \u0161\u012b m\u0101\u017eo\u0161an\u0101s ar p\u0101rceltaj\u0101m dien\u0101m. J\u0101, iekrita viena darbadiena starp 4 br\u012bvdien\u0101m, nekas tra\u0123isks, t\u0101 gad\u0101s. Ja gribi br\u012bvdienu, tad izt\u0113r\u0113 atva\u013cin\u0101juma dienu!\u201d<\/p>\n<blockquote class=\"twitter-tweet\" wp_automatic_readability=\"15.322033898305\">\n<p lang=\"lv\" dir=\"ltr\">\u0160odien man ir darba diena.<br \/>Latvij\u0101 daudziem ir br\u012bvdiena, jo ir p\u0101rcelta uz kaut k\u0101du sestdienu.<br \/>Manupr\u0101t j\u0101p\u0101rtrauc \u0161\u012b m\u0101\u017eo\u0161an\u0101s ar p\u0101rceltaj\u0101m dien\u0101m. J\u0101, iekrita viena darbadiena starp 4 br\u012bvdien\u0101m, nekas tra\u0123isks, t\u0101 gad\u0101s. Ja gribi br\u012bvdienu, tad izt\u0113r\u0113 atva\u013cin\u0101juma dienu.<\/p>\n<p>\u2014 D\u0101vis Vi\u013cums (@DavisVilums) <a href=\"https:\/\/twitter.com\/DavisVilums\/status\/2006997305657053486?ref_src=twsrc%5Etfw\" rel=\"nofollow noopener\" target=\"_blank\">January 2, 2026<\/a><\/p>\n<\/blockquote>\n<p>Koment\u0113t\u0101ju viedok\u013ci dal\u0101s \u2013 ir gan garo br\u012bvdienu piekrit\u0113ji, gan t\u0101di, kas labpr\u0101t\u0101k \u0161odien str\u0101d\u0101.<\/p>\n<p>\u201cNu es t\u0101 ar\u012b daru. Pa\u0146\u0113mu br\u012bvdienu \u0161odien. Debili ir tas, ka bernud\u0101rzs nestr\u0101d\u0101.\u201d<\/p>\n<p>\u201cIr pamatots pamatojums (ieguvums) \u2013 k\u0101p\u0113c p\u0101rce\u013c? Un kuram tas ieguvums? Man nav izdevies \u012bsti saprast. Policijai, neatliekamajai pal\u012bdz\u012bbai, asins donoru centram, nelabv\u0113l\u012bgo \u0123im. b\u0113rniem t\u0101s ir papildu likstas, cik izskan publiski.\u201d<\/p>\n<p>\u201cAr t\u0101m p\u0101rceltaj\u0101m dien\u0101m man san\u0101ca t\u0101 \u2013 pa\u0146\u0113mu atva\u013cin\u0101juma ned\u0113\u013cu no 22.12. Faktisk\u0101s apmaks\u0101t\u0101s br\u012bvdienas \u2013 22.,23.,29.,30. Otrais janv\u0101ris ar\u012b skait\u0101s \u201cdarba diena\u201d, kur\u0101 man ir atva\u013cin\u0101jums, bet 17.01 man t\u0101pat j\u0101atstr\u0101d\u0101. WTF?\u201d<\/p>\n<p>\u201cLaba komp\u0101nija vienk\u0101r\u0161i t\u0101pat pie\u0161\u0137irtu br\u012bvdienu. Nav likuma kur\u0161 teiktu ka nedr\u012bkst.\u201d<\/p>\n<p>\u201cK\u0101p\u0113c b\u016btu j\u0101\u010dakar\u0113 cilv\u0113kiem dz\u012bve? Tie\u0161i latvie\u0161iem ir lauku m\u0101jas, kur\u0101s pavad\u012bt laiku kop\u0101 ar vec\u0101kiem visai \u0123imenei. K\u0101p\u0113c to mazin\u0101t?\u201d<\/p>\n<p>\u201cBr\u012bvdiena, protams, ir for\u0161i, bet viena br\u012bvdiena p\u0113c se\u0161\u0101m darba dien\u0101m gan ir par maz. K\u0101 reizi \u0161aj\u0101s garaj\u0101s br\u012bvdien\u0101s p\u0101rdom\u0101ju iesp\u0113ju ar priek\u0161nieku n\u0101kotn\u0113 izrun\u0101t, ka nev\u0113los p\u0101rnest\u0101s br\u012bvdienas.\u201d<\/p>\n<p>\u201cIzbeidz, ej un str\u0101d\u0101. Manis p\u0113c visas var\u0113tu b\u016bt br\u012bvdienas.\u201d<\/p>\n<p>\u201cJa tev ir darba diena, tad ej un str\u0101d\u0101, nevis t\u0113r\u0113 laiku tviterim. Pa\u0146em br\u012bvdienu, ja vajag, bet neraudi.\u201d<\/p>\n<p>\u201cMan gan pat\u012bk br\u012bvdiena, tas ir k\u0101 mazs atva\u013cin\u0101jums. Un t\u0101s p\u0101ris sestdienas gad\u0101 aiziet uz darbu nek\u0101d\u0101 zi\u0146\u0101 neko nemait\u0101. T\u0101 jau tas atvalin\u0101jums ir tik \u012bss, v\u0113l vienu dienu t\u0113r\u0113t visp\u0101r liekas mu\u013c\u0137\u012bga ideja.\u201d<\/p>\n<p>\n    LA.LV Aptauja<br \/>\n    Ko Tu dari 2.janv\u0101r\u012b?<\/p>\n<ul class=\"poll-options\" wp_automatic_readability=\"0.5\">\n<li class=\"poll-option\" data-id=\"cfcd208495d565ef66e7dff9f98764da\">\n<p>Str\u0101d\u0101ju<\/p>\n<\/li>\n<li class=\"poll-option\" data-id=\"c4ca4238a0b923820dcc509a6f75849b\" wp_automatic_readability=\"0\">\n<p>Nestr\u0101d\u0101ju, bet dar\u012b\u0161u to 17.janv\u0101r\u012b<\/p>\n<\/li>\n<li class=\"poll-option\" data-id=\"c81e728d9d4c2f636f067f89cc14862c\" wp_automatic_readability=\"-1\">\n<p>Nestr\u0101d\u0101ju \u0161odien un nestr\u0101d\u0101\u0161u 17.janv\u0101r\u012b<\/p>\n<\/li>\n<li class=\"poll-option\" data-id=\"eccbc87e4b5ce2fe28308fd9f2a7baf3\">\n<p>Esmu atva\u013cin\u0101jum\u0101<\/p>\n<\/li>\n<li class=\"poll-option\" data-id=\"a87ff679a2f3e71d9181a67b7542122c\" wp_automatic_readability=\"-1\">\n<p>Neesmu darba attiec\u012bb\u0101s<\/p>\n<\/li>\n<\/ul>\n<p>T\u0113mas<\/p>\n<p>    SAIST\u012aTIE RAKSTI<\/p>\n<p>                            <script async src=\"https:\/\/platform.twitter.com\/widgets.js\" charset=\"utf-8\"><\/script><\/p>\n","protected":false},"excerpt":{"rendered":"Foto: Ilze P\u0113tersone un Riekstukalna, \u017dagarkalna un Rei\u0146a trases publicit\u0101tes foto 2026. gad\u0101 tiek p\u0101rceltas divas darba dienas.&hellip;\n","protected":false},"author":2,"featured_media":92417,"comment_status":"","ping_status":"","sticky":false,"template":"","format":"standard","meta":{"footnotes":""},"categories":[12],"tags":[23,28,29,32,33,22,30,31,35,39,38,36,37,34,40,20,26,27,24,25,21],"class_list":{"0":"post-92416","1":"post","2":"type-post","3":"status-publish","4":"format-standard","5":"has-post-thumbnail","7":"category-latvija","8":"tag-aktualitates","9":"tag-breaking-news","10":"tag-breakingnews","11":"tag-featured-news","12":"tag-featurednews","13":"tag-headlines","14":"tag-latest-news","15":"tag-latestnews","16":"tag-latvia","17":"tag-latvian","18":"tag-latviesu","19":"tag-latviesu-valoda","20":"tag-latviesuvaloda","21":"tag-latvija","22":"tag-lv","23":"tag-news","24":"tag-popularakas-zinas","25":"tag-popularakaszinas","26":"tag-top-stories","27":"tag-topstories","28":"tag-zinas"},"share_on_mastodon":{"url":"https:\/\/pubeurope.com\/@lv\/115824927209577760","error":""},"_links":{"self":[{"href":"https:\/\/www.europesays.com\/lv\/wp-json\/wp\/v2\/posts\/92416","targetHints":{"allow":["GET"]}}],"collection":[{"href":"https:\/\/www.europesays.com\/lv\/wp-json\/wp\/v2\/posts"}],"about":[{"href":"https:\/\/www.europesays.com\/lv\/wp-json\/wp\/v2\/types\/post"}],"author":[{"embeddable":true,"href":"https:\/\/www.europesays.com\/lv\/wp-json\/wp\/v2\/users\/2"}],"replies":[{"embeddable":true,"href":"https:\/\/www.europesays.com\/lv\/wp-json\/wp\/v2\/comments?post=92416"}],"version-history":[{"count":0,"href":"https:\/\/www.europesays.com\/lv\/wp-json\/wp\/v2\/posts\/92416\/revisions"}],"wp:featuredmedia":[{"embeddable":true,"href":"https:\/\/www.europesays.com\/lv\/wp-json\/wp\/v2\/media\/92417"}],"wp:attachment":[{"href":"https:\/\/www.europesays.com\/lv\/wp-json\/wp\/v2\/media?parent=92416"}],"wp:term":[{"taxonomy":"category","embeddable":true,"href":"https:\/\/www.europesays.com\/lv\/wp-json\/wp\/v2\/categories?post=92416"},{"taxonomy":"post_tag","embeddable":true,"href":"https:\/\/www.europesays.com\/lv\/wp-json\/wp\/v2\/tags?post=92416"}],"curies":[{"name":"wp","href":"https:\/\/api.w.org\/{rel}","templated":true}]}}