{"id":92418,"date":"2026-01-02T10:01:15","date_gmt":"2026-01-02T10:01:15","guid":{"rendered":"https:\/\/www.europesays.com\/lv\/92418\/"},"modified":"2026-01-02T10:01:15","modified_gmt":"2026-01-02T10:01:15","slug":"krievija-turpinas-hibridaktivitates-un-ietekmes-operacijas-eiropa","status":"publish","type":"post","link":"https:\/\/www.europesays.com\/lv\/92418\/","title":{"rendered":"Krievija turpin\u0101s hibr\u012bdaktivit\u0101tes un ietekmes oper\u0101cijas Eirop\u0101"},"content":{"rendered":"<p><a rel=\"noopener nofollow\" target=\"_blank\" href=\"https:\/\/www.delfi.lv\/temas\/35525519\/krievija\" tag-id=\"35525519\">Krievija<\/a> ar\u012b 2026. gad\u0101 pastiprin\u0101s hibr\u012bdaktivit\u0101tes un ietekmes oper\u0101cijas Eirop\u0101, pauda Austrumeiropas politikas p\u0113t\u012bjumu centra direktors un <a rel=\"noopener nofollow\" target=\"_blank\" href=\"https:\/\/www.delfi.lv\/temas\/43631727\/rigas-stradina-universitate\" tag-id=\"43631727\">R\u012bgas Stradi\u0146a universit\u0101tes<\/a> lektors M\u0101ris Cepur\u012btis.<\/p>\n<p>Vi\u0146\u0161 nor\u0101d\u012bja, ka 2026. gad\u0101 Krievijas diktatora Vladimira Putina re\u017e\u012bmam tie\u0161u draudu stabilit\u0101tei un notur\u012bbai neb\u016bs, vienlaikus palielin\u0101sies sankciju rad\u012btais ekonomiskais un soci\u0101lais spiediens, ko visvair\u0101k izjut\u012bs Krievijas sabiedr\u012bba un priv\u0101tais sektors.<\/p>\n<p>Cepur\u012btis nor\u0101d\u012bja, ka Krievijas re\u017e\u012bms ir b\u016btiski att\u0101lin\u0101jies no sabiedr\u012bbas un savu notur\u012bbu turpin\u0101s uztur\u0113t ar augstu represiju l\u012bmeni, tostarp pastiprinot cenz\u016bru un v\u0113r\u0161oties pret cit\u0101di dom\u0101jo\u0161ajiem. Vienlaikus Krievija cent\u012bsies maksim\u0101li nov\u0113rst jebk\u0101das izteiktas pret re\u017e\u012bmu v\u0113rstas opozicion\u0101ras aktivit\u0101tes gan valsts iek\u0161ien\u0113, gan \u0101rpus t\u0101s.<\/p>\n<p>Raksturojot Krievijas \u0101rpolitiskos m\u0113r\u0137us, Cepur\u012btis sac\u012bja, ka Maskavas prim\u0101rais m\u0113r\u0137is ir, izmantojot t\u0101 d\u0113v\u0113to miera sarunu procesu, sp\u0113l\u0113t uz ASV, cen\u0161oties atjaunot attiec\u012bbas k\u0101das t\u0101s bija pirms 2014. un 2022. gada vai veidot t\u0101s jaun\u0101 l\u012bmen\u012b ar kop\u012bgiem ekonomiskiem, tostarp ener\u0123\u0113tikas projektiem. Vienlaikus Krievija sarunu proces\u0101 cent\u012bsies pan\u0101kt ar\u012b da\u013cu no pras\u012bb\u0101m, kas tika izvirz\u012btas 2021. gada beig\u0101s, \u012bpa\u0161i attiec\u012bb\u0101 uz Ukrainu, ierobe\u017eojot t\u0101s suverenit\u0101ti, tostarp sp\u0113ju pievienoties <a rel=\"noopener nofollow\" target=\"_blank\" href=\"https:\/\/www.delfi.lv\/temas\/35481331\/nato\" tag-id=\"35481331\">NATO<\/a> un veidot citas dro\u0161\u012bbas alianses.<\/p>\n<p>Eksperts nor\u0101d\u012bja, ka Krievija m\u0113\u0123in\u0101s ietekm\u0113t ar\u012b dro\u0161\u012bbas vidi kaimi\u0146re\u0123ionos, veidojot apst\u0101k\u013cus, kas mazin\u0101tu kaimi\u0146valstu sp\u0113jas aizsarg\u0101ties gan pret tradicion\u0101lu milit\u0101ru apdraud\u0113jumu, gan pret hibr\u012bddraudiem, t\u0101d\u0113j\u0101di saglab\u0101jot iesp\u0113jas iejaukties \u0161o valstu iek\u0161politiskaj\u0101s un \u0101rpolitiskaj\u0101s izv\u0113l\u0113s.<\/p>\n<p>V\u0113rt\u0113jot 2026. gad\u0101 gaid\u0101m\u0101s v\u0113l\u0113\u0161anas vair\u0101k\u0101s Eiropas valst\u012bs, Cepur\u012btis sac\u012bja, ka Krievijas gatav\u012bba ietekm\u0113t v\u0113l\u0113\u0161anu procesus saglab\u0101sies. Vi\u0146\u0161 nor\u0101d\u012bja, ka Krievija cent\u012bsies izmantot gan jau iepriek\u0161 pielietotus instrumentus, gan mekl\u0113s jaunus. Papildus dezinform\u0101cijas un ietekmes aktivit\u0101t\u0113m Krievija, p\u0113c eksperta teikt\u0101, turpin\u0101s ar\u012b redzam\u0101kas, kin\u0113tisk\u0101ka rakstura darb\u012bbas, tostarp iesp\u0113jamos sabot\u0101\u017eas m\u0113\u0123in\u0101jumus, neidentific\u0113tu dronu p\u0101rlidojumus, k\u0101 ar\u012b milit\u0101ras demonstr\u0101cijas Baltijas j\u016br\u0101 no gaisa un j\u016bras ku\u0123iem, t\u0101d\u0113j\u0101di uzturot spiedienu uz Eiropas valst\u012bm.<\/p>\n<p>Cepur\u012btis skaidroja, ka ar \u0161\u0101d\u0101m darb\u012bb\u0101m Krievija cen\u0161as pan\u0101kt sev labv\u0113l\u012bg\u0101ku politiku, tostarp rad\u012bt strat\u0113\u0123iskas dilemmas Eiropas valst\u012bm, lai t\u0101s vair\u0101k koncentr\u0113tos uz savu dro\u0161\u012bbu un maz\u0101k resursu novirz\u012btu Ukrainas atbalstam. Vienlaikus \u0161\u0101di tiek test\u0113ta NATO un dal\u012bbvalstu reakcija, k\u0101 ar\u012b izdar\u012bts spiediens uz sabiedr\u012bb\u0101m, radot apdraud\u0113juma saj\u016btu un mudinot v\u0113rsties pie politiskajiem l\u0113mumu pie\u0146\u0113m\u0113jiem, proti, ja tie nevar aizst\u0101v\u0113t, tad iesp\u0113jamais risin\u0101jums ir sadarb\u012bba ar Krieviju.<\/p>\n<p>Run\u0101jot par iesp\u0113jamu milit\u0101ru konfliktu ar NATO, Cepur\u012btis uzsv\u0113ra, ka, kam\u0113r Krievija ir aiz\u0146emta kar\u0101 Ukrain\u0101, t\u0101s milit\u0101r\u0101s sp\u0113jas nav pietiekamas, lai vienlaikus st\u0101tos pret NATO sp\u0113kiem. Vi\u0146\u0161 nor\u0101d\u012bja, ka Krievija ir valsts, kas cen\u0161as izmantot da\u017e\u0101das iesp\u0113jas un ievainojam\u012bbas, kas palielina konflikta iesp\u0113jam\u012bbu, tostarp hibr\u012bddraudu form\u0101. P\u0113c eksperta paust\u0101, NATO \u0123ener\u0101lsekret\u0101ra Marka Rutes izteikumi par to, ka Eiropai j\u0101gatavojas pilna m\u0113roga bru\u0146otam konfliktam, k\u0101ds &#8220;nav pieredz\u0113ts kop\u0161 m\u016bsu vecvec\u0101ku un vec\u0101ku laikiem&#8221;, j\u0101skata mobiliz\u0113jo\u0161\u0101 kontekst\u0101, lai veicin\u0101tu NATO dal\u012bbvalstu ieguld\u012bjumus aizsardz\u012bb\u0101, \u0146emot v\u0113r\u0101 ASV iesaistes Eiropas dro\u0161\u012bb\u0101 mazin\u0101\u0161an\u0101s tendences.<\/p>\n<p>Cepur\u012btis nor\u0101d\u012bja, ka Krievijas un Putina varas elit\u0113 jau kop\u0161 Covid-19 pand\u0113mijas ir izveidojusies ierobe\u017eota inform\u0101cijas pl\u016bsma, jo aizvien \u0161aur\u0101kam pietuvin\u0101to personu lokam ir bijusi piek\u013cuve prezidentam. Vi\u0146\u0161 sac\u012bja, ka politiskaj\u0101 elit\u0113 domin\u0113 personas, kuras ir gatavas atbalst\u012bt Putinam v\u0113lamo skat\u012bjumu, kas jau iepriek\u0161 ir novedis pie k\u013c\u016bdainiem apr\u0113\u0137iniem, tostarp 2022. gada iebrukuma Ukrain\u0101. P\u0113c eksperta teikt\u0101, da\u017e\u0101di dienesti un instit\u016bcijas cen\u0161as pasniegt savas darb\u012bbas k\u0101 efekt\u012bvas, tai skait\u0101 hibr\u012bd\u0101s aktivit\u0101tes pret Eiropas valst\u012bm, kas var mazin\u0101t Putina motiv\u0101ciju \u0161\u0101das darb\u012bbas izbeigt un veicin\u0101t to intensific\u0113\u0161anu.<\/p>\n<p>Run\u0101jot par Putina motiv\u0101ciju, Cepur\u012btis sac\u012bja, ka to veido vair\u0101ki personiski apsv\u0113rumi, ta\u010du p\u0113d\u0113jos gados domin\u0113 v\u0113lme palikt v\u0113stur\u0113 k\u0101 vienam no Krievijas vai Padomju Savien\u012bbas l\u012bderiem, kur\u0161 \u013c\u0101vis valstij kaut ko sasniegt. Eksperts piebilda, ka \u0161aj\u0101 zi\u0146\u0101 iesp\u0113jamas paral\u0113les ar Josifa Sta\u013cina re\u017e\u012bma laiku, kad vara balst\u012bj\u0101s uz \u0161auru loj\u0101lu personu loku un represij\u0101m pret cit\u0101di dom\u0101jo\u0161ajiem.<\/p>\n<p class=\"m-0\">Seko &#8220;Delfi&#8221; ar\u012b  <a target=\"_blank\" href=\"https:\/\/www.instagram.com\/delfi.lv\/\" rel=\"nofollow noopener\">Instagram<\/a>  un <a target=\"_blank\" href=\"https:\/\/www.youtube.com\/channel\/UCw5foWtcJvAbUm64rv7jwUQ\" rel=\"nofollow noopener\">YouTube<\/a>  profil\u0101 \u2013 pievienojies, lai uzzin\u0101tu svar\u012bg\u0101ko un interesant\u0101ko pirmais!<\/p>\n<p>Publik\u0101cijas saturs vai t\u0101s jebk\u0101da apjoma da\u013ca ir aizsarg\u0101ts autorties\u012bbu objekts Autorties\u012bbu likuma izpratn\u0113, un t\u0101 izmanto\u0161ana bez izdev\u0113ja at\u013caujas ir aizliegta. Vair\u0101k lasi  <a target=\"_blank\" href=\"https:\/\/www.delfi.lv\/noteikumi#autortiesibas\" rel=\"nofollow noopener\">\u0161eit<\/a><script async src=\"\/\/www.instagram.com\/embed.js\"><\/script><\/p>\n","protected":false},"excerpt":{"rendered":"Krievija ar\u012b 2026. gad\u0101 pastiprin\u0101s hibr\u012bdaktivit\u0101tes un ietekmes oper\u0101cijas Eirop\u0101, pauda Austrumeiropas politikas p\u0113t\u012bjumu centra direktors un R\u012bgas&hellip;\n","protected":false},"author":2,"featured_media":92419,"comment_status":"","ping_status":"","sticky":false,"template":"","format":"standard","meta":{"footnotes":""},"categories":[5],"tags":[23,28,29,32,33,22,234,74,30,31,35,39,38,36,37,34,40,71,20,26,27,2245,24,25,235,21],"class_list":{"0":"post-92418","1":"post","2":"type-post","3":"status-publish","4":"format-standard","5":"has-post-thumbnail","7":"category-aktualitates","8":"tag-aktualitates","9":"tag-breaking-news","10":"tag-breakingnews","11":"tag-featured-news","12":"tag-featurednews","13":"tag-headlines","14":"tag-krievija","15":"tag-krievijas-iebrukums-ukraina","16":"tag-latest-news","17":"tag-latestnews","18":"tag-latvia","19":"tag-latvian","20":"tag-latviesu","21":"tag-latviesu-valoda","22":"tag-latviesuvaloda","23":"tag-latvija","24":"tag-lv","25":"tag-nato","26":"tag-news","27":"tag-popularakas-zinas","28":"tag-popularakaszinas","29":"tag-rigas-stradina-universitate","30":"tag-top-stories","31":"tag-topstories","32":"tag-vladimirs-putins","33":"tag-zinas"},"share_on_mastodon":{"url":"https:\/\/pubeurope.com\/@lv\/115824930614514966","error":""},"_links":{"self":[{"href":"https:\/\/www.europesays.com\/lv\/wp-json\/wp\/v2\/posts\/92418","targetHints":{"allow":["GET"]}}],"collection":[{"href":"https:\/\/www.europesays.com\/lv\/wp-json\/wp\/v2\/posts"}],"about":[{"href":"https:\/\/www.europesays.com\/lv\/wp-json\/wp\/v2\/types\/post"}],"author":[{"embeddable":true,"href":"https:\/\/www.europesays.com\/lv\/wp-json\/wp\/v2\/users\/2"}],"replies":[{"embeddable":true,"href":"https:\/\/www.europesays.com\/lv\/wp-json\/wp\/v2\/comments?post=92418"}],"version-history":[{"count":0,"href":"https:\/\/www.europesays.com\/lv\/wp-json\/wp\/v2\/posts\/92418\/revisions"}],"wp:featuredmedia":[{"embeddable":true,"href":"https:\/\/www.europesays.com\/lv\/wp-json\/wp\/v2\/media\/92419"}],"wp:attachment":[{"href":"https:\/\/www.europesays.com\/lv\/wp-json\/wp\/v2\/media?parent=92418"}],"wp:term":[{"taxonomy":"category","embeddable":true,"href":"https:\/\/www.europesays.com\/lv\/wp-json\/wp\/v2\/categories?post=92418"},{"taxonomy":"post_tag","embeddable":true,"href":"https:\/\/www.europesays.com\/lv\/wp-json\/wp\/v2\/tags?post=92418"}],"curies":[{"name":"wp","href":"https:\/\/api.w.org\/{rel}","templated":true}]}}