{"id":92424,"date":"2026-01-02T10:05:22","date_gmt":"2026-01-02T10:05:22","guid":{"rendered":"https:\/\/www.europesays.com\/lv\/92424\/"},"modified":"2026-01-02T10:05:22","modified_gmt":"2026-01-02T10:05:22","slug":"irana-protesti-pret-ekonomisko-situaciju-izplatas-arpus-pilsetam-vismaz-tris-bojagajusie-lente-lv","status":"publish","type":"post","link":"https:\/\/www.europesays.com\/lv\/92424\/","title":{"rendered":"Ir\u0101n\u0101 protesti pret ekonomisko situ\u0101ciju izplat\u0101s \u0101rpus pils\u0113t\u0101m, vismaz tr\u012bs boj\u0101g\u0101ju\u0161ie\u00a0\u2014\u00a0Lente.lv"},"content":{"rendered":"<p>Protesti pret ekonomiskajiem satricin\u0101jumiem<\/p>\n<p>Vismaz tr\u012bs cilv\u0113ki g\u0101ju\u0161i boj\u0101 pla\u0161\u0101kos protestos pret Ir\u0101nas pasliktin\u0101to ekonomisko situ\u0101ciju. Demonstr\u0101cijas izplat\u012bju\u0161\u0101s \u0101rpus lielaj\u0101m pils\u0113t\u0101m un sasniegu\u0161as lauku provinces, zi\u0146o varasiest\u0101des. Boj\u0101g\u0101j\u0161o skaits var\u0113tu signaliz\u0113t par stingr\u0101ku varasiest\u0101\u017eu reakciju uz demonstr\u0101cij\u0101m, kas ir mazin\u0101ju\u0161\u0101s galvaspils\u0113t\u0101 Teher\u0101n\u0101, bet turpin\u0101s citviet. K\u0101 inform\u0113 telekan\u0101ls EuroNews, boj\u0101g\u0101ju\u0161ie \u2013 viens tre\u0161dien un divi ceturtdien \u2013 tika re\u0123istr\u0113ti div\u0101s pils\u0113t\u0101s, kur\u0101s galvenok\u0101rt m\u012bt Ir\u0101nas Luru etnisk\u0101 grupa.<\/p>\n<p>Protesti ir k\u013cuvu\u0161i par liel\u0101kajiem Ir\u0101n\u0101 kop\u0161 2022. gada, kad 22 gadus vec\u0101s Mahsas Amini n\u0101ve policijas aiztur\u0113\u0161an\u0101 izrais\u012bja nacion\u0101las demonstr\u0101cijas. Tom\u0113r pa\u0161reiz\u0113j\u0101s demonstr\u0101cijas nav aptv\u0113ru\u0161as visu valsti un nav biju\u0161as tik intens\u012bvas k\u0101 t\u0101s, kas saist\u012btas ar Amini n\u0101vi. Vi\u0146a tika aiztur\u0113ta par, k\u0101 apgalvots, nepareizu hid\u017eaba valk\u0101\u0161anu.<\/p>\n<p>Spriedze L\u016brd\u0113g\u0101n\u0101 un citviet<\/p>\n<p>L\u016brd\u0113g\u0101n\u0101, pils\u0113t\u0101 \u010cah\u0101rmah\u0101las un Bahtij\u0101r\u012b provinc\u0113, publiskotajos videoierakstos redzami demonstranti iel\u0101s, fona ska\u0146\u0101 dzirdama ap\u0161audes. Kadrus, kas atbilst L\u016brd\u0113g\u0101nas paz\u012bstamaj\u0101m iez\u012bm\u0113m, kas atrodas aptuveni 470 kilometrus uz dienvidiem no Teher\u0101nas, apstiprin\u0101ju\u0161i vair\u0101ki avoti. Pusofici\u0101l\u0101 zi\u0146u a\u0123ent\u016bra Fars, atsaucoties uz anon\u012bmu amatpersonu, zi\u0146oja, ka ceturtdien protestu laik\u0101 dz\u012bv\u012bbu zaud\u0113ju\u0161i divi cilv\u0113ki. Cilv\u0113kties\u012bbu organiz\u0101cija Abdorrahman Boroumand Center for Human Rights in Iran, kas atrodas ASV, apstiprin\u0101jusi divu cilv\u0113ku boj\u0101eju tur, identific\u0113jot vi\u0146us k\u0101 demonstrantus. T\u0101 ar\u012b public\u0113ja att\u0113lu, kur\u0101 redzams Ir\u0101nas policists bru\u0146ucepur\u0113 un ar bisi rok\u0101s.<\/p>\n<p>2019. gad\u0101 ap L\u016brd\u0113g\u0101nu notika pla\u0161i protesti, kuru laik\u0101 demonstranti, p\u0113c zi\u0146ojumiem, boj\u0101ja vald\u012bbas \u0113kas p\u0113c tam, kad tika sa\u0146emta inform\u0101cija par viet\u0113jo iedz\u012bvot\u0101ju infic\u0113\u0161anos ar HIV pies\u0101r\u0146otu adatu lieto\u0161anas d\u0113\u013c viet\u0113j\u0101 kl\u012bnik\u0101.<\/p>\n<p>Infl\u0101cija un val\u016btas kritums k\u0101 protestu c\u0113lonis<\/p>\n<p>Atsevi\u0161\u0137\u0101 demonstr\u0101cij\u0101 tre\u0161dienas vakar\u0101 boj\u0101 g\u0101ja 21 gadu vecs br\u012bvpr\u0101t\u012bgais Revolucion\u0101r\u0101s gvardes (IRGC) Basid\u017eu sp\u0113kos. Valsts zi\u0146u a\u0123ent\u016bra IRNA zi\u0146oja par IRGC locek\u013ca n\u0101vi, bet nepreciz\u0113ja apst\u0101k\u013cus. Student News Network, kas tiek uzskat\u012bta par tuvu Basid\u017eu sp\u0113kiem, tie\u0161i aps\u016bdz\u0113ja demonstrantus \u0161aj\u0101 n\u0101v\u0113, atsaucoties uz Ir\u0101nas Lorest\u0101nas provinces vicem\u0113ra Saeeda Pourali teikto. Vi\u0146\u0161 piebilda, ka v\u0113l 13 Basid\u017eu locek\u013ci un policisti guvu\u0161i ievainojumus.<\/p>\n<blockquote>\n<p>\u201eProtesti ir radu\u0161ies ekonomisk\u0101 spiediena, infl\u0101cijas un val\u016btas sv\u0101rst\u012bbu d\u0113\u013c, un tie ir izpausme ba\u017e\u0101m par iztiku,\u201d sac\u012bja Pourali. \u201ePilso\u0146u bals\u012bm j\u0101b\u016bt uzman\u012bgi un taktiski uzklaus\u012bt\u0101m, ta\u010du cilv\u0113kiem nedr\u012bkst \u013caut savas pras\u012bbas izmantot pe\u013c\u0146as nol\u016bkos.\u201d<\/p>\n<\/blockquote>\n<p>Prezidenta sol\u012bjumi un realit\u0101te<\/p>\n<p>Ir\u0101nas civil\u0101 vald\u012bba prezidenta Masouda Pezeshkiana vad\u012bb\u0101 cen\u0161as signaliz\u0113t gatav\u012bbu risin\u0101t sarunas ar protest\u0113t\u0101jiem. Tom\u0113r Pezeshkians ir atzinis, ka vi\u0146\u0161 maz ko var dar\u012bt, jo Ir\u0101nas ri\u0101la val\u016bta ir strauji zaud\u0113jusi v\u0113rt\u012bbu, un viens ASV dol\u0101rs tiek tirgots par aptuveni 1,4 miljoniem ri\u0101lu. Valsts telev\u012bzija atsevi\u0161\u0137i zi\u0146oja par septi\u0146u cilv\u0113ku aiztur\u0113\u0161anu, tostarp pieciem, kas raksturoti k\u0101 monarhisti, un diviem, kas, k\u0101 apgalvots, biju\u0161i saist\u012bti ar Eirop\u0101 b\u0101z\u0113t\u0101m grup\u0101m. V\u0113l vien\u0101 oper\u0101cij\u0101 dro\u0161\u012bbas sp\u0113ki konfisc\u0113ju\u0161i 100 iero\u010dus.<\/p>\n<p>Ir\u0101nas teokr\u0101tiskais re\u017e\u012bms bija noteicis tre\u0161dienu par br\u012bvu dienu vis\u0101 valst\u012b, atsaucoties uz aukstajiem laikapst\u0101k\u013ciem, iesp\u0113jams, ar m\u0113r\u0137i pan\u0101kt, lai cilv\u0113ki izvair\u012btos no galvaspils\u0113tas garaj\u0101s br\u012bvdien\u0101s. Ekonomisk\u0101s probl\u0113mas ir izrais\u012bju\u0161as demonstr\u0101cijas, kuru laik\u0101 da\u017ei protest\u0113t\u0101ji skand\u0113ju\u0161i sauk\u013cus pret Ir\u0101nas vad\u012bbu.<\/p>\n","protected":false},"excerpt":{"rendered":"Protesti pret ekonomiskajiem satricin\u0101jumiem Vismaz tr\u012bs cilv\u0113ki g\u0101ju\u0161i boj\u0101 pla\u0161\u0101kos protestos pret Ir\u0101nas pasliktin\u0101to ekonomisko situ\u0101ciju. Demonstr\u0101cijas izplat\u012bju\u0161\u0101s&hellip;\n","protected":false},"author":2,"featured_media":92425,"comment_status":"","ping_status":"","sticky":false,"template":"","format":"standard","meta":{"footnotes":""},"categories":[14],"tags":[23,57,28,29,142,47,32,33,22,550,2562,30,31,35,39,38,36,37,34,40,20,26,27,4204,24,25,54,55,56,21,58],"class_list":{"0":"post-92424","1":"post","2":"type-post","3":"status-publish","4":"format-standard","5":"has-post-thumbnail","7":"category-zinas-no-arvalstim","8":"tag-aktualitates","9":"tag-arvalstim","10":"tag-breaking-news","11":"tag-breakingnews","12":"tag-cilvektiesibas","13":"tag-ekonomika","14":"tag-featured-news","15":"tag-featurednews","16":"tag-headlines","17":"tag-inflacija","18":"tag-irana","19":"tag-latest-news","20":"tag-latestnews","21":"tag-latvia","22":"tag-latvian","23":"tag-latviesu","24":"tag-latviesu-valoda","25":"tag-latviesuvaloda","26":"tag-latvija","27":"tag-lv","28":"tag-news","29":"tag-popularakas-zinas","30":"tag-popularakaszinas","31":"tag-protesti","32":"tag-top-stories","33":"tag-topstories","34":"tag-world","35":"tag-world-news","36":"tag-worldnews","37":"tag-zinas","38":"tag-zinas-no-arvalstim"},"share_on_mastodon":{"url":"https:\/\/pubeurope.com\/@lv\/115824946262061987","error":""},"_links":{"self":[{"href":"https:\/\/www.europesays.com\/lv\/wp-json\/wp\/v2\/posts\/92424","targetHints":{"allow":["GET"]}}],"collection":[{"href":"https:\/\/www.europesays.com\/lv\/wp-json\/wp\/v2\/posts"}],"about":[{"href":"https:\/\/www.europesays.com\/lv\/wp-json\/wp\/v2\/types\/post"}],"author":[{"embeddable":true,"href":"https:\/\/www.europesays.com\/lv\/wp-json\/wp\/v2\/users\/2"}],"replies":[{"embeddable":true,"href":"https:\/\/www.europesays.com\/lv\/wp-json\/wp\/v2\/comments?post=92424"}],"version-history":[{"count":0,"href":"https:\/\/www.europesays.com\/lv\/wp-json\/wp\/v2\/posts\/92424\/revisions"}],"wp:featuredmedia":[{"embeddable":true,"href":"https:\/\/www.europesays.com\/lv\/wp-json\/wp\/v2\/media\/92425"}],"wp:attachment":[{"href":"https:\/\/www.europesays.com\/lv\/wp-json\/wp\/v2\/media?parent=92424"}],"wp:term":[{"taxonomy":"category","embeddable":true,"href":"https:\/\/www.europesays.com\/lv\/wp-json\/wp\/v2\/categories?post=92424"},{"taxonomy":"post_tag","embeddable":true,"href":"https:\/\/www.europesays.com\/lv\/wp-json\/wp\/v2\/tags?post=92424"}],"curies":[{"name":"wp","href":"https:\/\/api.w.org\/{rel}","templated":true}]}}