{"id":92460,"date":"2026-01-02T10:42:08","date_gmt":"2026-01-02T10:42:08","guid":{"rendered":"https:\/\/www.europesays.com\/lv\/92460\/"},"modified":"2026-01-02T10:42:08","modified_gmt":"2026-01-02T10:42:08","slug":"dzordzs-klunijs-un-tramps-apmainas-ar-asumiem-pec-aktierim-pieskirtas-francijas-pilsonibas","status":"publish","type":"post","link":"https:\/\/www.europesays.com\/lv\/92460\/","title":{"rendered":"D\u017eord\u017es Kl\u016bnijs un Tramps apmain\u0101s ar asumiem p\u0113c aktierim pie\u0161\u0137irt\u0101s Francijas pilson\u012bbas"},"content":{"rendered":"<p><a rel=\"noopener nofollow\" target=\"_blank\" href=\"https:\/\/www.delfi.lv\/temas\/44184219\/holivuda\" tag-id=\"44184219\">Holivudas<\/a> aktieris <a rel=\"noopener nofollow\" target=\"_blank\" href=\"https:\/\/www.delfi.lv\/temas\/40363143\/dzordzs-klunijs\" tag-id=\"40363143\">D\u017eord\u017es Kl\u016bnijs<\/a> atbild\u0113jis <a rel=\"noopener nofollow\" target=\"_blank\" href=\"https:\/\/www.delfi.lv\/temas\/42596146\/asv\" tag-id=\"42596146\">ASV<\/a> prezidentam Donaldam Trampam p\u0113c tam, kad vi\u0146\u0161 publiski kritiz\u0113ja <a rel=\"noopener nofollow\" target=\"_blank\" href=\"https:\/\/www.delfi.lv\/temas\/36204770\/francija\" tag-id=\"36204770\">Francijas<\/a> l\u0113mumu pie\u0161\u0137irt Kl\u016bnijam un vi\u0146a \u0123imenei Francijas pilson\u012bbu. 64 gadus vecais &#8220;Oskara&#8221; laure\u0101ts, vi\u0146a sieva Amala Kl\u016bnija un vi\u0146u divi b\u0113rni par Francijas pilso\u0146iem k\u013cuva decembr\u012b, p\u0113c tam, kad vair\u0101kus gadus nodz\u012bvoju\u0161i \u012bpa\u0161um\u0101 Francijas dienvidos, v\u0113sta &#8220;The Guardian&#8221;.<\/p>\n<p class=\"MsoNormal\">Kl\u016bnijs vienlaikus atzinis, ka vi\u0146a fran\u010du valoda joproj\u0101m ir v\u0101ja. &#8220;Man pat\u012bk fran\u010du kult\u016bra, j\u016bsu valoda, pat ja es joproj\u0101m esmu slikts taj\u0101 p\u0113c 400 dienu kursiem,&#8221; vi\u0146\u0161 decembr\u012b sac\u012bja RTL radio, kam\u0113r vi\u0146a sieva, starptautisko cilv\u0113kties\u012bbu juriste un Lielbrit\u0101nijas un Lib\u0101nas pilsone, fran\u010du valodu p\u0101rvalda br\u012bvi. Aktieris 2021. gad\u0101 ieg\u0101d\u0101j\u0101s Domaine du Canadel \u2013 biju\u0161o v\u012bna mui\u017eu net\u0101lu no Provansas pils\u0113tas Brinjolas \u2013, nor\u0101dot, ka tie\u0161i tur vi\u0146a \u0123imene j\u016btas vislaim\u012bg\u0101k.<\/p>\n<p class=\"m-0\">Seko &#8220;Delfi&#8221; ar\u012b  <a target=\"_blank\" href=\"https:\/\/www.instagram.com\/delfi.lv\/\" rel=\"nofollow noopener\">Instagram<\/a>  un <a target=\"_blank\" href=\"https:\/\/www.youtube.com\/channel\/UCw5foWtcJvAbUm64rv7jwUQ\" rel=\"nofollow noopener\">YouTube<\/a>  profil\u0101 \u2013 pievienojies, lai uzzin\u0101tu svar\u012bg\u0101ko un interesant\u0101ko pirmais!<\/p>\n<p>Publik\u0101cijas saturs vai t\u0101s jebk\u0101da apjoma da\u013ca ir aizsarg\u0101ts autorties\u012bbu objekts Autorties\u012bbu likuma izpratn\u0113, un t\u0101 izmanto\u0161ana bez izdev\u0113ja at\u013caujas ir aizliegta. Vair\u0101k lasi  <a target=\"_blank\" href=\"https:\/\/www.delfi.lv\/noteikumi#autortiesibas\" rel=\"nofollow noopener\">\u0161eit<\/a><script async src=\"\/\/www.instagram.com\/embed.js\"><\/script><\/p>\n","protected":false},"excerpt":{"rendered":"Holivudas aktieris D\u017eord\u017es Kl\u016bnijs atbild\u0113jis ASV prezidentam Donaldam Trampam p\u0113c tam, kad vi\u0146\u0161 publiski kritiz\u0113ja Francijas l\u0113mumu pie\u0161\u0137irt&hellip;\n","protected":false},"author":2,"featured_media":92461,"comment_status":"","ping_status":"","sticky":false,"template":"","format":"standard","meta":{"footnotes":""},"categories":[14],"tags":[23,57,292,14583,28,29,542,10087,32,33,1309,22,1105,23202,23203,30,31,35,39,38,36,37,34,40,20,26,27,24,25,54,55,56,21,58],"class_list":{"0":"post-92460","1":"post","2":"type-post","3":"status-publish","4":"format-standard","5":"has-post-thumbnail","7":"category-zinas-no-arvalstim","8":"tag-aktualitates","9":"tag-arvalstim","10":"tag-asv","11":"tag-asv-kongress","12":"tag-breaking-news","13":"tag-breakingnews","14":"tag-donalds-tramps","15":"tag-dzordzs-klunijs","16":"tag-featured-news","17":"tag-featurednews","18":"tag-francija","19":"tag-headlines","20":"tag-holivuda","21":"tag-holivuda-zinas","22":"tag-holivudas-zinas","23":"tag-latest-news","24":"tag-latestnews","25":"tag-latvia","26":"tag-latvian","27":"tag-latviesu","28":"tag-latviesu-valoda","29":"tag-latviesuvaloda","30":"tag-latvija","31":"tag-lv","32":"tag-news","33":"tag-popularakas-zinas","34":"tag-popularakaszinas","35":"tag-top-stories","36":"tag-topstories","37":"tag-world","38":"tag-world-news","39":"tag-worldnews","40":"tag-zinas","41":"tag-zinas-no-arvalstim"},"share_on_mastodon":{"url":"","error":"Validation failed: Text character limit of 500 exceeded"},"_links":{"self":[{"href":"https:\/\/www.europesays.com\/lv\/wp-json\/wp\/v2\/posts\/92460","targetHints":{"allow":["GET"]}}],"collection":[{"href":"https:\/\/www.europesays.com\/lv\/wp-json\/wp\/v2\/posts"}],"about":[{"href":"https:\/\/www.europesays.com\/lv\/wp-json\/wp\/v2\/types\/post"}],"author":[{"embeddable":true,"href":"https:\/\/www.europesays.com\/lv\/wp-json\/wp\/v2\/users\/2"}],"replies":[{"embeddable":true,"href":"https:\/\/www.europesays.com\/lv\/wp-json\/wp\/v2\/comments?post=92460"}],"version-history":[{"count":0,"href":"https:\/\/www.europesays.com\/lv\/wp-json\/wp\/v2\/posts\/92460\/revisions"}],"wp:featuredmedia":[{"embeddable":true,"href":"https:\/\/www.europesays.com\/lv\/wp-json\/wp\/v2\/media\/92461"}],"wp:attachment":[{"href":"https:\/\/www.europesays.com\/lv\/wp-json\/wp\/v2\/media?parent=92460"}],"wp:term":[{"taxonomy":"category","embeddable":true,"href":"https:\/\/www.europesays.com\/lv\/wp-json\/wp\/v2\/categories?post=92460"},{"taxonomy":"post_tag","embeddable":true,"href":"https:\/\/www.europesays.com\/lv\/wp-json\/wp\/v2\/tags?post=92460"}],"curies":[{"name":"wp","href":"https:\/\/api.w.org\/{rel}","templated":true}]}}