{"id":92462,"date":"2026-01-02T10:44:10","date_gmt":"2026-01-02T10:44:10","guid":{"rendered":"https:\/\/www.europesays.com\/lv\/92462\/"},"modified":"2026-01-02T10:44:10","modified_gmt":"2026-01-02T10:44:10","slug":"laime-ievas-sutugovas-gimene-pasaule-nakusi-meitina-santa","status":"publish","type":"post","link":"https:\/\/www.europesays.com\/lv\/92462\/","title":{"rendered":"Laime Ievas Sutugovas \u0123imen\u0113 \u2013 pasaul\u0113 n\u0101kusi meiti\u0146a \u2014 Santa"},"content":{"rendered":"<p>K\u0101 v\u0113sta dzied\u0101t\u0101ja, Ziemassv\u0113tkos vi\u0146a sagaid\u012bjusi piedzimstam meitu, kurai dots skaistais Rotas v\u0101rds. M\u0101ksliniece zi\u0146u par jaundzimu\u0161o pavada ar dzejnieka J\u0101\u0146a Petera v\u0101rsmu, ko Ieva dzied\u0101ja Petera piemi\u0146as koncert\u0101 p\u0113rn ruden\u012b.\u00a0<\/p>\n<p>\u00a0<\/p>\n<p>Maz\u0101 Rota ir Ievas otrais mazulis.\u00a0Vi\u0146a jau ir mamma d\u0113lam Austrim, kur\u0161 n\u0101ca\u00a0pasaul\u0113 attiec\u012bb\u0101s ar m\u016bzi\u0137i\u00a0J\u0101ni Milti\u0146u. P\u0101ra pirmdzimtais pasaul\u0113 n\u0101ca gadus tr\u012bs p\u0113c tam, kad Ieva un J\u0101nis bija ofici\u0101li \u0161\u0137\u012bru\u0161i savu \u010detrus gadus ilgu\u0161o laul\u012bbu, tom\u0113r abi atrada ce\u013cu atpaka\u013c viens pie otra. Vair\u0101k par Ievas un J\u0101\u0146a m\u012blasst\u0101stu lasi \u0161eit:<\/p>\n<p>    <img decoding=\"async\" src=\"https:\/\/www.santa.lv\/assets\/logo\/santa-plus-logo.svg\" alt=\"Santa+\" class=\"thumbnail__splus no-convert\"\/><img decoding=\"async\" class=\"no-convert\" alt=\"\" data-init=\"lazy-image\" src=\"https:\/\/www.europesays.com\/lv\/wp-content\/uploads\/2026\/01\/cc4619ceb274.jpg\"\/><a target=\"_self\" href=\"https:\/\/www.santa.lv\/plus\/raksts\/mansmazais\/dziedataja-ieva-sutugova-lidz-ar-berna-piedzimsanu-augusi-mana-produktivitate-66763\/\" aria-label=\"Dzied\u0101t\u0101ja Ieva Sutugova: L\u012bdz ar b\u0113rna piedzim\u0161anu augusi mana produktivit\u0101te\" rel=\"nofollow noopener\"><a class=\"thumbnail__title\" target=\"_self\" href=\"https:\/\/www.santa.lv\/plus\/raksts\/mansmazais\/dziedataja-ieva-sutugova-lidz-ar-berna-piedzimsanu-augusi-mana-produktivitate-66763\/\" aria-label=\"Dzied\u0101t\u0101ja Ieva Sutugova: L\u012bdz ar b\u0113rna piedzim\u0161anu augusi mana produktivit\u0101te\" rel=\"nofollow noopener\">Dzied\u0101t\u0101ja Ieva Sutugova: L\u012bdz ar b\u0113rna piedzim\u0161anu augusi mana produktivit\u0101te <\/a><\/p>\n","protected":false},"excerpt":{"rendered":"K\u0101 v\u0113sta dzied\u0101t\u0101ja, Ziemassv\u0113tkos vi\u0146a sagaid\u012bjusi piedzimstam meitu, kurai dots skaistais Rotas v\u0101rds. M\u0101ksliniece zi\u0146u par jaundzimu\u0161o pavada&hellip;\n","protected":false},"author":2,"featured_media":92463,"comment_status":"","ping_status":"","sticky":false,"template":"","format":"standard","meta":{"footnotes":""},"categories":[5],"tags":[23,28,29,32,33,22,30,31,35,39,38,36,37,34,40,20,26,27,24,25,21],"class_list":{"0":"post-92462","1":"post","2":"type-post","3":"status-publish","4":"format-standard","5":"has-post-thumbnail","7":"category-aktualitates","8":"tag-aktualitates","9":"tag-breaking-news","10":"tag-breakingnews","11":"tag-featured-news","12":"tag-featurednews","13":"tag-headlines","14":"tag-latest-news","15":"tag-latestnews","16":"tag-latvia","17":"tag-latvian","18":"tag-latviesu","19":"tag-latviesu-valoda","20":"tag-latviesuvaloda","21":"tag-latvija","22":"tag-lv","23":"tag-news","24":"tag-popularakas-zinas","25":"tag-popularakaszinas","26":"tag-top-stories","27":"tag-topstories","28":"tag-zinas"},"share_on_mastodon":{"url":"https:\/\/pubeurope.com\/@lv\/115825099591726457","error":""},"_links":{"self":[{"href":"https:\/\/www.europesays.com\/lv\/wp-json\/wp\/v2\/posts\/92462","targetHints":{"allow":["GET"]}}],"collection":[{"href":"https:\/\/www.europesays.com\/lv\/wp-json\/wp\/v2\/posts"}],"about":[{"href":"https:\/\/www.europesays.com\/lv\/wp-json\/wp\/v2\/types\/post"}],"author":[{"embeddable":true,"href":"https:\/\/www.europesays.com\/lv\/wp-json\/wp\/v2\/users\/2"}],"replies":[{"embeddable":true,"href":"https:\/\/www.europesays.com\/lv\/wp-json\/wp\/v2\/comments?post=92462"}],"version-history":[{"count":0,"href":"https:\/\/www.europesays.com\/lv\/wp-json\/wp\/v2\/posts\/92462\/revisions"}],"wp:featuredmedia":[{"embeddable":true,"href":"https:\/\/www.europesays.com\/lv\/wp-json\/wp\/v2\/media\/92463"}],"wp:attachment":[{"href":"https:\/\/www.europesays.com\/lv\/wp-json\/wp\/v2\/media?parent=92462"}],"wp:term":[{"taxonomy":"category","embeddable":true,"href":"https:\/\/www.europesays.com\/lv\/wp-json\/wp\/v2\/categories?post=92462"},{"taxonomy":"post_tag","embeddable":true,"href":"https:\/\/www.europesays.com\/lv\/wp-json\/wp\/v2\/tags?post=92462"}],"curies":[{"name":"wp","href":"https:\/\/api.w.org\/{rel}","templated":true}]}}